{"id":45319,"date":"2021-12-30T21:09:03","date_gmt":"2021-12-31T00:09:03","guid":{"rendered":"https:\/\/vocesparalelas.com.ar\/sitio\/?p=45319"},"modified":"2022-01-02T21:06:59","modified_gmt":"2022-01-03T00:06:59","slug":"la-tarifa-por-los-servicios-de-agua-y-o-cloaca-se-actualizan-a-partir-de-2022-en-san-juan","status":"publish","type":"post","link":"https:\/\/vocesparalelas.com.ar\/sitio\/la-tarifa-por-los-servicios-de-agua-y-o-cloaca-se-actualizan-a-partir-de-2022-en-san-juan\/","title":{"rendered":"La tarifa por los servicios de agua y\/o cloaca se actualizan a partir de 2022 en San Juan"},"content":{"rendered":"<p>Obras Sanitarias de San Juan informa a todos sus usuarios que a partir del 2022, la tarifa por los servicios de agua y\/o cloaca tendr\u00e1 un incremento expresado en el cuadro a continuaci\u00f3n detallado con sus diversas categor\u00edas de facturaci\u00f3n:<\/p>\n<table>\n<tbody>\n<tr>\n<td><strong>C\u00f3digo de Servicio<\/strong><\/td>\n<td><strong>Concepto<\/strong><\/td>\n<td><strong>TARIFA 2022<\/strong><\/p>\n<p><strong>Monto en pesos. con IVA Incluido<\/strong><\/td>\n<\/tr>\n<tr>\n<td>01<\/td>\n<td>Edificaci\u00f3n Agua<\/td>\n<td>947,10<\/td>\n<\/tr>\n<tr>\n<td>02<\/td>\n<td>Edificaci\u00f3n Cloaca<\/td>\n<td>777,15<\/td>\n<\/tr>\n<tr>\n<td>05<\/td>\n<td>Edificaci\u00f3n Agua y Cloaca<\/td>\n<td>1.724,25<\/td>\n<\/tr>\n<tr>\n<td>01<\/td>\n<td>Beneficio Red Agua<\/td>\n<td>452,10<\/td>\n<\/tr>\n<tr>\n<td>05<\/td>\n<td>Beneficio Red Agua y Cloaca<\/td>\n<td>788,70<\/td>\n<\/tr>\n<tr>\n<td>01<\/td>\n<td>Beneficio Jubilados Agua<\/td>\n<td>662,98<\/td>\n<\/tr>\n<tr>\n<td>05<\/td>\n<td>Beneficio Jubilados Agua y Cloaca<\/td>\n<td>1.206,98<\/td>\n<\/tr>\n<\/tbody>\n<\/table>\n<p><em>Los c\u00f3digos expresados en la tabla son los m\u00e1s representativos del total de las cuentas que posee OSSE.<\/em><\/p>\n<p>Una familia que cuenta con el suministro de agua potable abonar\u00e1 por d\u00eda $31,57. Si solo tiene servicio cloacal, por d\u00eda tendr\u00e1 un costo de casi $25 por d\u00eda. El domicilio que cuenta con ambos servicios pagar\u00e1 $55,60 por d\u00eda.<\/p>\n<p>Adem\u00e1s, la empresa ofrece Planes Especiales tales como RED (R\u00e9gimen Diferencial) y Jubilados-Pensionados, con tarifas diferenciales.<\/p>\n<p>La nueva facturaci\u00f3n se ver\u00e1 reflejada a partir del 2022. Durante el a\u00f1o 2021, la \u00fanica actualizaci\u00f3n de tarifa fue en abril, inclusive despu\u00e9s de 20 meses de tarifa congelada por crisis de pandemia.<\/p>\n<p>A\u00fan con la presente actualizaci\u00f3n, y con el fin de no trasladar el porcentaje total al usuario, el Gobierno provincial seguir\u00e1 subsidiando parte de del servicio.<\/p>\n<p>OSSE junto con Gobierno de la Provincia de San Juan solicita a la poblaci\u00f3n un uso responsable del agua potable. Estamos atravesando un importante periodo de sequ\u00eda y es esencial el compromiso de cada ciudadano en el cuidado del vital elemento.<\/p>\n","protected":false},"excerpt":{"rendered":"<p>Obras Sanitarias de San Juan informa a todos sus usuarios que a partir del 2022, la tarifa por los servicios<\/p>\n","protected":false},"author":3,"featured_media":45321,"comment_status":"closed","ping_status":"closed","sticky":false,"template":"","format":"standard","meta":{"_acf_changed":false,"_seopress_robots_primary_cat":"none","_seopress_titles_title":"","_seopress_titles_desc":"","_seopress_robots_index":"","colormag_page_container_layout":"default_layout","colormag_page_sidebar_layout":"default_layout","footnotes":""},"categories":[6],"tags":[],"class_list":["post-45319","post","type-post","status-publish","format-standard","has-post-thumbnail","hentry","category-eventos"],"acf":[],"_links":{"self":[{"href":"https:\/\/vocesparalelas.com.ar\/sitio\/wp-json\/wp\/v2\/posts\/45319","targetHints":{"allow":["GET"]}}],"collection":[{"href":"https:\/\/vocesparalelas.com.ar\/sitio\/wp-json\/wp\/v2\/posts"}],"about":[{"href":"https:\/\/vocesparalelas.com.ar\/sitio\/wp-json\/wp\/v2\/types\/post"}],"author":[{"embeddable":true,"href":"https:\/\/vocesparalelas.com.ar\/sitio\/wp-json\/wp\/v2\/users\/3"}],"replies":[{"embeddable":true,"href":"https:\/\/vocesparalelas.com.ar\/sitio\/wp-json\/wp\/v2\/comments?post=45319"}],"version-history":[{"count":1,"href":"https:\/\/vocesparalelas.com.ar\/sitio\/wp-json\/wp\/v2\/posts\/45319\/revisions"}],"predecessor-version":[{"id":45322,"href":"https:\/\/vocesparalelas.com.ar\/sitio\/wp-json\/wp\/v2\/posts\/45319\/revisions\/45322"}],"wp:featuredmedia":[{"embeddable":true,"href":"https:\/\/vocesparalelas.com.ar\/sitio\/wp-json\/wp\/v2\/media\/45321"}],"wp:attachment":[{"href":"https:\/\/vocesparalelas.com.ar\/sitio\/wp-json\/wp\/v2\/media?parent=45319"}],"wp:term":[{"taxonomy":"category","embeddable":true,"href":"https:\/\/vocesparalelas.com.ar\/sitio\/wp-json\/wp\/v2\/categories?post=45319"},{"taxonomy":"post_tag","embeddable":true,"href":"https:\/\/vocesparalelas.com.ar\/sitio\/wp-json\/wp\/v2\/tags?post=45319"}],"curies":[{"name":"wp","href":"https:\/\/api.w.org\/{rel}","templated":true}]}}