{"id":45294,"date":"2021-12-29T21:30:40","date_gmt":"2021-12-30T00:30:40","guid":{"rendered":"https:\/\/vocesparalelas.com.ar\/sitio\/?p=45294"},"modified":"2022-01-02T22:38:55","modified_gmt":"2022-01-03T01:38:55","slug":"cuida-el-agua-potable-y-usala-para-necesidades-basicas-en-san-juan","status":"publish","type":"post","link":"https:\/\/vocesparalelas.com.ar\/sitio\/cuida-el-agua-potable-y-usala-para-necesidades-basicas-en-san-juan\/","title":{"rendered":"Cuida el agua potable y \u00fasala para necesidades b\u00e1sicas en San Juan"},"content":{"rendered":"<div class=\"itemFullText\">\n<p>Debido a las intensas lluvias acontecidas durante los \u00faltimos d\u00edas, se han generado crecientes con alta densidad de greda. Tal situaci\u00f3n provoca que en el Establecimiento Potabilizador Marquesado, el tratamiento del agua se realice en un grado m\u00e1s lento y en menor cantidad de producci\u00f3n de lo habitual.<\/p>\n<p>Es esencial el uso cuidado del agua potable por parte de todos los usuarios, destin\u00e1ndola solo para el consumo b\u00e1sico y necesario. Mientras la situaci\u00f3n se normalice es muy importante minimizar el consumo de Agua Potable.<\/p>\n<ul>\n<li>Cuidar la reserva del tanque domiciliario.<\/li>\n<li>\u00a0Priorizar el consumo de agua potable para acciones vitales.<\/li>\n<li>No regar &#8211; No lavar veredas ni autos.<\/li>\n<li>Evitar el uso de electrodom\u00e9sticos que demanden importante cantidades de agua como es el lavarropa, etc.<\/li>\n<\/ul>\n<p>Como medida de precauci\u00f3n, las respectivas \u00e1reas de la empresa est\u00e1n accionando para minimizar posibles bajas de presi\u00f3n y de caudal de agua potable en distintos puntos de la provincia.<\/p>\n<p>Por lo expuesto, el proceso de potabilizaci\u00f3n es m\u00e1s lento que lo habitual, eroga menos cantidad de agua tratada y por consiguiente, se debe tener equilibrados los tanques de reserva.<\/p>\n<p><span style=\"color: #0000ff;\"><strong>La empresa pone a disposici\u00f3n v\u00edas de contacto para realizar cualquier consulta:<\/strong><\/span><\/p>\n<ul>\n<li>WhatsApp 264 506 4444 -solo texto.<\/li>\n<li>L\u00ednea gratuita 0800 222 6773.<\/li>\n<li>Sitio web de OSSE \/ contacto.<\/li>\n<li>Facebook: Obras Sanitarias Sociedad del Estado.<\/li>\n<\/ul>\n<p>&nbsp;<\/p>\n<\/div>\n<div class=\"clr\"><img loading=\"lazy\" decoding=\"async\" class=\"alignnone size-large wp-image-18050\" src=\"https:\/\/vocesparalelas.com.ar\/sitio\/wp-content\/uploads\/2019\/01\/OSSE-LOGO-800x503.jpg\" alt=\"\" width=\"800\" height=\"503\" srcset=\"https:\/\/vocesparalelas.com.ar\/sitio\/wp-content\/uploads\/2019\/01\/OSSE-LOGO-800x503.jpg 800w, https:\/\/vocesparalelas.com.ar\/sitio\/wp-content\/uploads\/2019\/01\/OSSE-LOGO-300x189.jpg 300w, https:\/\/vocesparalelas.com.ar\/sitio\/wp-content\/uploads\/2019\/01\/OSSE-LOGO-768x483.jpg 768w, https:\/\/vocesparalelas.com.ar\/sitio\/wp-content\/uploads\/2019\/01\/OSSE-LOGO.jpg 1000w\" sizes=\"auto, (max-width: 800px) 100vw, 800px\" \/><\/div>\n<div><\/div>\n<div><\/div>\n<div class=\"itemContentFooter\"><\/div>\n","protected":false},"excerpt":{"rendered":"<p>Debido a las intensas lluvias acontecidas durante los \u00faltimos d\u00edas, se han generado crecientes con alta densidad de greda. Tal<\/p>\n","protected":false},"author":3,"featured_media":32622,"comment_status":"closed","ping_status":"closed","sticky":false,"template":"","format":"standard","meta":{"_acf_changed":false,"_seopress_robots_primary_cat":"none","_seopress_titles_title":"","_seopress_titles_desc":"","_seopress_robots_index":"","colormag_page_container_layout":"default_layout","colormag_page_sidebar_layout":"default_layout","footnotes":""},"categories":[11],"tags":[],"class_list":["post-45294","post","type-post","status-publish","format-standard","has-post-thumbnail","hentry","category-sociales"],"acf":[],"_links":{"self":[{"href":"https:\/\/vocesparalelas.com.ar\/sitio\/wp-json\/wp\/v2\/posts\/45294","targetHints":{"allow":["GET"]}}],"collection":[{"href":"https:\/\/vocesparalelas.com.ar\/sitio\/wp-json\/wp\/v2\/posts"}],"about":[{"href":"https:\/\/vocesparalelas.com.ar\/sitio\/wp-json\/wp\/v2\/types\/post"}],"author":[{"embeddable":true,"href":"https:\/\/vocesparalelas.com.ar\/sitio\/wp-json\/wp\/v2\/users\/3"}],"replies":[{"embeddable":true,"href":"https:\/\/vocesparalelas.com.ar\/sitio\/wp-json\/wp\/v2\/comments?post=45294"}],"version-history":[{"count":1,"href":"https:\/\/vocesparalelas.com.ar\/sitio\/wp-json\/wp\/v2\/posts\/45294\/revisions"}],"predecessor-version":[{"id":45296,"href":"https:\/\/vocesparalelas.com.ar\/sitio\/wp-json\/wp\/v2\/posts\/45294\/revisions\/45296"}],"wp:featuredmedia":[{"embeddable":true,"href":"https:\/\/vocesparalelas.com.ar\/sitio\/wp-json\/wp\/v2\/media\/32622"}],"wp:attachment":[{"href":"https:\/\/vocesparalelas.com.ar\/sitio\/wp-json\/wp\/v2\/media?parent=45294"}],"wp:term":[{"taxonomy":"category","embeddable":true,"href":"https:\/\/vocesparalelas.com.ar\/sitio\/wp-json\/wp\/v2\/categories?post=45294"},{"taxonomy":"post_tag","embeddable":true,"href":"https:\/\/vocesparalelas.com.ar\/sitio\/wp-json\/wp\/v2\/tags?post=45294"}],"curies":[{"name":"wp","href":"https:\/\/api.w.org\/{rel}","templated":true}]}}