{"id":45237,"date":"2021-12-28T21:04:58","date_gmt":"2021-12-29T00:04:58","guid":{"rendered":"https:\/\/vocesparalelas.com.ar\/sitio\/?p=45237"},"modified":"2021-12-30T01:47:51","modified_gmt":"2021-12-30T04:47:51","slug":"se-realizan-tareas-de-restauracion-conservacion-y-mantenimiento-en-la-casa-historica","status":"publish","type":"post","link":"https:\/\/vocesparalelas.com.ar\/sitio\/se-realizan-tareas-de-restauracion-conservacion-y-mantenimiento-en-la-casa-historica\/","title":{"rendered":"Se realizan tareas de restauraci\u00f3n, conservaci\u00f3n y mantenimiento en la Casa Hist\u00f3rica"},"content":{"rendered":"<p>\u201cLas comunidades que aprecian los valores que representan sus monumentos hist\u00f3ricos, les prestan los cuidados necesarios para evitar que se acelere su deterioro\u201d<\/p>\n<p>Por ello, el Museo y Biblioteca Casa Natal de Sarmiento informa a la comunidad que, durante Enero de 2022 cierra sus puertas al p\u00fablico.<\/p>\n<p>Durante este per\u00edodo se realizan tareas de restauraci\u00f3n, conservaci\u00f3n y mantenimiento en la Casa Hist\u00f3rica.<\/p>\n","protected":false},"excerpt":{"rendered":"<p>\u201cLas comunidades que aprecian los valores que representan sus monumentos hist\u00f3ricos, les prestan los cuidados necesarios para evitar que se<\/p>\n","protected":false},"author":3,"featured_media":41747,"comment_status":"closed","ping_status":"closed","sticky":false,"template":"","format":"standard","meta":{"_acf_changed":false,"_seopress_robots_primary_cat":"none","_seopress_titles_title":"","_seopress_titles_desc":"","_seopress_robots_index":"","colormag_page_container_layout":"default_layout","colormag_page_sidebar_layout":"default_layout","footnotes":""},"categories":[6],"tags":[],"class_list":["post-45237","post","type-post","status-publish","format-standard","has-post-thumbnail","hentry","category-eventos"],"acf":[],"_links":{"self":[{"href":"https:\/\/vocesparalelas.com.ar\/sitio\/wp-json\/wp\/v2\/posts\/45237","targetHints":{"allow":["GET"]}}],"collection":[{"href":"https:\/\/vocesparalelas.com.ar\/sitio\/wp-json\/wp\/v2\/posts"}],"about":[{"href":"https:\/\/vocesparalelas.com.ar\/sitio\/wp-json\/wp\/v2\/types\/post"}],"author":[{"embeddable":true,"href":"https:\/\/vocesparalelas.com.ar\/sitio\/wp-json\/wp\/v2\/users\/3"}],"replies":[{"embeddable":true,"href":"https:\/\/vocesparalelas.com.ar\/sitio\/wp-json\/wp\/v2\/comments?post=45237"}],"version-history":[{"count":1,"href":"https:\/\/vocesparalelas.com.ar\/sitio\/wp-json\/wp\/v2\/posts\/45237\/revisions"}],"predecessor-version":[{"id":45239,"href":"https:\/\/vocesparalelas.com.ar\/sitio\/wp-json\/wp\/v2\/posts\/45237\/revisions\/45239"}],"wp:featuredmedia":[{"embeddable":true,"href":"https:\/\/vocesparalelas.com.ar\/sitio\/wp-json\/wp\/v2\/media\/41747"}],"wp:attachment":[{"href":"https:\/\/vocesparalelas.com.ar\/sitio\/wp-json\/wp\/v2\/media?parent=45237"}],"wp:term":[{"taxonomy":"category","embeddable":true,"href":"https:\/\/vocesparalelas.com.ar\/sitio\/wp-json\/wp\/v2\/categories?post=45237"},{"taxonomy":"post_tag","embeddable":true,"href":"https:\/\/vocesparalelas.com.ar\/sitio\/wp-json\/wp\/v2\/tags?post=45237"}],"curies":[{"name":"wp","href":"https:\/\/api.w.org\/{rel}","templated":true}]}}