{"id":45219,"date":"2021-12-28T00:25:43","date_gmt":"2021-12-28T03:25:43","guid":{"rendered":"https:\/\/vocesparalelas.com.ar\/sitio\/?p=45219"},"modified":"2021-12-28T00:25:43","modified_gmt":"2021-12-28T03:25:43","slug":"consul-de-chile-en-san-juan","status":"publish","type":"post","link":"https:\/\/vocesparalelas.com.ar\/sitio\/consul-de-chile-en-san-juan\/","title":{"rendered":"C\u00f3nsul de Chile en San Juan"},"content":{"rendered":"<div class=\"itemVideoBlock\">\n<div class=\"avPlayerWrapper avVideo\">\n<div class=\"avPlayerContainer\">\n<div id=\"AVPlayerID_0_2ad72b97ec51222c0a1760ba691e1ac7\" class=\"avPlayerBlock\">Durante la ma\u00f1ana del lunes, el gobernador de San Juan, Dr. Sergio U\u00f1ac recibi\u00f3 al c\u00f3nsul general de Chile, Eduardo Schott y al c\u00f3nsul adjunto de Chile en Mendoza, David Quiroga.<\/div>\n<\/div>\n<\/div>\n<\/div>\n<div class=\"itemFullText\">\n<p>La reuni\u00f3n tuvo como eje la\u00a0presentaci\u00f3n del nuevo c\u00f3nsul adjunto, con el que dialogaron sobre la\u00a0integraci\u00f3n y relaci\u00f3n entre el pueblo chileno y sanjuanino.<\/p>\n<p>El mandatario provincial estuvo acompa\u00f1ado por el ministro de Gobierno, Dr. Alberto Hensel; el secretario de Relaciones Institucionales, Lic. Marcelo Fretes y el c\u00f3nsul honorario de Chile, Mario Schiavone.<\/p>\n<\/div>\n<div class=\"itemBody\">\n<div class=\"itemFullText\">\n<p>Tras la reuni\u00f3n, Schott puso en valor la reuni\u00f3n con el gobernador y dijo que buscar\u00e1n\u00a0sumar herramientas y mecanismos para darle continuidad al trabajo entre la Regi\u00f3n de Coquimbo y San Juan.<\/p>\n<p>En ese sentido destac\u00f3 los distintos ejes que unen al vecino pa\u00eds con San Juan y dijo que \u00abtrazaremos un posible camino para sumar a las actividades tradicionales y\u00a0trabajar de manera conjunta\u00bb.<\/p>\n<p>A su turno, David Quiroga destac\u00f3 que buscar\u00e1n fortalecer el turismo entre Coquimbo y San Juan, ya que \u00abla vinculaci\u00f3n Chile-Argentina es la integraci\u00f3n\u00bb.<\/p>\n<p>En ese sentido manifest\u00f3 que deber\u00e1n \u00abproseguir con el referente natural de nuestra relaci\u00f3n que son los tratados de Maip\u00fa que fijan una l\u00ednea de acci\u00f3n para que ambas naciones puedan relacionarse de un modo m\u00e1s especifico\u00bb.<\/p>\n<\/div>\n<\/div>\n<p>&nbsp;<\/p>\n<p><iframe loading=\"lazy\" title=\"El Gobernador U\u00f1ac recibi\u00f3 al C\u00f3nsul General de Chile\" width=\"800\" height=\"450\" src=\"https:\/\/www.youtube.com\/embed\/kf_Q4A9RBug?feature=oembed\" frameborder=\"0\" allow=\"accelerometer; autoplay; clipboard-write; encrypted-media; gyroscope; picture-in-picture\" allowfullscreen><\/iframe><\/p>\n","protected":false},"excerpt":{"rendered":"<p>Durante la ma\u00f1ana del lunes, el gobernador de San Juan, Dr. Sergio U\u00f1ac recibi\u00f3 al c\u00f3nsul general de Chile, Eduardo<\/p>\n","protected":false},"author":3,"featured_media":45221,"comment_status":"closed","ping_status":"closed","sticky":false,"template":"","format":"video","meta":{"_acf_changed":false,"_seopress_robots_primary_cat":"none","_seopress_titles_title":"","_seopress_titles_desc":"","_seopress_robots_index":"","colormag_page_container_layout":"default_layout","colormag_page_sidebar_layout":"default_layout","footnotes":""},"categories":[1,7],"tags":[],"class_list":["post-45219","post","type-post","status-publish","format-video","has-post-thumbnail","hentry","category-destacadas","category-videos","post_format-post-format-video"],"acf":[],"_links":{"self":[{"href":"https:\/\/vocesparalelas.com.ar\/sitio\/wp-json\/wp\/v2\/posts\/45219","targetHints":{"allow":["GET"]}}],"collection":[{"href":"https:\/\/vocesparalelas.com.ar\/sitio\/wp-json\/wp\/v2\/posts"}],"about":[{"href":"https:\/\/vocesparalelas.com.ar\/sitio\/wp-json\/wp\/v2\/types\/post"}],"author":[{"embeddable":true,"href":"https:\/\/vocesparalelas.com.ar\/sitio\/wp-json\/wp\/v2\/users\/3"}],"replies":[{"embeddable":true,"href":"https:\/\/vocesparalelas.com.ar\/sitio\/wp-json\/wp\/v2\/comments?post=45219"}],"version-history":[{"count":1,"href":"https:\/\/vocesparalelas.com.ar\/sitio\/wp-json\/wp\/v2\/posts\/45219\/revisions"}],"predecessor-version":[{"id":45222,"href":"https:\/\/vocesparalelas.com.ar\/sitio\/wp-json\/wp\/v2\/posts\/45219\/revisions\/45222"}],"wp:featuredmedia":[{"embeddable":true,"href":"https:\/\/vocesparalelas.com.ar\/sitio\/wp-json\/wp\/v2\/media\/45221"}],"wp:attachment":[{"href":"https:\/\/vocesparalelas.com.ar\/sitio\/wp-json\/wp\/v2\/media?parent=45219"}],"wp:term":[{"taxonomy":"category","embeddable":true,"href":"https:\/\/vocesparalelas.com.ar\/sitio\/wp-json\/wp\/v2\/categories?post=45219"},{"taxonomy":"post_tag","embeddable":true,"href":"https:\/\/vocesparalelas.com.ar\/sitio\/wp-json\/wp\/v2\/tags?post=45219"}],"curies":[{"name":"wp","href":"https:\/\/api.w.org\/{rel}","templated":true}]}}