{"id":45215,"date":"2021-12-28T00:21:05","date_gmt":"2021-12-28T03:21:05","guid":{"rendered":"https:\/\/vocesparalelas.com.ar\/sitio\/?p=45215"},"modified":"2021-12-28T00:21:05","modified_gmt":"2021-12-28T03:21:05","slug":"reunion-del-gabinete-del-gobierno-de-san-juan","status":"publish","type":"post","link":"https:\/\/vocesparalelas.com.ar\/sitio\/reunion-del-gabinete-del-gobierno-de-san-juan\/","title":{"rendered":"Reuni\u00f3n del Gabinete del Gobierno de San Juan"},"content":{"rendered":"<p>En la jornada del Lunes, 27 de Diciembre, el gobernador de San Juan, Dr. Sergio U\u00f1ac presidi\u00f3 una reuni\u00f3n de Gabinete para realizar el balance anual sobre aspectos fundamentales que ata\u00f1en al desenvolvimiento en la provincia en relaci\u00f3n a lo social, sanitario, h\u00eddrico y fiscal, entre otros puntos. Se destac\u00f3 principalmente que este 2021 cierra con equilibrio fiscal, a su vez, se dio el mayor aumento de sueldos a estatales provinciales, de todas las jurisdicciones del pa\u00eds.<\/p>\n<p>Participaron del encuentro en Casa de Gobierno los ministros: de Salud P\u00fablica, Dra. Alejandra Venerando; de Desarrollo Humano y Promoci\u00f3n Social, Prof. Fabian Aballay; la ministra de Educaci\u00f3n, Prof. Cecilia Trincado Moncho; de Gobierno, Dr. Alberto Hensel; de Hacienda y Finanzas, CPN Marisa L\u00f3pez; de Miner\u00eda, Ing. Carlos Astudillo; de Obras y Servicios P\u00fablicos, Ing. Julio Ortiz Andino; de Producci\u00f3n y Desarrollo Econ\u00f3mico, Ing. Ag. Ariel Lucero; los secretarios de Seguridad y Orden P\u00fablico, Dr. Carlos Munisaga; de Ambiente y Desarrollo Sustentable, Francisco Guevara; de Ciencia, Tecnolog\u00eda e Innovaci\u00f3n, Ing. Marita Benavente; de Deportes, Jorge Chica; el secretario general de la Gobernaci\u00f3n, CPN Juan Flores; el subsecretario de la Unidad Gobernaci\u00f3n, Luis Rueda; el asesor letrado de Gobierno, Dr. Carlos Lorenzo y el diputado Juan Carlos Abarca.<\/p>\n<p>El foco del encuentro estuvo centrado en las acciones realizadas durante esta pandemia de COVID-19, la continuidad del trabajo en la emergencia h\u00eddrica, el positivo equilibrio fiscal y la implementaci\u00f3n de la RedTulum, adem\u00e1s de la planificaci\u00f3n de los objetivos a encarar en el 2022.<\/p>\n<p>Al respecto de esta reuni\u00f3n, Dra. Alejandra Venerando explic\u00f3 que \u00aben esta oportunidad se puso de manifiesto todo lo vivenciado en el a\u00f1o. Se arranc\u00f3 con un terremoto y con una situaci\u00f3n sanitaria de pandemia que ha golpeado mucho a la poblaci\u00f3n, pero que indudablemente a pesar de estas condiciones, hemos podido tener una situaci\u00f3n diferente a otras provincias, en un contexto nacional, siendo la quinta con mejor estatus sanitario y con uno de los mejores manejos en pandemia\u201d.<\/p>\n<p>La ministro destac\u00f3 que San Juan invirti\u00f3 en recursos sanitarios y cont\u00f3 con el acompa\u00f1amiento de Gobierno provincial en Salud y otras \u00e1reas.<\/p>\n<p>Durante el encuentro se tuvo en cuenta la presente la condici\u00f3n de equilibrio fiscal con que la provincia concluy\u00f3 este a\u00f1o, haciendo hincapi\u00e9 en los aumentos salariales otorgados a los empleados estatales.<\/p>\n<p>Por su parte, Dr. Alberto Hensel agreg\u00f3 que el gobernador dio la bienvenida a los funcionarios incorporados recientemente a su Gabinete. El ministro dijo que U\u00f1ac se enfoc\u00f3 en el nuevo sistema de transporte RedTulum y solicit\u00f3 a los responsables del \u00e1rea ponerlo en total funcionalidad a partir de 1 de enero del 2022, tarea a la que estamos absolutamente abocados, luego de esta etapa de prueba y gratuidad del servicio\u201d.<\/p>\n<p>En esta l\u00ednea, el ministro detall\u00f3 que existe la necesidad de acelerar la contrataci\u00f3n de por lo menos 3.500 se\u00f1alizaciones de paradas de colectivos.<\/p>\n<p>Adem\u00e1s, el ministro de Gobierno se refiri\u00f3 a posici\u00f3n de San Juan ante la pr\u00f3xima firma del Consenso Fiscal y explic\u00f3 que el gobernador descart\u00f3 la creaci\u00f3n de nuevos impuestos en la Provincia.<\/p>\n<p>Posteriormente, el Dr. Hensel puso \u00e9nfasis en la decisi\u00f3n de concluir la gratuidad del servicio y en los ajustes realizados en base a los reclamos de los usuarios, ya que \u201cla finalidad del sistema de modernizaci\u00f3n en San Juan tiene que ver con la mejora de condiciones para los pasajeros. La semana pasada hicimos un intercambio con la gente que ha conformado la aplicaci\u00f3n, que ha sido bajada por 245.000 sanjuaninos, lo que es un buen avance hacia el funcionamiento del sistema de transporte en la provincia\u201d.<\/p>\n<p>&nbsp;<\/p>\n<p>&nbsp;<\/p>\n","protected":false},"excerpt":{"rendered":"<p>En la jornada del Lunes, 27 de Diciembre, el gobernador de San Juan, Dr. Sergio U\u00f1ac presidi\u00f3 una reuni\u00f3n de<\/p>\n","protected":false},"author":3,"featured_media":45217,"comment_status":"closed","ping_status":"closed","sticky":false,"template":"","format":"standard","meta":{"_acf_changed":false,"_seopress_robots_primary_cat":"none","_seopress_titles_title":"","_seopress_titles_desc":"","_seopress_robots_index":"","colormag_page_container_layout":"default_layout","colormag_page_sidebar_layout":"default_layout","footnotes":""},"categories":[1],"tags":[],"class_list":["post-45215","post","type-post","status-publish","format-standard","has-post-thumbnail","hentry","category-destacadas"],"acf":[],"_links":{"self":[{"href":"https:\/\/vocesparalelas.com.ar\/sitio\/wp-json\/wp\/v2\/posts\/45215","targetHints":{"allow":["GET"]}}],"collection":[{"href":"https:\/\/vocesparalelas.com.ar\/sitio\/wp-json\/wp\/v2\/posts"}],"about":[{"href":"https:\/\/vocesparalelas.com.ar\/sitio\/wp-json\/wp\/v2\/types\/post"}],"author":[{"embeddable":true,"href":"https:\/\/vocesparalelas.com.ar\/sitio\/wp-json\/wp\/v2\/users\/3"}],"replies":[{"embeddable":true,"href":"https:\/\/vocesparalelas.com.ar\/sitio\/wp-json\/wp\/v2\/comments?post=45215"}],"version-history":[{"count":1,"href":"https:\/\/vocesparalelas.com.ar\/sitio\/wp-json\/wp\/v2\/posts\/45215\/revisions"}],"predecessor-version":[{"id":45218,"href":"https:\/\/vocesparalelas.com.ar\/sitio\/wp-json\/wp\/v2\/posts\/45215\/revisions\/45218"}],"wp:featuredmedia":[{"embeddable":true,"href":"https:\/\/vocesparalelas.com.ar\/sitio\/wp-json\/wp\/v2\/media\/45217"}],"wp:attachment":[{"href":"https:\/\/vocesparalelas.com.ar\/sitio\/wp-json\/wp\/v2\/media?parent=45215"}],"wp:term":[{"taxonomy":"category","embeddable":true,"href":"https:\/\/vocesparalelas.com.ar\/sitio\/wp-json\/wp\/v2\/categories?post=45215"},{"taxonomy":"post_tag","embeddable":true,"href":"https:\/\/vocesparalelas.com.ar\/sitio\/wp-json\/wp\/v2\/tags?post=45215"}],"curies":[{"name":"wp","href":"https:\/\/api.w.org\/{rel}","templated":true}]}}