{"id":45147,"date":"2021-12-23T20:44:38","date_gmt":"2021-12-23T23:44:38","guid":{"rendered":"https:\/\/vocesparalelas.com.ar\/sitio\/?p=45147"},"modified":"2021-12-23T20:44:45","modified_gmt":"2021-12-23T23:44:45","slug":"gabinete-de-gestion-del-seciti-san-juan","status":"publish","type":"post","link":"https:\/\/vocesparalelas.com.ar\/sitio\/gabinete-de-gestion-del-seciti-san-juan\/","title":{"rendered":"Gabinete de gesti\u00f3n del SECITI San Juan"},"content":{"rendered":"<p>La Secretaria de Estado de Ciencia, Tecnolog\u00eda e Innovaci\u00f3n &#8211; SECITI &#8211; del Gobierno de San Juan, Ing. Marita Benavente, dio a conocer quienes la acompa\u00f1an en su gesti\u00f3n. Solo resta definir quien ocupar\u00e1 la Subsecretaria de Promoci\u00f3n de la Actividad Cient\u00edfica y Tecnol\u00f3gica, cargo que ten\u00eda antes de asumir.<\/p>\n<p>Al momento de la entrega de los decretos de puesta en funciones la titular de la SECITI expres\u00f3 que \u201cestoy muy agradecida que hayan decidido confiar en esta administraci\u00f3n del Dr. Sergio U\u00f1ac y en m\u00ed. Nosotros estamos ac\u00e1 para servir a nuestro pueblo, a los ciudadanos desde un \u00e1rea particular. Que es el \u00e1rea de la ciencia, la tecnolog\u00eda e innovaci\u00f3n. Que es no es otra cosa m\u00e1s que el conocimiento. Procuramos entender la demanda social y acercar a las instituciones del ecosistema cient\u00edfico-tecnol\u00f3gico para asistirlas lo m\u00e1s r\u00e1pido posible. Nosotros los servidores p\u00fablicos estamos para acudir a las demandas sociales. Todos los que est\u00e1n ac\u00e1 tiene un componente fuerte de compromiso e idealismo\u201d.<\/p>\n<p><strong><span style=\"color: #33cccc;\">Equipo de trabajo<\/span><\/strong><\/p>\n<ul>\n<li><strong><span style=\"color: #33cccc;\">Subsecretaria de Transferencia e Innovaci\u00f3n, Ing. Ana Mar\u00eda Cernuda,<\/span><\/strong> ingeniera en Alimentos, egresada de la Facultad de Ingenier\u00eda de la Universidad Nacional de San Juan(UNSJ). Trabaj\u00f3 en la industria privada, en \u00e1reas de Producci\u00f3n y Calidad en empresas como Pe\u00f1aflor, S.A. Desde el a\u00f1o 20011 cumpli\u00f3 funciones en el Ministerio de Producci\u00f3n y Desarrollo Econ\u00f3mico. Estuvo a cargo del Instituto de Investigaciones Tecnol\u00f3gicas, de la Provincia de San Juan, organismo que alcanz\u00f3 Medalla de Oro en el Premio Nacional a la Calidad en el 2019. Tambi\u00e9n estuvo ocupando el cargo de Sub Directora en la Direcci\u00f3n de Asuntos Vitivin\u00edcolas hasta el 5 de Diciembre de 2021.<\/li>\n<li><strong><span style=\"color: #33cccc;\">Directora de Innovaci\u00f3n Tecnol\u00f3gica, CPN <\/span><span style=\"color: #33cccc;\">Celeste Olivares Chicahuala.<\/span> <\/strong>Contadora P\u00fablica Nacional, project manager, diplomada en desarrollo local sustentable y especialista en econom\u00eda y finanzas p\u00fablicas. Cuenta con m\u00e1s de 10 a\u00f1os de experiencia en consultor\u00eda en temas financieros, de negocios y transformaci\u00f3n digital a empresas y emprendedores de diferentes rubros, como as\u00ed tambi\u00e9n en el dise\u00f1o e implementaci\u00f3n de programas de desarrollo local y articulaci\u00f3n de pol\u00edticas p\u00fablico &#8211; privado. Desde 2009 se desempe\u00f1\u00f3 dentro del Ministerio de Producci\u00f3n, avoc\u00e1ndose desde 2016 al Programa San Juan TEC, formando parte del equipo que arm\u00f3 el proyecto de la Ley provincial de Econom\u00eda del Conocimiento. Profesora de la UCC.<\/li>\n<li><span style=\"color: #33cccc;\"><strong>Director de Competitividad y Vinculaci\u00f3n Tecnol\u00f3gica, Lic. Hugo Andr\u00e9s Berozzi. <\/strong><\/span>Licenciado en Econom\u00eda de la UNCuyo y Magister en Desarrollo Global de la Universidad de Copenhague, Dinamarca. Experiencia en formulaci\u00f3n de proyectos, pol\u00edticas p\u00fablicas e investigaci\u00f3n de campo en Asia, Europa y Am\u00e9rica Latina. Tiene experiencia en An\u00e1lisis Estrat\u00e9gico y de Riesgo en el sector financiero p\u00fablico provincial, como as\u00ed tambi\u00e9n experiencia docente en Educaci\u00f3n Popular.<\/li>\n<li><span style=\"color: #33cccc;\"><strong>Coordinaci\u00f3n de Gesti\u00f3n de Proyectos, Lic. Luciana Craviotto. <\/strong><\/span>Licenciada en Administraci\u00f3n de Empresas de la Universidad Argentina de la Empresa (UADE), desde el 2015 desempe\u00f1\u00f3 tareas dentro del Ministerio de Gobierno como Sub directora de Transporte y Subdirectora del CISEM 911, tendr\u00e1 en sus manos la ejecuci\u00f3n y recepci\u00f3n de fondos que llegan del Consejo Federal del Ciencia y Tecnolog\u00eda.<\/li>\n<li><span style=\"color: #33cccc;\"><strong>Direcci\u00f3n de Gesti\u00f3n Administrativa, Financiera y Legal, Lic. Francisco Morello.<\/strong> <\/span>Licenciado en Administraci\u00f3n, recibido en la Facultada de Ciencias Sociales de la Universidad Nacional de San Juan (UNSJ). Director de Gesti\u00f3n de la SECITI en la actualidad y Director Administrativo en distintas carteras ministeriales, Programas con financiamiento Internacionales y Agencia Calidad San Juan.<\/li>\n<li><span style=\"color: #33cccc;\"><strong>Direcci\u00f3n de Comunicaci\u00f3n P\u00fablica de la Ciencia, Mart\u00edn Tobares. <\/strong><\/span>Cumpli\u00f3 funciones como jefe de prensa Direcci\u00f3n Defensa al Consumidor, director de Prensa y Protocolo Municipalidad de Rivadavia, asesor Secretar\u00eda de Estado de Ambiente y jefe de Prensa Secretar\u00eda de Estado de Ambiente.<\/li>\n<li><strong><span style=\"color: #33cccc;\">Jefa de asesores, Dra. Laura Montero.<\/span> <\/strong>Abogada y estudiante de escriban\u00eda. Cumpli\u00f3 funciones como Subdirectora de Sistema Provincial de Archivo y Archivo General de la Provincia de San y Subjefe de asesores en la Secretar\u00eda de Gobierno, Justicia y Derechos Humanos del Ministerio de Gobierno de San Juan.<\/li>\n<li><span style=\"color: #33cccc;\"><strong>Asesor de la oficina auxiliar, Dr. Francisco Flores. <\/strong><\/span>Docente, Abogado y Corredor Inmobiliario. Exasesor en el Ministerio de Producci\u00f3n y Desarrollo Econ\u00f3mico en el la U.E.C.C.P.A &#8211; PROSAP.<\/li>\n<li><span style=\"color: #33cccc;\"><strong>Secretaria privada de la oficina auxiliar Promotora Territorial de G\u00e9nero, Esther Caterina R\u00edmolo. <\/strong><\/span>Operadora Socioeducativa de la Econom\u00eda Social y Solidaria (UNQUI). Estudiante de Psicolog\u00eda (UCCUYO), Docente, Alfabetizadora.<\/li>\n<\/ul>\n<p>Cabe destacar que la secretaria de la SECITI, Ing. Marita Benavente, al asumir su nuevo cargo destac\u00f3 que apuesta por un equipo \u00abjoven, con una muy buena formaci\u00f3n acad\u00e9mica y comprometido con el proyecto del gobernador Dr. Sergio U\u00f1ac, que intercala experiencia en lo p\u00fablico y privado\u00bb, con el fin de tener una cartera \u00abfederal con presencia en los municipios\u00bb.<\/p>\n","protected":false},"excerpt":{"rendered":"<p>La Secretaria de Estado de Ciencia, Tecnolog\u00eda e Innovaci\u00f3n &#8211; SECITI &#8211; del Gobierno de San Juan, Ing. Marita Benavente,<\/p>\n","protected":false},"author":3,"featured_media":45149,"comment_status":"closed","ping_status":"closed","sticky":false,"template":"","format":"standard","meta":{"_acf_changed":false,"_seopress_robots_primary_cat":"none","_seopress_titles_title":"","_seopress_titles_desc":"","_seopress_robots_index":"","colormag_page_container_layout":"default_layout","colormag_page_sidebar_layout":"default_layout","footnotes":""},"categories":[1],"tags":[],"class_list":["post-45147","post","type-post","status-publish","format-standard","has-post-thumbnail","hentry","category-destacadas"],"acf":[],"_links":{"self":[{"href":"https:\/\/vocesparalelas.com.ar\/sitio\/wp-json\/wp\/v2\/posts\/45147","targetHints":{"allow":["GET"]}}],"collection":[{"href":"https:\/\/vocesparalelas.com.ar\/sitio\/wp-json\/wp\/v2\/posts"}],"about":[{"href":"https:\/\/vocesparalelas.com.ar\/sitio\/wp-json\/wp\/v2\/types\/post"}],"author":[{"embeddable":true,"href":"https:\/\/vocesparalelas.com.ar\/sitio\/wp-json\/wp\/v2\/users\/3"}],"replies":[{"embeddable":true,"href":"https:\/\/vocesparalelas.com.ar\/sitio\/wp-json\/wp\/v2\/comments?post=45147"}],"version-history":[{"count":1,"href":"https:\/\/vocesparalelas.com.ar\/sitio\/wp-json\/wp\/v2\/posts\/45147\/revisions"}],"predecessor-version":[{"id":45150,"href":"https:\/\/vocesparalelas.com.ar\/sitio\/wp-json\/wp\/v2\/posts\/45147\/revisions\/45150"}],"wp:featuredmedia":[{"embeddable":true,"href":"https:\/\/vocesparalelas.com.ar\/sitio\/wp-json\/wp\/v2\/media\/45149"}],"wp:attachment":[{"href":"https:\/\/vocesparalelas.com.ar\/sitio\/wp-json\/wp\/v2\/media?parent=45147"}],"wp:term":[{"taxonomy":"category","embeddable":true,"href":"https:\/\/vocesparalelas.com.ar\/sitio\/wp-json\/wp\/v2\/categories?post=45147"},{"taxonomy":"post_tag","embeddable":true,"href":"https:\/\/vocesparalelas.com.ar\/sitio\/wp-json\/wp\/v2\/tags?post=45147"}],"curies":[{"name":"wp","href":"https:\/\/api.w.org\/{rel}","templated":true}]}}