{"id":45141,"date":"2021-12-23T23:40:52","date_gmt":"2021-12-24T02:40:52","guid":{"rendered":"https:\/\/vocesparalelas.com.ar\/sitio\/?p=45141"},"modified":"2021-12-24T01:57:03","modified_gmt":"2021-12-24T04:57:03","slug":"se-inauguro-la-plaza-del-encuentro-de-los-ipu-de-la-unsj-eidfs-y-eclgsm","status":"publish","type":"post","link":"https:\/\/vocesparalelas.com.ar\/sitio\/se-inauguro-la-plaza-del-encuentro-de-los-ipu-de-la-unsj-eidfs-y-eclgsm\/","title":{"rendered":"Se inaugur\u00f3 la \u00abPlaza del Encuentro\u00bb de los IPU de la UNSJ EIDFS y ECLGSM"},"content":{"rendered":"<p>Las autoridades de los Institutos Preuniversitarios de la Universidad Nacional de San Juan junto las autoridades de la UNSJ, inauguraron la \u00abPlaza del Encuentro\u00bb y pusieron en valor las obras Escult\u00f3ricas del Artista de San Juan, Miguel \u00c1ngel Sugo, quien fue docente de la instituci\u00f3n.<\/p>\n<p>El acto fue muy emotivo, ya que, la recuperaci\u00f3n del espacio es producto de colaboraciones y donaciones de la comunidad, una actitud muy valorado.<\/p>\n<p>El acto comenz\u00f3 con las palabras del Director de la EIDFS de la UNSJ, Ing. Jorge Guti\u00e9rrez, quien agradeci\u00f3 los aportes con ideas, colaboraci\u00f3n y excelente predisposici\u00f3n de los que valoran a la instituci\u00f3n.<\/p>\n<figure id=\"attachment_45168\" aria-describedby=\"caption-attachment-45168\" style=\"width: 800px\" class=\"wp-caption alignnone\"><img loading=\"lazy\" decoding=\"async\" class=\"size-full wp-image-45168\" src=\"https:\/\/vocesparalelas.com.ar\/sitio\/wp-content\/uploads\/2021\/12\/EIDFS-PLAZA-12.jpg\" alt=\"\" width=\"800\" height=\"533\" srcset=\"https:\/\/vocesparalelas.com.ar\/sitio\/wp-content\/uploads\/2021\/12\/EIDFS-PLAZA-12.jpg 800w, https:\/\/vocesparalelas.com.ar\/sitio\/wp-content\/uploads\/2021\/12\/EIDFS-PLAZA-12-300x200.jpg 300w, https:\/\/vocesparalelas.com.ar\/sitio\/wp-content\/uploads\/2021\/12\/EIDFS-PLAZA-12-768x512.jpg 768w\" sizes=\"auto, (max-width: 800px) 100vw, 800px\" \/><figcaption id=\"caption-attachment-45168\" class=\"wp-caption-text\">Director de la EIDFS de la UNSJ, Ing. Jorge Guti\u00e9rrez<\/figcaption><\/figure>\n<p>&nbsp;<\/p>\n<p><iframe loading=\"lazy\" title=\"EIDFS UNSJ ING JORGE GUTI\u00c9RREZ\" width=\"800\" height=\"450\" src=\"https:\/\/www.youtube.com\/embed\/XShv5JGiOc4?start=22&#038;feature=oembed\" frameborder=\"0\" allow=\"accelerometer; autoplay; clipboard-write; encrypted-media; gyroscope; picture-in-picture\" allowfullscreen><\/iframe><\/p>\n<p>Posteriormente,\u00a0 los coordinadores del Club Ambiental\u00a0 de la EIDFS , Ing. Claudia Pratto, del Club Ambiental\u00a0 ECLGSM, Prof. Mariela Migani y del Club\u00a0 del Constructor\u00a0 de la EIDFS, Arq. Jos\u00e9 Grosso, fueron responsables de contar la importancia del trabajo de la \u00abPlaza del Encuentro\u00bb.<\/p>\n<figure id=\"attachment_45167\" aria-describedby=\"caption-attachment-45167\" style=\"width: 800px\" class=\"wp-caption alignnone\"><img loading=\"lazy\" decoding=\"async\" class=\"size-full wp-image-45167\" src=\"https:\/\/vocesparalelas.com.ar\/sitio\/wp-content\/uploads\/2021\/12\/EIDFS-PLAZA-11.jpg\" alt=\"\" width=\"800\" height=\"533\" srcset=\"https:\/\/vocesparalelas.com.ar\/sitio\/wp-content\/uploads\/2021\/12\/EIDFS-PLAZA-11.jpg 800w, https:\/\/vocesparalelas.com.ar\/sitio\/wp-content\/uploads\/2021\/12\/EIDFS-PLAZA-11-300x200.jpg 300w, https:\/\/vocesparalelas.com.ar\/sitio\/wp-content\/uploads\/2021\/12\/EIDFS-PLAZA-11-768x512.jpg 768w\" sizes=\"auto, (max-width: 800px) 100vw, 800px\" \/><figcaption id=\"caption-attachment-45167\" class=\"wp-caption-text\">Los coordinadores del Club Ambiental\u00a0 de la EIDFS , Ing. Claudia Pratto, del Club Ambiental\u00a0 ECLGSM, Prof. Mariela Migani y del Club\u00a0 del Constructor\u00a0 de la EIDFS, Arq. Jos\u00e9 Grosso<\/figcaption><\/figure>\n<p>&nbsp;<\/p>\n<p><iframe loading=\"lazy\" title=\"EIDFS UNSJ PLAZA ENCUENTRO\" width=\"800\" height=\"450\" src=\"https:\/\/www.youtube.com\/embed\/vPwD1oIQntE?start=12&#038;feature=oembed\" frameborder=\"0\" allow=\"accelerometer; autoplay; clipboard-write; encrypted-media; gyroscope; picture-in-picture\" allowfullscreen><\/iframe><\/p>\n<p>Seguidamente, Gast\u00f3n Sugo, nieto mayor del artista pl\u00e1stico Miguel \u00c1ngel Sugo, cont\u00f3 sobra la gran pasi\u00f3n del abuelo y la trayectoria del artista.<\/p>\n<figure id=\"attachment_45166\" aria-describedby=\"caption-attachment-45166\" style=\"width: 800px\" class=\"wp-caption alignnone\"><img loading=\"lazy\" decoding=\"async\" class=\"size-full wp-image-45166\" src=\"https:\/\/vocesparalelas.com.ar\/sitio\/wp-content\/uploads\/2021\/12\/EIDFS-PLAZA-10.jpg\" alt=\"\" width=\"800\" height=\"533\" srcset=\"https:\/\/vocesparalelas.com.ar\/sitio\/wp-content\/uploads\/2021\/12\/EIDFS-PLAZA-10.jpg 800w, https:\/\/vocesparalelas.com.ar\/sitio\/wp-content\/uploads\/2021\/12\/EIDFS-PLAZA-10-300x200.jpg 300w, https:\/\/vocesparalelas.com.ar\/sitio\/wp-content\/uploads\/2021\/12\/EIDFS-PLAZA-10-768x512.jpg 768w\" sizes=\"auto, (max-width: 800px) 100vw, 800px\" \/><figcaption id=\"caption-attachment-45166\" class=\"wp-caption-text\">Gast\u00f3n Sugo<\/figcaption><\/figure>\n<p>&nbsp;<\/p>\n<p><iframe loading=\"lazy\" title=\"EIDFS UNSJ GASTON SUGO\" width=\"800\" height=\"450\" src=\"https:\/\/www.youtube.com\/embed\/Sy9cb7vEj-8?feature=oembed\" frameborder=\"0\" allow=\"accelerometer; autoplay; clipboard-write; encrypted-media; gyroscope; picture-in-picture\" allowfullscreen><\/iframe><\/p>\n<p>Finalmente, el Rector de la UNSJ, Ing. Tadeo Berenguer agradeci\u00f3 la iniciativa y la puesta en valor de la obra del artista pl\u00e1stico Miguel \u00c1ngel Sugo.<\/p>\n<figure id=\"attachment_45169\" aria-describedby=\"caption-attachment-45169\" style=\"width: 800px\" class=\"wp-caption alignnone\"><img loading=\"lazy\" decoding=\"async\" class=\"size-full wp-image-45169\" src=\"https:\/\/vocesparalelas.com.ar\/sitio\/wp-content\/uploads\/2021\/12\/EIDFS-PLAZA-09-1.jpg\" alt=\"\" width=\"800\" height=\"483\" srcset=\"https:\/\/vocesparalelas.com.ar\/sitio\/wp-content\/uploads\/2021\/12\/EIDFS-PLAZA-09-1.jpg 800w, https:\/\/vocesparalelas.com.ar\/sitio\/wp-content\/uploads\/2021\/12\/EIDFS-PLAZA-09-1-300x181.jpg 300w, https:\/\/vocesparalelas.com.ar\/sitio\/wp-content\/uploads\/2021\/12\/EIDFS-PLAZA-09-1-768x464.jpg 768w\" sizes=\"auto, (max-width: 800px) 100vw, 800px\" \/><figcaption id=\"caption-attachment-45169\" class=\"wp-caption-text\">Rector de la UNSJ, Ing. Tadeo Berenguer<\/figcaption><\/figure>\n<p>&nbsp;<\/p>\n<p><iframe loading=\"lazy\" title=\"EIDFS UNSJ ING TADEO BERENGUER\" width=\"800\" height=\"450\" src=\"https:\/\/www.youtube.com\/embed\/lysAoyc5fwI?feature=oembed\" frameborder=\"0\" allow=\"accelerometer; autoplay; clipboard-write; encrypted-media; gyroscope; picture-in-picture\" allowfullscreen><\/iframe><\/p>\n<p>El acto continu\u00f3 con el reconocimiento al personal nodocente que apost\u00f3 en su trabajo diario durante la pandemia del COVID-19, en la conservaci\u00f3n de la instituci\u00f3n para dejarla a punto al regreso de los alumnos en forma presencial y de la comunidad.<\/p>\n<ul>\n<li>Mar\u00eda del Carmen Pastr\u00e1n<\/li>\n<li>Mar\u00eda \u00c1vila<\/li>\n<li>Macarena Alaniz<\/li>\n<li>Roc\u00edo Vera<\/li>\n<li>Ra\u00fal Ignacio Garc\u00eda<\/li>\n<li>Guillermo Duarte<\/li>\n<li>Fernando Faella<\/li>\n<li>Gustavo Ontiveros<\/li>\n<\/ul>\n<p>A continuaci\u00f3n las autoridades realizaron el corte de cinta para dejar habilitada la Plaza del Encuentro y luego, se trasladaron al descubrimiento de la placa, testigo del momento y plantar un \u00e1rbol, que contribuye al embellecimiento del lugar.<\/p>\n<p><img loading=\"lazy\" decoding=\"async\" class=\"alignnone size-full wp-image-45164\" src=\"https:\/\/vocesparalelas.com.ar\/sitio\/wp-content\/uploads\/2021\/12\/EIDFS-PLAZA-07.jpg\" alt=\"\" width=\"800\" height=\"533\" srcset=\"https:\/\/vocesparalelas.com.ar\/sitio\/wp-content\/uploads\/2021\/12\/EIDFS-PLAZA-07.jpg 800w, https:\/\/vocesparalelas.com.ar\/sitio\/wp-content\/uploads\/2021\/12\/EIDFS-PLAZA-07-300x200.jpg 300w, https:\/\/vocesparalelas.com.ar\/sitio\/wp-content\/uploads\/2021\/12\/EIDFS-PLAZA-07-768x512.jpg 768w\" sizes=\"auto, (max-width: 800px) 100vw, 800px\" \/><\/p>\n<p><img loading=\"lazy\" decoding=\"async\" class=\"alignnone size-full wp-image-45162\" src=\"https:\/\/vocesparalelas.com.ar\/sitio\/wp-content\/uploads\/2021\/12\/EIDFS-PLAZA-05.jpg\" alt=\"\" width=\"800\" height=\"533\" srcset=\"https:\/\/vocesparalelas.com.ar\/sitio\/wp-content\/uploads\/2021\/12\/EIDFS-PLAZA-05.jpg 800w, https:\/\/vocesparalelas.com.ar\/sitio\/wp-content\/uploads\/2021\/12\/EIDFS-PLAZA-05-300x200.jpg 300w, https:\/\/vocesparalelas.com.ar\/sitio\/wp-content\/uploads\/2021\/12\/EIDFS-PLAZA-05-768x512.jpg 768w\" sizes=\"auto, (max-width: 800px) 100vw, 800px\" \/><\/p>\n<p><img loading=\"lazy\" decoding=\"async\" class=\"alignnone size-full wp-image-45161\" src=\"https:\/\/vocesparalelas.com.ar\/sitio\/wp-content\/uploads\/2021\/12\/EIDFS-PLAZA-04.jpg\" alt=\"\" width=\"800\" height=\"533\" srcset=\"https:\/\/vocesparalelas.com.ar\/sitio\/wp-content\/uploads\/2021\/12\/EIDFS-PLAZA-04.jpg 800w, https:\/\/vocesparalelas.com.ar\/sitio\/wp-content\/uploads\/2021\/12\/EIDFS-PLAZA-04-300x200.jpg 300w, https:\/\/vocesparalelas.com.ar\/sitio\/wp-content\/uploads\/2021\/12\/EIDFS-PLAZA-04-768x512.jpg 768w\" sizes=\"auto, (max-width: 800px) 100vw, 800px\" \/><\/p>\n<p><img loading=\"lazy\" decoding=\"async\" class=\"alignnone size-full wp-image-45159\" src=\"https:\/\/vocesparalelas.com.ar\/sitio\/wp-content\/uploads\/2021\/12\/EIDFS-PLAZA-02.jpg\" alt=\"\" width=\"800\" height=\"533\" srcset=\"https:\/\/vocesparalelas.com.ar\/sitio\/wp-content\/uploads\/2021\/12\/EIDFS-PLAZA-02.jpg 800w, https:\/\/vocesparalelas.com.ar\/sitio\/wp-content\/uploads\/2021\/12\/EIDFS-PLAZA-02-300x200.jpg 300w, https:\/\/vocesparalelas.com.ar\/sitio\/wp-content\/uploads\/2021\/12\/EIDFS-PLAZA-02-768x512.jpg 768w\" sizes=\"auto, (max-width: 800px) 100vw, 800px\" \/><\/p>\n<p>&nbsp;<\/p>\n<p>De esta manera, los presentes disfrutaron del espacio verde que valoriza la\u00a0 <img loading=\"lazy\" decoding=\"async\" class=\"alignnone size-full wp-image-45160\" src=\"https:\/\/vocesparalelas.com.ar\/sitio\/wp-content\/uploads\/2021\/12\/EIDFS-PLAZA-03.jpg\" alt=\"\" width=\"800\" height=\"533\" srcset=\"https:\/\/vocesparalelas.com.ar\/sitio\/wp-content\/uploads\/2021\/12\/EIDFS-PLAZA-03.jpg 800w, https:\/\/vocesparalelas.com.ar\/sitio\/wp-content\/uploads\/2021\/12\/EIDFS-PLAZA-03-300x200.jpg 300w, https:\/\/vocesparalelas.com.ar\/sitio\/wp-content\/uploads\/2021\/12\/EIDFS-PLAZA-03-768x512.jpg 768w\" sizes=\"auto, (max-width: 800px) 100vw, 800px\" \/><\/p>\n<p>&nbsp;<\/p>\n","protected":false},"excerpt":{"rendered":"<p>Las autoridades de los Institutos Preuniversitarios de la Universidad Nacional de San Juan junto las autoridades de la UNSJ, inauguraron<\/p>\n","protected":false},"author":3,"featured_media":45163,"comment_status":"closed","ping_status":"closed","sticky":false,"template":"","format":"video","meta":{"_acf_changed":false,"_seopress_robots_primary_cat":"none","_seopress_titles_title":"","_seopress_titles_desc":"","_seopress_robots_index":"","colormag_page_container_layout":"default_layout","colormag_page_sidebar_layout":"default_layout","footnotes":""},"categories":[1,7],"tags":[],"class_list":["post-45141","post","type-post","status-publish","format-video","has-post-thumbnail","hentry","category-destacadas","category-videos","post_format-post-format-video"],"acf":[],"_links":{"self":[{"href":"https:\/\/vocesparalelas.com.ar\/sitio\/wp-json\/wp\/v2\/posts\/45141","targetHints":{"allow":["GET"]}}],"collection":[{"href":"https:\/\/vocesparalelas.com.ar\/sitio\/wp-json\/wp\/v2\/posts"}],"about":[{"href":"https:\/\/vocesparalelas.com.ar\/sitio\/wp-json\/wp\/v2\/types\/post"}],"author":[{"embeddable":true,"href":"https:\/\/vocesparalelas.com.ar\/sitio\/wp-json\/wp\/v2\/users\/3"}],"replies":[{"embeddable":true,"href":"https:\/\/vocesparalelas.com.ar\/sitio\/wp-json\/wp\/v2\/comments?post=45141"}],"version-history":[{"count":3,"href":"https:\/\/vocesparalelas.com.ar\/sitio\/wp-json\/wp\/v2\/posts\/45141\/revisions"}],"predecessor-version":[{"id":45179,"href":"https:\/\/vocesparalelas.com.ar\/sitio\/wp-json\/wp\/v2\/posts\/45141\/revisions\/45179"}],"wp:featuredmedia":[{"embeddable":true,"href":"https:\/\/vocesparalelas.com.ar\/sitio\/wp-json\/wp\/v2\/media\/45163"}],"wp:attachment":[{"href":"https:\/\/vocesparalelas.com.ar\/sitio\/wp-json\/wp\/v2\/media?parent=45141"}],"wp:term":[{"taxonomy":"category","embeddable":true,"href":"https:\/\/vocesparalelas.com.ar\/sitio\/wp-json\/wp\/v2\/categories?post=45141"},{"taxonomy":"post_tag","embeddable":true,"href":"https:\/\/vocesparalelas.com.ar\/sitio\/wp-json\/wp\/v2\/tags?post=45141"}],"curies":[{"name":"wp","href":"https:\/\/api.w.org\/{rel}","templated":true}]}}