{"id":4514,"date":"2017-08-30T23:17:15","date_gmt":"2017-08-31T02:17:15","guid":{"rendered":"http:\/\/vocesparalelas.com.ar\/sitio\/?p=4514"},"modified":"2017-09-12T23:33:06","modified_gmt":"2017-09-13T02:33:06","slug":"producto-de-un-proyecto-de-investigacion-surgio-el-libro-a-100-anos-de-historia","status":"publish","type":"post","link":"https:\/\/vocesparalelas.com.ar\/sitio\/producto-de-un-proyecto-de-investigacion-surgio-el-libro-a-100-anos-de-historia\/","title":{"rendered":"Producto de un Proyecto de Investigaci\u00f3n surgi\u00f3 el Libro \u201cA 100 a\u00f1os de Historia\u201d"},"content":{"rendered":"<p>La docente de la Centenaria Escuela, Prof. Rosa Walda Tejada cont\u00f3 que \u201cesto comenz\u00f3 con un peque\u00f1o Proyecto de investigaci\u00f3n del Nivel Superior de la Escuela Normal Superior \u201cFray Justo Santa Mar\u00eda de Oro, del Departamento J\u00e1chal, donde fue creciendo y se fueron agregando otros profesores para conformar un equipo\u201d.<\/p>\n<p>\u201cFue muy importante la apertura del Archivo Hist\u00f3rico de la Escuela, que est\u00e1 coordinado por la Prof. Luisa Manrique, que nos brind\u00f3 mucha informaci\u00f3n para volcar en estos textos\u201d.<\/p>\n<p>\u201cOtra informaci\u00f3n fue recogida por otros profesores que buscaron otra v\u00eda con referentes testigos por el paso por la Instituci\u00f3n Educativa.<\/p>\n<p>\u201cOtro equipo de Profesores se encarg\u00f3 de recolectar fotos de egresados. Sinceramente, ninguno de los profesores que trabaj\u00f3 no se imagin\u00f3 lo que encontr\u00f3 y fue un arduo trabajo. Adem\u00e1s, en este camino jam\u00e1s nos imaginamos que se iba a volcar en un libro y que hoy se haga realidad con un regalo tan maravilloso para estos 100 a\u00f1os de la Escuela Normal Superior \u2018Fray Justo Santa Mar\u00eda de Oro\u2019.<\/p>\n<p>\u201cEn el libro van a encontrar una rese\u00f1a de cada una de los Niveles Educativos y los distintas transformaciones que tuvo cada uno de ellos a los lardo de estos 100 a\u00f1os. En este aspecto, cada Directora se encarg\u00f3 de buscar la informaci\u00f3n y rese\u00f1ar las caracter\u00edsticas del mismo\u201d.<\/p>\n<p>\u201cEstoy muy satisfecha por el equipo que colabor\u00f3 y a todo ellos les agradezco la tarea encomendada. Adem\u00e1s, les agradezco al Vicegobernador Dr. Marcelo Lima por haber colaborado y permitido que la Escuela Normal Superior \u201cFray Justo Santa Mar\u00eda de Oro\u201d, tenga su libro \u2018100 a\u00f1os de Historia\u2019, que despu\u00e9s de tanta b\u00fasqueda de informaci\u00f3n qued\u00f3 plasmado en una situaci\u00f3n de realidad\u201d.<\/p>\n<p><img loading=\"lazy\" decoding=\"async\" class=\"alignnone size-medium wp-image-4509 aligncenter\" src=\"https:\/\/vocesparalelas.com.ar\/sitio\/wp-content\/uploads\/2017\/08\/JACHAL-LIBRO-300x200.jpg\" alt=\"\" width=\"300\" height=\"200\" srcset=\"https:\/\/vocesparalelas.com.ar\/sitio\/wp-content\/uploads\/2017\/08\/JACHAL-LIBRO-300x200.jpg 300w, https:\/\/vocesparalelas.com.ar\/sitio\/wp-content\/uploads\/2017\/08\/JACHAL-LIBRO-768x512.jpg 768w, https:\/\/vocesparalelas.com.ar\/sitio\/wp-content\/uploads\/2017\/08\/JACHAL-LIBRO-800x534.jpg 800w, https:\/\/vocesparalelas.com.ar\/sitio\/wp-content\/uploads\/2017\/08\/JACHAL-LIBRO.jpg 1000w\" sizes=\"auto, (max-width: 300px) 100vw, 300px\" \/><\/p>\n<p>Luego, la Rectora de la Escuela, Prof. Mirtha Silva subray\u00f3 que \u201cestamos celebrando el centenario de la instituci\u00f3n porque se lo merece por la gran cantidad de docentes que dio al Departamento J\u00e1chal pero as\u00ed tambi\u00e9n de alumnos que legaron de otros departamentos como Valle F\u00e9rtil y Calingasta. El 1 de Septiembre llegan al festejo muchos jachalleros que est\u00e1n dispersos en el pa\u00eds y en el mundo. Sinceramente, queremos festejar con todos los ex alumnos que se formaron en la Escuela Normal\u201d.<\/p>\n<p>\u201cAdem\u00e1s, este regalo que nos hace el Fondo Editorial de la C\u00e1mara de Diputados es el cierre de un trabajo de investigaci\u00f3n de los Profesores del Nivel Superior de la Escuela Centenaria. Agradezco a todos los que hicieron posibles que nuestra Escuela Normal Centenaria tenga su propio libro \u2018A 100 a\u00f1os de Historia\u2019, que m\u00e1s de un jachallero lo va a querer tener porque nuestra escuela es emblem\u00e1tica en el Departamento J\u00e1chal\u201d \u2013 concluy\u00f3 emocionada la Rectora Silva.<\/p>\n<p>&nbsp;<\/p>\n<p>&nbsp;<\/p>\n<p>&nbsp;<\/p>\n<p>&nbsp;<\/p>\n","protected":false},"excerpt":{"rendered":"<p>La docente de la Centenaria Escuela, Prof. Rosa Walda Tejada cont\u00f3 que \u201cesto comenz\u00f3 con un peque\u00f1o Proyecto de investigaci\u00f3n<\/p>\n","protected":false},"author":3,"featured_media":4516,"comment_status":"closed","ping_status":"closed","sticky":false,"template":"","format":"standard","meta":{"_acf_changed":false,"_seopress_robots_primary_cat":"","_seopress_titles_title":"","_seopress_titles_desc":"","_seopress_robots_index":"","colormag_page_container_layout":"default_layout","colormag_page_sidebar_layout":"default_layout","footnotes":""},"categories":[6],"tags":[],"class_list":["post-4514","post","type-post","status-publish","format-standard","has-post-thumbnail","hentry","category-eventos"],"acf":[],"_links":{"self":[{"href":"https:\/\/vocesparalelas.com.ar\/sitio\/wp-json\/wp\/v2\/posts\/4514","targetHints":{"allow":["GET"]}}],"collection":[{"href":"https:\/\/vocesparalelas.com.ar\/sitio\/wp-json\/wp\/v2\/posts"}],"about":[{"href":"https:\/\/vocesparalelas.com.ar\/sitio\/wp-json\/wp\/v2\/types\/post"}],"author":[{"embeddable":true,"href":"https:\/\/vocesparalelas.com.ar\/sitio\/wp-json\/wp\/v2\/users\/3"}],"replies":[{"embeddable":true,"href":"https:\/\/vocesparalelas.com.ar\/sitio\/wp-json\/wp\/v2\/comments?post=4514"}],"version-history":[{"count":0,"href":"https:\/\/vocesparalelas.com.ar\/sitio\/wp-json\/wp\/v2\/posts\/4514\/revisions"}],"wp:featuredmedia":[{"embeddable":true,"href":"https:\/\/vocesparalelas.com.ar\/sitio\/wp-json\/wp\/v2\/media\/4516"}],"wp:attachment":[{"href":"https:\/\/vocesparalelas.com.ar\/sitio\/wp-json\/wp\/v2\/media?parent=4514"}],"wp:term":[{"taxonomy":"category","embeddable":true,"href":"https:\/\/vocesparalelas.com.ar\/sitio\/wp-json\/wp\/v2\/categories?post=4514"},{"taxonomy":"post_tag","embeddable":true,"href":"https:\/\/vocesparalelas.com.ar\/sitio\/wp-json\/wp\/v2\/tags?post=4514"}],"curies":[{"name":"wp","href":"https:\/\/api.w.org\/{rel}","templated":true}]}}