{"id":45113,"date":"2021-12-22T23:19:54","date_gmt":"2021-12-23T02:19:54","guid":{"rendered":"https:\/\/vocesparalelas.com.ar\/sitio\/?p=45113"},"modified":"2021-12-24T00:21:25","modified_gmt":"2021-12-24T03:21:25","slug":"cronograma-de-reubicacion-de-alumnos-al-nivel-inicial-ciclo-lectivo-2022","status":"publish","type":"post","link":"https:\/\/vocesparalelas.com.ar\/sitio\/cronograma-de-reubicacion-de-alumnos-al-nivel-inicial-ciclo-lectivo-2022\/","title":{"rendered":"Cronograma de reubicaci\u00f3n de alumnos al Nivel Inicial Ciclo Lectivo 2022"},"content":{"rendered":"<p>La Direcci\u00f3n de Educaci\u00f3n Inicial comunica a padres, tutores o responsables que por no encontrar vacante o por cambio de domicilio no inscribieron para el Ciclo Lectivo 2022 a sus hijos\/as a Sala de 3, 4 y 5 a\u00f1os, que el Proceso de Reubicaci\u00f3n se realizar\u00e1 del 21 al 25 de febrero del 2022.<\/p>\n<p>Los interesados tienen que dirigirse a la Escuela Sede seleccionada en el departamento en el que residen, en los siguientes horarios:<\/p>\n<ul>\n<li>Turno ma\u00f1ana: de 8:30 a 12 horas<\/li>\n<li>Turno tarde: de 13:30 a 17 horas<\/li>\n<\/ul>\n<p>Para la inscripci\u00f3n deben presentar fotocopia de cara y contracara del DNI del ni\u00f1o o la ni\u00f1a<\/p>\n<p>Por consultas, comunicarse en horario de 8 a 13 con la Direcci\u00f3n de Educaci\u00f3n Inicial, tel\u00e9fono 4305798.<\/p>\n<p>Las escuelas sedes a las que deben dirigirse son las siguientes:<\/p>\n<p><img loading=\"lazy\" decoding=\"async\" class=\"alignnone size-full wp-image-45115 aligncenter\" src=\"https:\/\/vocesparalelas.com.ar\/sitio\/wp-content\/uploads\/2021\/12\/ENI-REUBICACION-01.jpg\" alt=\"\" width=\"610\" height=\"681\" srcset=\"https:\/\/vocesparalelas.com.ar\/sitio\/wp-content\/uploads\/2021\/12\/ENI-REUBICACION-01.jpg 610w, https:\/\/vocesparalelas.com.ar\/sitio\/wp-content\/uploads\/2021\/12\/ENI-REUBICACION-01-269x300.jpg 269w\" sizes=\"auto, (max-width: 610px) 100vw, 610px\" \/><\/p>\n<p><img loading=\"lazy\" decoding=\"async\" class=\"alignnone size-full wp-image-45116 aligncenter\" src=\"https:\/\/vocesparalelas.com.ar\/sitio\/wp-content\/uploads\/2021\/12\/ENI-REUBICACION-02.jpg\" alt=\"\" width=\"468\" height=\"280\" srcset=\"https:\/\/vocesparalelas.com.ar\/sitio\/wp-content\/uploads\/2021\/12\/ENI-REUBICACION-02.jpg 468w, https:\/\/vocesparalelas.com.ar\/sitio\/wp-content\/uploads\/2021\/12\/ENI-REUBICACION-02-300x179.jpg 300w\" sizes=\"auto, (max-width: 468px) 100vw, 468px\" \/><\/p>\n<p>&nbsp;<\/p>\n<p>&nbsp;<\/p>\n<p>&nbsp;<\/p>\n","protected":false},"excerpt":{"rendered":"<p>La Direcci\u00f3n de Educaci\u00f3n Inicial comunica a padres, tutores o responsables que por no encontrar vacante o por cambio de<\/p>\n","protected":false},"author":3,"featured_media":8906,"comment_status":"closed","ping_status":"closed","sticky":false,"template":"","format":"standard","meta":{"_acf_changed":false,"_seopress_robots_primary_cat":"none","_seopress_titles_title":"","_seopress_titles_desc":"","_seopress_robots_index":"","colormag_page_container_layout":"default_layout","colormag_page_sidebar_layout":"default_layout","footnotes":""},"categories":[2],"tags":[],"class_list":["post-45113","post","type-post","status-publish","format-standard","has-post-thumbnail","hentry","category-convocatorias"],"acf":[],"_links":{"self":[{"href":"https:\/\/vocesparalelas.com.ar\/sitio\/wp-json\/wp\/v2\/posts\/45113","targetHints":{"allow":["GET"]}}],"collection":[{"href":"https:\/\/vocesparalelas.com.ar\/sitio\/wp-json\/wp\/v2\/posts"}],"about":[{"href":"https:\/\/vocesparalelas.com.ar\/sitio\/wp-json\/wp\/v2\/types\/post"}],"author":[{"embeddable":true,"href":"https:\/\/vocesparalelas.com.ar\/sitio\/wp-json\/wp\/v2\/users\/3"}],"replies":[{"embeddable":true,"href":"https:\/\/vocesparalelas.com.ar\/sitio\/wp-json\/wp\/v2\/comments?post=45113"}],"version-history":[{"count":1,"href":"https:\/\/vocesparalelas.com.ar\/sitio\/wp-json\/wp\/v2\/posts\/45113\/revisions"}],"predecessor-version":[{"id":45117,"href":"https:\/\/vocesparalelas.com.ar\/sitio\/wp-json\/wp\/v2\/posts\/45113\/revisions\/45117"}],"wp:featuredmedia":[{"embeddable":true,"href":"https:\/\/vocesparalelas.com.ar\/sitio\/wp-json\/wp\/v2\/media\/8906"}],"wp:attachment":[{"href":"https:\/\/vocesparalelas.com.ar\/sitio\/wp-json\/wp\/v2\/media?parent=45113"}],"wp:term":[{"taxonomy":"category","embeddable":true,"href":"https:\/\/vocesparalelas.com.ar\/sitio\/wp-json\/wp\/v2\/categories?post=45113"},{"taxonomy":"post_tag","embeddable":true,"href":"https:\/\/vocesparalelas.com.ar\/sitio\/wp-json\/wp\/v2\/tags?post=45113"}],"curies":[{"name":"wp","href":"https:\/\/api.w.org\/{rel}","templated":true}]}}