{"id":4511,"date":"2017-08-30T23:03:08","date_gmt":"2017-08-31T02:03:08","guid":{"rendered":"http:\/\/vocesparalelas.com.ar\/sitio\/?p=4511"},"modified":"2017-11-10T17:42:59","modified_gmt":"2017-11-10T20:42:59","slug":"por-los-rondines-que-realiza-el-movil-comunal-de-rivadavia-se-logro-una-rapida-actuacion-frente-a-un-ilicito","status":"publish","type":"post","link":"https:\/\/vocesparalelas.com.ar\/sitio\/por-los-rondines-que-realiza-el-movil-comunal-de-rivadavia-se-logro-una-rapida-actuacion-frente-a-un-ilicito\/","title":{"rendered":"Por los rondines que realiza el M\u00f3vil Comunal de Rivadavia se logr\u00f3 una r\u00e1pida actuaci\u00f3n frente a un il\u00edcito"},"content":{"rendered":"<p>La Municipalidad de Rivadavia informa que siendo las 12.30 hs.; del Mi\u00e9rcoles, 30 de Agosto, en circunstancias que el M\u00f3vil Comunal interno N\u00ba 07; a cargo de la agente Dom\u00ednguez y el chofer Castro, realizando el recorrida cotidiano de vigilancia por Ignacio de la Roza.<\/p>\n<p>En su paso de circulaci\u00f3n, fue requerido por un vecino el cual manifiesto que una persona de sexo masculino lo sorprendi\u00f3 en el inmueble.<\/p>\n<p>Es as\u00ed que en el lugar en que se produjo el il\u00edcito, el agente constata lo expresado por el vecino.<\/p>\n<p>Se trat\u00f3 de un individuo de sexo masculino, de 19 a\u00f1os, que intento cometer un il\u00edcito amenazando con un arma calibre 22.<\/p>\n<p>\u00c9ste en el momento del il\u00edcito fue reducido por el propietario del inmueble donde funciona un lavadero e inmediatamente se hicieron presente el m\u00f3vil 19 a cargo de oficial Torres y el chofer Alaniz y la justicia.<\/p>\n<p>Una vez que se levant\u00f3 el acta y finalizada las pericias por parte de la Justicia y la polic\u00eda de San Juan, se procediendo el traslado del individuo en calidad de aprendido y se secuestr\u00f3 el arma calibre 22, utilizado para el atraco y amenaza al due\u00f1o del lavadero, a la Comisar\u00eda 13, donde qued\u00f3 detenido.<\/p>\n<p>Adem\u00e1s, se solicit\u00f3 al damnificado que se trasladara a la Camiser\u00eda a realizar el acta de denuncia.<\/p>\n<p><strong>Aportes de las Voces Paralelas<\/strong><\/p>\n<p>Esta posici\u00f3n del actuar r\u00e1pido de la Polic\u00eda Comunal de Rivadavia, que permanentemente hace rondines en distintos lugares del Departamento, permiti\u00f3 socorrer a un vecinos que lo necesit\u00f3 y ayudarlo porque el intruso que altera la vida laboral de la gente que trabaja en el lavadero y que apuestan al Departamento de Rivadavia y a San Juan, se vio interrumpida.<\/p>\n<p>Este accionar es que vale la pena y que se preste la atenci\u00f3n que el intruso que apuesta a la intranquilidad, a los nervios y al trabajo honrado de los que lo hacen pues que la justicia act\u00fae y defienda al trabajador para que cumpla la condena que le corresponde y que despu\u00e9s, que se lo condene no lo pierdan de vista para que realmente tenga los profesionales adecuados para que se recupere a la sociedad y recupere su autoestima y que trabaje ganado dinero digno.<\/p>\n<p>&nbsp;<\/p>\n<p>&nbsp;<\/p>\n<p>&nbsp;<\/p>\n","protected":false},"excerpt":{"rendered":"<p>La Municipalidad de Rivadavia informa que siendo las 12.30 hs.; del Mi\u00e9rcoles, 30 de Agosto, en circunstancias que el M\u00f3vil<\/p>\n","protected":false},"author":3,"featured_media":4512,"comment_status":"closed","ping_status":"closed","sticky":false,"template":"","format":"standard","meta":{"_acf_changed":false,"_seopress_robots_primary_cat":"","_seopress_titles_title":"","_seopress_titles_desc":"","_seopress_robots_index":"","colormag_page_container_layout":"default_layout","colormag_page_sidebar_layout":"default_layout","footnotes":""},"categories":[6],"tags":[],"class_list":["post-4511","post","type-post","status-publish","format-standard","has-post-thumbnail","hentry","category-eventos"],"acf":[],"_links":{"self":[{"href":"https:\/\/vocesparalelas.com.ar\/sitio\/wp-json\/wp\/v2\/posts\/4511","targetHints":{"allow":["GET"]}}],"collection":[{"href":"https:\/\/vocesparalelas.com.ar\/sitio\/wp-json\/wp\/v2\/posts"}],"about":[{"href":"https:\/\/vocesparalelas.com.ar\/sitio\/wp-json\/wp\/v2\/types\/post"}],"author":[{"embeddable":true,"href":"https:\/\/vocesparalelas.com.ar\/sitio\/wp-json\/wp\/v2\/users\/3"}],"replies":[{"embeddable":true,"href":"https:\/\/vocesparalelas.com.ar\/sitio\/wp-json\/wp\/v2\/comments?post=4511"}],"version-history":[{"count":0,"href":"https:\/\/vocesparalelas.com.ar\/sitio\/wp-json\/wp\/v2\/posts\/4511\/revisions"}],"wp:featuredmedia":[{"embeddable":true,"href":"https:\/\/vocesparalelas.com.ar\/sitio\/wp-json\/wp\/v2\/media\/4512"}],"wp:attachment":[{"href":"https:\/\/vocesparalelas.com.ar\/sitio\/wp-json\/wp\/v2\/media?parent=4511"}],"wp:term":[{"taxonomy":"category","embeddable":true,"href":"https:\/\/vocesparalelas.com.ar\/sitio\/wp-json\/wp\/v2\/categories?post=4511"},{"taxonomy":"post_tag","embeddable":true,"href":"https:\/\/vocesparalelas.com.ar\/sitio\/wp-json\/wp\/v2\/tags?post=4511"}],"curies":[{"name":"wp","href":"https:\/\/api.w.org\/{rel}","templated":true}]}}