{"id":45067,"date":"2021-12-21T22:03:33","date_gmt":"2021-12-22T01:03:33","guid":{"rendered":"https:\/\/vocesparalelas.com.ar\/sitio\/?p=45067"},"modified":"2021-12-21T22:11:29","modified_gmt":"2021-12-22T01:11:29","slug":"asumio-el-dr-miguel-angel-grecco-como-interventor-de-la-osp","status":"publish","type":"post","link":"https:\/\/vocesparalelas.com.ar\/sitio\/asumio-el-dr-miguel-angel-grecco-como-interventor-de-la-osp\/","title":{"rendered":"Asumi\u00f3 el Dr. Miguel \u00c1ngel Grecco como interventor de la OSP"},"content":{"rendered":"<p>Acompa\u00f1aron en el acto de asunci\u00f3n, el secretario T\u00e9cnico Dr. Isidro Putelli, el secretario Administrativo Lic. Guillermo Benelvaz; la secretaria de Planificaci\u00f3n Dra. Alina Almaz\u00e1n; el interventor saliente Daniel Gimeno; representantes de instituciones privadas y prestadores de la provincia; directores, jefes de zonas sanitarias, entre otras autoridades.<\/p>\n<p>Que por decreto del gobernador Dr. Sergio U\u00f1ac y en uso de la facultad para nombrar y remover funcionarios de la Administraci\u00f3n P\u00fablica Provincial, se designa al Dr. Miguel \u00c1ngel Grecco en el cargo de Interventor de la Obra Social Provincia, por reunir las condiciones legales e idoneidad t\u00e9cnica para desempe\u00f1ar dicho cargo.<\/p>\n<p>Hasta la fecha, el Dr. Grecco cumpl\u00eda funciones como subinterventor de DOS. Es m\u00e9dico Pediatra, fue Director del Hospital Federico Cantoni, de Pocito y director del Programa Incluir Salud.<\/p>\n<p>Es as\u00ed que el Dr. Grecco agradeci\u00f3 a la ministro \u201cpor la confianza depositada en mi persona para reemplazar a Daniel como compa\u00f1ero de trabajo. Tambi\u00e9n quiero agradecer al gobernador por confiar en nosotros y a todos los presentes quiero contarles que llevamos a\u00f1os trabajando en esta gesti\u00f3n y la idea es poder continuar de manera articulada con el fin de maximizar el servicio a todos los beneficiarios que tiene la obra social, articulando la pol\u00edtica de la obra social con el ministerio y con todos los organismos del estado\u201d.<\/p>\n<p>Por su parte, la jefa de la cartera sanitaria agradeci\u00f3 a las autoridades que acompa\u00f1aron, al ex interventor Dr. Daniel Gimeno por estar presente, a las autoridades de las distintas instituciones y prestadores.<\/p>\n<p>\u201cComo dec\u00eda Miguel, hace mucho tiempo que trabajamos juntos, conocemos de su desempe\u00f1o en otras \u00e1reas, de su tarea, es una persona que ha transitado mucho el \u00e1mbito de las obras sociales, y hoy poder estar al frente como interventor de la obra social que m\u00e1s afiliados tiene en nuestra provincia, no solamente es un gran desaf\u00edo para el sino que tambi\u00e9n es una posibilidad de continuar con una estrategia, con una planificaci\u00f3n de trabajo que se ven\u00eda realizando desde hace dos a\u00f1os con Daniel y hoy seguramente Miguel dar\u00e1 continuidad y le pondr\u00e1 su impronta\u201d, se\u00f1al\u00f3.<\/p>\n<p>\u201cNecesitamos seguir trabajando de manera articulada con las distintas instituciones, no solamente con el \u00e1mbito p\u00fablico, sino tambi\u00e9n con todas las instituciones privadas. La pandemia ha dejado indudablemente en evidencia que nadie puede salir solo y que nosotros como provincia hemos podido trabajar de manera mancomunada con todas las instituciones por el bien de la salud de todos los sanjuaninos y de todas las sanjuaninas. Es importante seguir articulando estas pol\u00edticas de trabajo para mejorar la calidad de atenci\u00f3n de los afiliados y por supuesto tambi\u00e9n de aquellas personas que requieren de la atenci\u00f3n en el \u00e1mbito p\u00fablico\u201d, finaliz\u00f3.<\/p>\n","protected":false},"excerpt":{"rendered":"<p>Acompa\u00f1aron en el acto de asunci\u00f3n, el secretario T\u00e9cnico Dr. Isidro Putelli, el secretario Administrativo Lic. Guillermo Benelvaz; la secretaria<\/p>\n","protected":false},"author":3,"featured_media":45069,"comment_status":"closed","ping_status":"closed","sticky":false,"template":"","format":"standard","meta":{"_acf_changed":false,"_seopress_robots_primary_cat":"none","_seopress_titles_title":"","_seopress_titles_desc":"","_seopress_robots_index":"","colormag_page_container_layout":"default_layout","colormag_page_sidebar_layout":"default_layout","footnotes":""},"categories":[1],"tags":[],"class_list":["post-45067","post","type-post","status-publish","format-standard","has-post-thumbnail","hentry","category-destacadas"],"acf":[],"_links":{"self":[{"href":"https:\/\/vocesparalelas.com.ar\/sitio\/wp-json\/wp\/v2\/posts\/45067","targetHints":{"allow":["GET"]}}],"collection":[{"href":"https:\/\/vocesparalelas.com.ar\/sitio\/wp-json\/wp\/v2\/posts"}],"about":[{"href":"https:\/\/vocesparalelas.com.ar\/sitio\/wp-json\/wp\/v2\/types\/post"}],"author":[{"embeddable":true,"href":"https:\/\/vocesparalelas.com.ar\/sitio\/wp-json\/wp\/v2\/users\/3"}],"replies":[{"embeddable":true,"href":"https:\/\/vocesparalelas.com.ar\/sitio\/wp-json\/wp\/v2\/comments?post=45067"}],"version-history":[{"count":3,"href":"https:\/\/vocesparalelas.com.ar\/sitio\/wp-json\/wp\/v2\/posts\/45067\/revisions"}],"predecessor-version":[{"id":45072,"href":"https:\/\/vocesparalelas.com.ar\/sitio\/wp-json\/wp\/v2\/posts\/45067\/revisions\/45072"}],"wp:featuredmedia":[{"embeddable":true,"href":"https:\/\/vocesparalelas.com.ar\/sitio\/wp-json\/wp\/v2\/media\/45069"}],"wp:attachment":[{"href":"https:\/\/vocesparalelas.com.ar\/sitio\/wp-json\/wp\/v2\/media?parent=45067"}],"wp:term":[{"taxonomy":"category","embeddable":true,"href":"https:\/\/vocesparalelas.com.ar\/sitio\/wp-json\/wp\/v2\/categories?post=45067"},{"taxonomy":"post_tag","embeddable":true,"href":"https:\/\/vocesparalelas.com.ar\/sitio\/wp-json\/wp\/v2\/tags?post=45067"}],"curies":[{"name":"wp","href":"https:\/\/api.w.org\/{rel}","templated":true}]}}