{"id":45050,"date":"2021-12-20T20:38:35","date_gmt":"2021-12-20T23:38:35","guid":{"rendered":"https:\/\/vocesparalelas.com.ar\/sitio\/?p=45050"},"modified":"2021-12-22T01:57:25","modified_gmt":"2021-12-22T04:57:25","slug":"inscripcion-a-tutorias-docentes-para-practicas-y-pasantias-de-la-faud-de-la-unsj","status":"publish","type":"post","link":"https:\/\/vocesparalelas.com.ar\/sitio\/inscripcion-a-tutorias-docentes-para-practicas-y-pasantias-de-la-faud-de-la-unsj\/","title":{"rendered":"Inscripci\u00f3n a tutor\u00edas docentes para pr\u00e1cticas y pasant\u00edas de la FAUD de la UNSJ"},"content":{"rendered":"<p>La Facultad de Arquitectura, Urbanismo y Dise\u00f1o informa que se encuentra\u00a0abierta la inscripci\u00f3n para realizar tutor\u00edas internas para pr\u00e1cticas y pasant\u00edas.<\/p>\n<p>Aquellos docentes que tengan disponibilidad en su carga horaria, pueden inscribirse completando el siguiente formulario<\/p>\n<p><a href=\"https:\/\/docs.google.com\/forms\/d\/1pY5zTB6xsJh37OQiICgzn5gXxnx_gBmTFyG24-OWlj0\/viewform?edit_requested=true\">https:\/\/docs.google.com\/forms\/d\/1pY5zTB6xsJh37OQiICgzn5gXxnx_gBmTFyG24-OWlj0\/viewform?edit_requested=true<\/a><\/p>\n<p>El formulario estar\u00e1 disponible hasta el 15 de marzo, fecha en la que se abrir\u00e1n\u00a0nuevas convocatorias seg\u00fan las necesidades de las actividades.<\/p>\n<p><img loading=\"lazy\" decoding=\"async\" class=\"alignnone size-large wp-image-45054\" src=\"https:\/\/vocesparalelas.com.ar\/sitio\/wp-content\/uploads\/2021\/12\/FAUD-TUTORIAS-800x286.jpg\" alt=\"\" width=\"800\" height=\"286\" srcset=\"https:\/\/vocesparalelas.com.ar\/sitio\/wp-content\/uploads\/2021\/12\/FAUD-TUTORIAS-800x286.jpg 800w, https:\/\/vocesparalelas.com.ar\/sitio\/wp-content\/uploads\/2021\/12\/FAUD-TUTORIAS-300x107.jpg 300w, https:\/\/vocesparalelas.com.ar\/sitio\/wp-content\/uploads\/2021\/12\/FAUD-TUTORIAS-768x274.jpg 768w, https:\/\/vocesparalelas.com.ar\/sitio\/wp-content\/uploads\/2021\/12\/FAUD-TUTORIAS.jpg 980w\" sizes=\"auto, (max-width: 800px) 100vw, 800px\" \/><\/p>\n<p>&nbsp;<\/p>\n","protected":false},"excerpt":{"rendered":"<p>La Facultad de Arquitectura, Urbanismo y Dise\u00f1o informa que se encuentra\u00a0abierta la inscripci\u00f3n para realizar tutor\u00edas internas para pr\u00e1cticas y<\/p>\n","protected":false},"author":3,"featured_media":43789,"comment_status":"closed","ping_status":"closed","sticky":false,"template":"","format":"standard","meta":{"_acf_changed":false,"_seopress_robots_primary_cat":"none","_seopress_titles_title":"","_seopress_titles_desc":"","_seopress_robots_index":"","colormag_page_container_layout":"default_layout","colormag_page_sidebar_layout":"default_layout","footnotes":""},"categories":[2],"tags":[],"class_list":["post-45050","post","type-post","status-publish","format-standard","has-post-thumbnail","hentry","category-convocatorias"],"acf":[],"_links":{"self":[{"href":"https:\/\/vocesparalelas.com.ar\/sitio\/wp-json\/wp\/v2\/posts\/45050","targetHints":{"allow":["GET"]}}],"collection":[{"href":"https:\/\/vocesparalelas.com.ar\/sitio\/wp-json\/wp\/v2\/posts"}],"about":[{"href":"https:\/\/vocesparalelas.com.ar\/sitio\/wp-json\/wp\/v2\/types\/post"}],"author":[{"embeddable":true,"href":"https:\/\/vocesparalelas.com.ar\/sitio\/wp-json\/wp\/v2\/users\/3"}],"replies":[{"embeddable":true,"href":"https:\/\/vocesparalelas.com.ar\/sitio\/wp-json\/wp\/v2\/comments?post=45050"}],"version-history":[{"count":1,"href":"https:\/\/vocesparalelas.com.ar\/sitio\/wp-json\/wp\/v2\/posts\/45050\/revisions"}],"predecessor-version":[{"id":45055,"href":"https:\/\/vocesparalelas.com.ar\/sitio\/wp-json\/wp\/v2\/posts\/45050\/revisions\/45055"}],"wp:featuredmedia":[{"embeddable":true,"href":"https:\/\/vocesparalelas.com.ar\/sitio\/wp-json\/wp\/v2\/media\/43789"}],"wp:attachment":[{"href":"https:\/\/vocesparalelas.com.ar\/sitio\/wp-json\/wp\/v2\/media?parent=45050"}],"wp:term":[{"taxonomy":"category","embeddable":true,"href":"https:\/\/vocesparalelas.com.ar\/sitio\/wp-json\/wp\/v2\/categories?post=45050"},{"taxonomy":"post_tag","embeddable":true,"href":"https:\/\/vocesparalelas.com.ar\/sitio\/wp-json\/wp\/v2\/tags?post=45050"}],"curies":[{"name":"wp","href":"https:\/\/api.w.org\/{rel}","templated":true}]}}