{"id":4502,"date":"2017-08-30T20:49:31","date_gmt":"2017-08-30T23:49:31","guid":{"rendered":"http:\/\/vocesparalelas.com.ar\/sitio\/?p=4502"},"modified":"2017-09-12T23:12:04","modified_gmt":"2017-09-13T02:12:04","slug":"se-presento-el-libro-a-100-anos-de-historia","status":"publish","type":"post","link":"https:\/\/vocesparalelas.com.ar\/sitio\/se-presento-el-libro-a-100-anos-de-historia\/","title":{"rendered":"Se present\u00f3 el Libro \u201cA 100 a\u00f1os de Historia\u201d"},"content":{"rendered":"<p>El Presidente de la C\u00e1mara de Diputados, Marcelo Jorge Lima, presidi\u00f3 la presentaci\u00f3n del libro \u201cA 100 a\u00f1os de Historia\u201d a 100 a\u00f1os de la Escuela Normal Superior \u201cFray Justo Santa Mar\u00eda de Oro, del Departamento J\u00e1chal, en la sala de Vicegobernadores del edificio legislativo.<\/p>\n<p>En la ocasi\u00f3n, asistieron los secretarios Legislativo y Administrativo de la C\u00e1mara de Diputados, Mario Herrero y Juan S\u00e1nchez, respectivamente; el legislador nacional, Ing. Jos\u00e9 Luis Gioja; el diputado departamental, Arq. Jorge Barifusa; el presidente del bloque Justicialista, legislador Dr. Pablo Garc\u00eda Nieto; dem\u00e1s diputados provinciales; el presidente del Concejo Deliberante de la Municipalidad de J\u00e1chal, Javier Llano; el decano de la Facultad de Ciencias Sociales de la Universidad Nacional de San Juan, Lic. Ra\u00fal Garc\u00eda; la rectora de la escuela Normal Superior Fray Justo Santa Mar\u00eda de Oro, Prof. Mirta Silva y miembros de la comunidad jachallera.<\/p>\n<p><img loading=\"lazy\" decoding=\"async\" class=\"alignnone size-medium wp-image-4505 alignleft\" src=\"https:\/\/vocesparalelas.com.ar\/sitio\/wp-content\/uploads\/2017\/08\/CAMARA-JACHAL-03-300x200.jpg\" alt=\"\" width=\"300\" height=\"200\" srcset=\"https:\/\/vocesparalelas.com.ar\/sitio\/wp-content\/uploads\/2017\/08\/CAMARA-JACHAL-03-300x200.jpg 300w, https:\/\/vocesparalelas.com.ar\/sitio\/wp-content\/uploads\/2017\/08\/CAMARA-JACHAL-03-768x512.jpg 768w, https:\/\/vocesparalelas.com.ar\/sitio\/wp-content\/uploads\/2017\/08\/CAMARA-JACHAL-03-800x534.jpg 800w, https:\/\/vocesparalelas.com.ar\/sitio\/wp-content\/uploads\/2017\/08\/CAMARA-JACHAL-03.jpg 1000w\" sizes=\"auto, (max-width: 300px) 100vw, 300px\" \/><\/p>\n<p><img loading=\"lazy\" decoding=\"async\" class=\"alignnone size-medium wp-image-4509\" src=\"https:\/\/vocesparalelas.com.ar\/sitio\/wp-content\/uploads\/2017\/08\/JACHAL-LIBRO-300x200.jpg\" alt=\"\" width=\"300\" height=\"200\" srcset=\"https:\/\/vocesparalelas.com.ar\/sitio\/wp-content\/uploads\/2017\/08\/JACHAL-LIBRO-300x200.jpg 300w, https:\/\/vocesparalelas.com.ar\/sitio\/wp-content\/uploads\/2017\/08\/JACHAL-LIBRO-768x512.jpg 768w, https:\/\/vocesparalelas.com.ar\/sitio\/wp-content\/uploads\/2017\/08\/JACHAL-LIBRO-800x534.jpg 800w, https:\/\/vocesparalelas.com.ar\/sitio\/wp-content\/uploads\/2017\/08\/JACHAL-LIBRO.jpg 1000w\" sizes=\"auto, (max-width: 300px) 100vw, 300px\" \/><\/p>\n<p>&nbsp;<\/p>\n<p>Tambi\u00e9n estuvieron presentes los autores de esta publicaci\u00f3n: Tejada, Rosa Walda; Rosales, Largio; Vega, Andr\u00e9s; T\u00e1\u00f1ez, Dunia;\u00a0 Manrique, Luisa; Del Castillo, Samira; Cangialosi, Marisa; Villalba, Jaquelina; Trigo, Luis; Carrizo, Elio; S\u00e1nchez, Sonia; Tejada, Rosa Walda; Castillo, Jos\u00e9 Luis; Arn\u00e1ez, Emilce; Neira, Marcela; Lucero, Nelly; Pedrozo, Laura; Rold\u00e1n, Carolina; Godoy, Liliana; Calivar, Carolina; Silva, Mario; L\u00e9pez, Mary; Casas, Jos\u00e9; Espejo, Osvaldo y Silva, Mirtha Alida.<\/p>\n<p>La Rectora de la instituci\u00f3n homenajeada, Prof. Mirta Silva puntualiz\u00f3 que \u201cen representaci\u00f3n de la comunidad educativa traigo un mensaje de agradecimiento para todos aquellos que participaron para que este libro sea una venturosa realidad\u201d.<\/p>\n<p>\u201cEste proyecto naci\u00f3 de un grupo de profesores de nivel superior y fue avalado por las autoridades escolares a trav\u00e9s de una disposici\u00f3n interna, previo tratamiento por el Consejo Acad\u00e9mico, para su aprobaci\u00f3n. La coordinaci\u00f3n estuvo a cargo de la profesora Rosa Tejada, quien cont\u00f3 con un equipo de trabajo que realiz\u00f3 la recolecci\u00f3n de informaci\u00f3n\u201d.<\/p>\n<p>Luego, el presidente del Concejo Deliberante de la Municipalidad de J\u00e1chal, Javier Llano remarc\u00f3 que \u201ces para nosotros un honor poder participar en estos cien a\u00f1os de historia junto al pueblo que se viste de fiesta para homenajear a su escuela que es el icono de la educaci\u00f3n departamental\u201d.<\/p>\n<p>Seguidamente, el diputado departamental y ex alumno de la Instituci\u00f3n, Arq. Jorge Barifusa agreg\u00f3 que \u201cvamos a tener la oportunidad, este viernes, de juntarnos compa\u00f1eros de distintas promociones, ver algunos profesores, porteros y acordarnos de las cosas que nos han pasado en esa parte de la vida por nuestro paso de la querida Escuela Normal. Considero que esto es lo m\u00e1s rico que vamos a vivir, una escuela que no solo era una referencia en J\u00e1chal, porque alumnos de Iglesia y Valle F\u00e9rtil llegaron en la \u00e9poca nuestra a formarse en esta escuela porque era un establecimiento a nivel regional\u201d.<\/p>\n<p>Seguidamente, el Diputado Nacional, ex Gobernador de San Juan y ex alumno de la Instituci\u00f3n, Ing. Jos\u00e9 Luis Gioja se\u00f1al\u00f3 que \u201csent\u00ed la obligaci\u00f3n de venir hoy a homenajear esta instituci\u00f3n, a todos los que pasaron por esta escuela, tanto a los docentes como a los alumnos. Tengo un sin n\u00famero de an\u00e9cdotas porque soy Maestro Nacional Regional egresado de esta Escuela Normal que nos prepar\u00f3 como buenos ciudadanos\u201d. En la oportunidad cont\u00f3 an\u00e9cdotas por su paso por las aulas de la escuela cargadas de amor a una instituci\u00f3n educativa con 100 a\u00f1os de trayectoria<\/p>\n<p>Por \u00faltimo, el vicegobernador, Dr. Marcelo Lima subray\u00f3 que \u201cla C\u00e1mara de Diputados quer\u00eda participar de este centenario con un aporte significativo esencialmente escrito y fotografiado por jachalleros. Esto es un acaricia para el alma de los jachalleros que son los protagonistas de este libro y han dejado plasmado una parte importante de la historia de uno de los establecimientos m\u00e1s emblem\u00e1ticos en la educaci\u00f3n y en la cultura de nuestra provincia\u201d.<\/p>\n<p>Cabe destacar que este libro, editado por el Fondo Editorial de la C\u00e1mara de Diputados, fue escrito por docentes, alumnos y egresados de la hist\u00f3rica instituci\u00f3n jachallera. Relata el surgimiento y concreci\u00f3n del proyecto de una escuela insignia en la formaci\u00f3n de la comunidad departamental. Tambi\u00e9n lleva escrito an\u00e9cdotas, personajes destacados y los homenajes que le ofrecen sus miembros. Acompa\u00f1a a toda la obra una selecci\u00f3n de fotograf\u00edas de las promociones que recorrieron sus aulas y galer\u00edas soleadas, as\u00ed como sus docentes.<\/p>\n<p>Para finalizar el vicegobernador hizo entrega de una Bandera Nacional a la rectora de la escuela Fray Justo Santa Mar\u00eda de Oro y por \u00faltimo, entreg\u00f3 los ejemplares del libro a cada uno de los autores y autoridades presentes.<\/p>\n<p>&nbsp;<\/p>\n<p><img loading=\"lazy\" decoding=\"async\" class=\"size-medium wp-image-4504 aligncenter\" src=\"https:\/\/vocesparalelas.com.ar\/sitio\/wp-content\/uploads\/2017\/08\/CAMARA-JACHAL-02-300x200.jpg\" alt=\"\" width=\"300\" height=\"200\" srcset=\"https:\/\/vocesparalelas.com.ar\/sitio\/wp-content\/uploads\/2017\/08\/CAMARA-JACHAL-02-300x200.jpg 300w, https:\/\/vocesparalelas.com.ar\/sitio\/wp-content\/uploads\/2017\/08\/CAMARA-JACHAL-02-768x512.jpg 768w, https:\/\/vocesparalelas.com.ar\/sitio\/wp-content\/uploads\/2017\/08\/CAMARA-JACHAL-02-800x534.jpg 800w, https:\/\/vocesparalelas.com.ar\/sitio\/wp-content\/uploads\/2017\/08\/CAMARA-JACHAL-02.jpg 1000w\" sizes=\"auto, (max-width: 300px) 100vw, 300px\" \/><\/p>\n","protected":false},"excerpt":{"rendered":"<p>El Presidente de la C\u00e1mara de Diputados, Marcelo Jorge Lima, presidi\u00f3 la presentaci\u00f3n del libro \u201cA 100 a\u00f1os de Historia\u201d<\/p>\n","protected":false},"author":3,"featured_media":4503,"comment_status":"closed","ping_status":"closed","sticky":false,"template":"","format":"standard","meta":{"_acf_changed":false,"_seopress_robots_primary_cat":"","_seopress_titles_title":"","_seopress_titles_desc":"","_seopress_robots_index":"","colormag_page_container_layout":"default_layout","colormag_page_sidebar_layout":"default_layout","footnotes":""},"categories":[6],"tags":[],"class_list":["post-4502","post","type-post","status-publish","format-standard","has-post-thumbnail","hentry","category-eventos"],"acf":[],"_links":{"self":[{"href":"https:\/\/vocesparalelas.com.ar\/sitio\/wp-json\/wp\/v2\/posts\/4502","targetHints":{"allow":["GET"]}}],"collection":[{"href":"https:\/\/vocesparalelas.com.ar\/sitio\/wp-json\/wp\/v2\/posts"}],"about":[{"href":"https:\/\/vocesparalelas.com.ar\/sitio\/wp-json\/wp\/v2\/types\/post"}],"author":[{"embeddable":true,"href":"https:\/\/vocesparalelas.com.ar\/sitio\/wp-json\/wp\/v2\/users\/3"}],"replies":[{"embeddable":true,"href":"https:\/\/vocesparalelas.com.ar\/sitio\/wp-json\/wp\/v2\/comments?post=4502"}],"version-history":[{"count":0,"href":"https:\/\/vocesparalelas.com.ar\/sitio\/wp-json\/wp\/v2\/posts\/4502\/revisions"}],"wp:featuredmedia":[{"embeddable":true,"href":"https:\/\/vocesparalelas.com.ar\/sitio\/wp-json\/wp\/v2\/media\/4503"}],"wp:attachment":[{"href":"https:\/\/vocesparalelas.com.ar\/sitio\/wp-json\/wp\/v2\/media?parent=4502"}],"wp:term":[{"taxonomy":"category","embeddable":true,"href":"https:\/\/vocesparalelas.com.ar\/sitio\/wp-json\/wp\/v2\/categories?post=4502"},{"taxonomy":"post_tag","embeddable":true,"href":"https:\/\/vocesparalelas.com.ar\/sitio\/wp-json\/wp\/v2\/tags?post=4502"}],"curies":[{"name":"wp","href":"https:\/\/api.w.org\/{rel}","templated":true}]}}