{"id":44997,"date":"2021-12-17T17:57:41","date_gmt":"2021-12-17T20:57:41","guid":{"rendered":"https:\/\/vocesparalelas.com.ar\/sitio\/?p=44997"},"modified":"2021-12-17T22:59:56","modified_gmt":"2021-12-18T01:59:56","slug":"dos-muestras-para-disfrutar-en-el-mpbafr-de-san-juan","status":"publish","type":"post","link":"https:\/\/vocesparalelas.com.ar\/sitio\/dos-muestras-para-disfrutar-en-el-mpbafr-de-san-juan\/","title":{"rendered":"Dos muestras para disfrutar en el MPBAFR de San Juan"},"content":{"rendered":"<p>El\u00a0Museo Provincial de Bellas Artes Franklin Rawson\u00a0a trav\u00e9s del\u00a0Ministerio de Turismo y Cultura del Gobierno de San Juan presenta el cierre de temporada 2021 con el lanzamiento de la 2\u00b0 edici\u00f3n de la Bienal Nacional de Dibujo &#8211; BND &#8211; y el Premio Franklin Rawson a las Artes Visuales.<\/p>\n<p>El museo recibe en sus salas de exposici\u00f3n temporales a 115 artistas argentinos que participan de ambos cert\u00e1menes art\u00edsticos, luego de una convocatoria abierta, a nivel nacional y provincial, respectivamente.<\/p>\n<p>Se conformaron dos distinguidos jurados para la selecci\u00f3n y premiaci\u00f3n de obras que integran la muestra central, tanto de la 2\u00ba BND como del Premio Franklin Rawson a las Artes Visuales. Adem\u00e1s, tuvieron a su cargo la adquisici\u00f3n de obras patrimoniales.<\/p>\n<p>Cabe destacar que ambas muestras han sido declaradas de inter\u00e9s cultural, educativo y tur\u00edstico por la Legislatura provincial.<\/p>\n<p>En la gran noche de inauguraci\u00f3n se e el Viernes 17 de diciembre a las 20:30hs con entrada libre y gratuita. Para la ocasi\u00f3n, en la apertura act\u00faa con un repertorio de canciones \u201cEnpacto\u201d, una banda de reggae que se fusiona con otros g\u00e9neros musicales.<\/p>\n<p>La Secretaria de Cultura del Ministerio de Turismo y Cultura, Prof. Virginia Agote destac\u00f3 la importancia de las dos muestras que se presentan en el Museo Provincial de Bellas Artes Franklin Rawson producto de un trabajo conjunto.<\/p>\n<p><iframe loading=\"lazy\" title=\"MPBAFR PROF VIRGINIA AGOTE\" width=\"800\" height=\"450\" src=\"https:\/\/www.youtube.com\/embed\/wQ-R_gnoMWk?feature=oembed\" frameborder=\"0\" allow=\"accelerometer; autoplay; clipboard-write; encrypted-media; gyroscope; picture-in-picture\" allowfullscreen><\/iframe><\/p>\n<p>&nbsp;<\/p>\n<p>Por ello, el Director del MPBAFR, Lic. Emmanuel D\u00edaz invit\u00f3 a la inauguraci\u00f3n de la gran muestra y luego, disfrutarlas.<\/p>\n<p><iframe loading=\"lazy\" title=\"MPBAFR LIC EMMANUEL\" width=\"800\" height=\"450\" src=\"https:\/\/www.youtube.com\/embed\/yINBu0eqaN8?feature=oembed\" frameborder=\"0\" allow=\"accelerometer; autoplay; clipboard-write; encrypted-media; gyroscope; picture-in-picture\" allowfullscreen><\/iframe><\/p>\n<p>&nbsp;<\/p>\n<p><span style=\"color: #ff00ff;\"><strong>Sala 1, Sala 2 y Foyer: 2\u00ba Bienal Nacional de Dibujo<\/strong><\/span><\/p>\n<p><span style=\"color: #ff00ff;\"><strong>Curador: Eduardo Stup\u00eda<\/strong><\/span><\/p>\n<p>El Museo Franklin Rawson presenta la segunda edici\u00f3n de un acontecimiento cultural imponente que reunir\u00e1 producciones de artistas de todo el pa\u00eds, proponiendo generar circuitos y experiencias que deriven en lecturas que fortalezcan la diversidad de lenguajes en la escena nacional.<\/p>\n<p>El prop\u00f3sito de la 2\u00b0 BND es destacar la vitalidad del dibujo en el \u00e1mbito nacional, en di\u00e1logo con la pluralidad de expresiones art\u00edsticas no tradicionales, en lo que respecta a la multiplicidad de herramientas, formatos, t\u00e9cnicas y po\u00e9ticas que han transformado y reconfigurado la ontolog\u00eda de la disciplina, expandiendo los l\u00edmites del campo en un movimiento de incesantes derivaciones.<\/p>\n<p>De m\u00e1s de 500 proyectos postulados, un total de 84 artistas fueron seleccionados y exhibir\u00e1n sus producciones art\u00edsticas, provenientes de las provincias de San Juan, Buenos Aires, C\u00f3rdoba, Mendoza, Salta, Neuqu\u00e9n, Tucum\u00e1n, R\u00edo Negro, Santa Fe y Santa Cruz.<\/p>\n<p>El jurado estuvo compuesto por Eduardo Stup\u00eda, presidente del jurado y curador de la 1\u00ba BND 2019; Paula Otegui, ganadora premio adquisici\u00f3n 1\u00baBND 2019; y Eduardo Pe\u00f1afort, investigador y cr\u00edtico de arte.<\/p>\n<p>El d\u00eda de inauguraci\u00f3n, se anunciar\u00e1n los ganadores del gran premio adquisici\u00f3n, de $300.000, y las 3 menciones honor\u00edficas cuyos autores tendr\u00e1n como distinci\u00f3n la posibilidad de realizar una muestra conjunta en la sede del MPBAFR en el transcurso de la programaci\u00f3n 2022.<\/p>\n<p><span style=\"color: #ff00ff;\"><strong>Seleccionados 2\u00ba Bienal Nacional de Dibujo &#8211; San Juan 2021<\/strong><\/span><\/p>\n<ol>\n<li>Abarza Olmos, Daiana Alejandra<\/li>\n<li>Ajler, Ricardo<\/li>\n<li>\u00c1lvarez, Germ\u00e1n Alejandro<\/li>\n<li>\u00c1lvarez Guardo, Florencia<\/li>\n<li>Arga\u00f1aras, Eduardo Christian<\/li>\n<li>Arg\u00fcello Pitt, Mateo<\/li>\n<li>Astica Capra, Juan Bautista<\/li>\n<li>Audivert, Rafael<\/li>\n<li>Berisso, Manuel<\/li>\n<li>Bona, Sebasti\u00e1n Cesar<\/li>\n<li>Boroni, Cintia<\/li>\n<li>Buj\u00e1n, Guadalupe<\/li>\n<li>Caporaletti, Mar\u00eda Jos\u00e9<\/li>\n<li>Carabante, Alejandra Adriana<\/li>\n<li>Cecchi, Paula Mar\u00eda<\/li>\n<li>Cerbellera, Mauricio Antonio<\/li>\n<li>Combi, Mariano Ariel<\/li>\n<li>Cort\u00ednez, Adela Antonia<\/li>\n<li>Coscio Farah, Luis Federico<\/li>\n<li>Costa, Humberto Eufrasio<\/li>\n<li>Dartiguelongue, Mar\u00eda Cristina<\/li>\n<li>De la Vega, Jonat\u00e1n Ariel<\/li>\n<li>Di Pascuale, Lucas<\/li>\n<li>D\u00edaz, Mar\u00eda Vanesa<\/li>\n<li>D\u00edaz Saubidet, In\u00e9s Mar\u00eda<\/li>\n<li>Espeche, Luciano Andr\u00e9s<\/li>\n<li>Espinosa, Natalia Soledad<\/li>\n<li>Fagioli, Ciro Andr\u00e9s<\/li>\n<li>Fern\u00e1ndez, Mariela Soledad<\/li>\n<li>Fleurquin, Liliana Beatriz<\/li>\n<li>Garramu\u00f1o, Gustavo Daniel<\/li>\n<li>G\u00f3mez Centuri\u00f3n, Carlos Enrique<\/li>\n<li>Gonzalez (Perrin), Jorge Luis<\/li>\n<li>Gonzalez Holc, Germ\u00e1n Rodrigo<\/li>\n<li>Goto, Mariano Rub\u00e9n<\/li>\n<li>Goulu, Gast\u00f3n Ignacio<\/li>\n<li>Grad\u00edn, Lucila<\/li>\n<li>Guerra, Luciana<\/li>\n<li>La Rosa, Mart\u00edn Sergio<\/li>\n<li>Labak\u00e9, Andr\u00e9s Michel<\/li>\n<li>Longhini, Juan<\/li>\n<li>L\u00f3pez, Valeria Soledad<\/li>\n<li>L\u00f3pez Mastrangelo, David<\/li>\n<li>Loson, Elena<\/li>\n<li>Luna, Maria Elisa<\/li>\n<li>Marchi, Lucia<\/li>\n<li>Mari, Mar\u00eda Lucila<\/li>\n<li>Mart\u00ednez, Silvina<\/li>\n<li>Massanet, Agust\u00edn<\/li>\n<li>Mastrandrea, Daniela Soledad<\/li>\n<li>Mastronardi, Nazarena<\/li>\n<li>Mazzeo, Javier<\/li>\n<li>Mazzocchi (Masoch), Carlos Rogelio<\/li>\n<li>M\u00e9ndez, Alberto Enrique<\/li>\n<li>Menza, Nicol\u00e1s Alberto<\/li>\n<li>Montich, Dante Alberto<\/li>\n<li>Mureddu, Gerardo Andr\u00e9s<\/li>\n<li>Padilla, Roberto Enrique<\/li>\n<li>Perrotta, Diego<\/li>\n<li>Pietra, Fernando Mauro<\/li>\n<li>Porto, Mar\u00eda L\u00eda<\/li>\n<li>Quines, Ezequiel<\/li>\n<li>Quinteros, Marcelo Gabriel<\/li>\n<li>Quinteros, Stella Maris<\/li>\n<li>Rabbi Baldi, Cecilia<\/li>\n<li>Raffo, Santiago Oscar<\/li>\n<li>Rocino Bay, Lucas Santiago<\/li>\n<li>Rojas, M\u00f3nica Patricia<\/li>\n<li>Romano, Julia<\/li>\n<li>Said, Nicol\u00e1s<\/li>\n<li>S\u00e1nchez Fantino, Horacio Manuel<\/li>\n<li>Santi, Mar\u00eda Cristina<\/li>\n<li>Sarsale, Jorge<\/li>\n<li>Send\u00f3n, Susana Alicia<\/li>\n<li>Stigliano, Diego Andr\u00e9s<\/li>\n<li>Tarsitano, Laura<\/li>\n<li>Ter\u00e1n, Juli\u00e1n Mart\u00edn<\/li>\n<li>Torviso, Silvina Laura<\/li>\n<li>Traversa, Valeria<\/li>\n<li>Trigo, Mariela<\/li>\n<li>Urresti, Alejandra<\/li>\n<li>Urrutia Palacios, Juan Carlos<\/li>\n<li>Venegas, Ariel<\/li>\n<li>Vollenweider, Mar\u00eda Ignacia<\/li>\n<\/ol>\n<p>&nbsp;<\/p>\n<h3><strong>Sala 3: Premio Franklin Rawson a las Artes Visuales-2\u00baedici\u00f3n<\/strong><\/h3>\n<p><strong>Curador: Alberto S\u00e1nchez Maratta<\/strong><\/p>\n<p>En el marco del d\u00e9cimo aniversario de inauguraci\u00f3n del actual edificio del Museo Franklin Rawson y del vig\u00e9simo aniversario de la Fundaci\u00f3n Banco San Juan, ambas instituciones presentan la segunda edici\u00f3n del Premio Franklin Rawson a las Artes Visuales, cuyo prop\u00f3sito es destacar y fomentar la diversidad y pluralidad de expresiones art\u00edsticas y sus hacedores, crear espacios de di\u00e1logo, cr\u00edtica, pensamiento y proyecci\u00f3n de las disciplinas que caracterizan el hacer del arte, los cruces de discursos y la trascendencia de la escena en la provincia y el pa\u00eds.<\/p>\n<p>En la segunda edici\u00f3n del Premio Franklin Rawson a las Artes Visuales\u00a0<strong>se postularon m\u00e1s de 150 proyectos de artistas sanjuaninos -viviendo en la provincia y tambi\u00e9n en el extranjero.<\/strong><\/p>\n<p>Un prestigioso jurado conformado por Patricia Viel, artista y curadora; Daniel Isaza, director de acci\u00f3n cultural; Mariana Olivares, artista y docente; Alberto S\u00e1nchez Maratta, docente e investigador en arte y Emanuel Diaz Ruiz, director del Museo Franklin Rawson, estuvo a cargo de la selecci\u00f3n de artistas que participar\u00e1n en la muestra central del premio.<\/p>\n<p>El d\u00eda de la inauguraci\u00f3n se anunciar\u00e1n los ganadores de los dos premios adquisici\u00f3n de $200.000 y $150.000, que pasar\u00e1n a formar parte de la colecci\u00f3n permanente del MPBA| FR, y cuatro menciones especiales de $20.000 cada una. -sin adquisici\u00f3n como premio est\u00edmulo a las artes visuales de la provincia de San Juan. Cabe mencionar que el primer premio ser\u00e1 otorgado por Fundaci\u00f3n Banco San Juan.<\/p>\n<p>&nbsp;<\/p>\n<p><strong>Conoc\u00e9 los Seleccionados- Premio Franklin Rawson a las Artes Visuales<\/strong><\/p>\n<h3><strong>Seleccionados Premio Franklin Rawson a las Artes Visuales- San Juan 2021<\/strong><\/h3>\n<p>1-Balmaceda Ortiz, Gustavo Jes\u00fas<\/p>\n<p>2-Bernal, Mariana Lorena<\/p>\n<p>3-Carrizo D\u00e1vila, Marco Antonio<\/p>\n<p>4-Cort\u00ednez, Adela Antonia<\/p>\n<p>5-De la Fuente Carbajal, Leonardo Andr\u00e9s<\/p>\n<p>6-D\u00edaz, Valeria Natalia<\/p>\n<p>7-Diaz Rossi, Marcos Ariel<\/p>\n<p>8-Diaz Visens, Edgar Daniel<\/p>\n<p>9-Dufour, Alfredo Germ\u00e1n<\/p>\n<p>10-Fava, Luisina<\/p>\n<p>11-Gonz\u00e1lez Guti\u00e9rrez, Carlos Alberto<\/p>\n<p>12-Herrera Calder\u00f3n, Carolina Elizabeth<\/p>\n<p>13-Levato, Federico Guillermo<\/p>\n<p>14-Lloveras Quiroga, Felipe Augusto<\/p>\n<p>15-Manrique, H\u00e9ctor Iv\u00e1n<\/p>\n<p>16-Mar\u00edn G\u00f3mez, Cristian Fabi\u00e1n<\/p>\n<p>17-Mart\u00ednez, Silvia In\u00e9s (Silvina)<\/p>\n<p>18-Mereles, Jorge Luis<\/p>\n<p>19-Molina Olivares, Santiago Jos\u00e9<\/p>\n<p>20-Oro, Mar\u00eda Victoria<\/p>\n<p>21-Peralta, Federico<\/p>\n<p>22-P\u00e9rez De Sanctis, Claudia Cecilia<\/p>\n<p>23-Rabbi Baldi, Cecilia<\/p>\n<p>24-Rago Ferron, Luciana<\/p>\n<p>25-Ruarte, Mat\u00edas Esteban<\/p>\n<p>26-Saiz Gonz\u00e1lez, Rosario<\/p>\n<p>27-Sayres, Pablo Daniel<\/p>\n<p>28-Tello, Franco Ezequiel<\/p>\n<p>29-Uliarte, Osvaldo Marcelo<\/p>\n<p>30-Valdez, Diego Oscar<\/p>\n<p>31-Vilanova, Mar\u00eda Bel\u00e9n<\/p>\n","protected":false},"excerpt":{"rendered":"<p>El\u00a0Museo Provincial de Bellas Artes Franklin Rawson\u00a0a trav\u00e9s del\u00a0Ministerio de Turismo y Cultura del Gobierno de San Juan presenta el<\/p>\n","protected":false},"author":3,"featured_media":44999,"comment_status":"closed","ping_status":"closed","sticky":false,"template":"","format":"video","meta":{"_acf_changed":false,"_seopress_robots_primary_cat":"none","_seopress_titles_title":"","_seopress_titles_desc":"","_seopress_robots_index":"","colormag_page_container_layout":"default_layout","colormag_page_sidebar_layout":"default_layout","footnotes":""},"categories":[1,7],"tags":[],"class_list":["post-44997","post","type-post","status-publish","format-video","has-post-thumbnail","hentry","category-destacadas","category-videos","post_format-post-format-video"],"acf":[],"_links":{"self":[{"href":"https:\/\/vocesparalelas.com.ar\/sitio\/wp-json\/wp\/v2\/posts\/44997","targetHints":{"allow":["GET"]}}],"collection":[{"href":"https:\/\/vocesparalelas.com.ar\/sitio\/wp-json\/wp\/v2\/posts"}],"about":[{"href":"https:\/\/vocesparalelas.com.ar\/sitio\/wp-json\/wp\/v2\/types\/post"}],"author":[{"embeddable":true,"href":"https:\/\/vocesparalelas.com.ar\/sitio\/wp-json\/wp\/v2\/users\/3"}],"replies":[{"embeddable":true,"href":"https:\/\/vocesparalelas.com.ar\/sitio\/wp-json\/wp\/v2\/comments?post=44997"}],"version-history":[{"count":3,"href":"https:\/\/vocesparalelas.com.ar\/sitio\/wp-json\/wp\/v2\/posts\/44997\/revisions"}],"predecessor-version":[{"id":45004,"href":"https:\/\/vocesparalelas.com.ar\/sitio\/wp-json\/wp\/v2\/posts\/44997\/revisions\/45004"}],"wp:featuredmedia":[{"embeddable":true,"href":"https:\/\/vocesparalelas.com.ar\/sitio\/wp-json\/wp\/v2\/media\/44999"}],"wp:attachment":[{"href":"https:\/\/vocesparalelas.com.ar\/sitio\/wp-json\/wp\/v2\/media?parent=44997"}],"wp:term":[{"taxonomy":"category","embeddable":true,"href":"https:\/\/vocesparalelas.com.ar\/sitio\/wp-json\/wp\/v2\/categories?post=44997"},{"taxonomy":"post_tag","embeddable":true,"href":"https:\/\/vocesparalelas.com.ar\/sitio\/wp-json\/wp\/v2\/tags?post=44997"}],"curies":[{"name":"wp","href":"https:\/\/api.w.org\/{rel}","templated":true}]}}