{"id":44976,"date":"2021-12-17T00:48:08","date_gmt":"2021-12-17T03:48:08","guid":{"rendered":"https:\/\/vocesparalelas.com.ar\/sitio\/?p=44976"},"modified":"2021-12-17T00:48:08","modified_gmt":"2021-12-17T03:48:08","slug":"se-eliminaron-las-paso-en-san-juan-con-la-modificacion-del-codigo-electoral","status":"publish","type":"post","link":"https:\/\/vocesparalelas.com.ar\/sitio\/se-eliminaron-las-paso-en-san-juan-con-la-modificacion-del-codigo-electoral\/","title":{"rendered":"Se eliminaron las PASO en San Juan con la modificaci\u00f3n del C\u00f3digo Electoral"},"content":{"rendered":"<div class=\"itemFullText jbintrotext\">\n<p>El bloque Justicialista de la C\u00e1mara de Diputados promovi\u00f3 sobre tablas la presentaci\u00f3n sobre tablas de un proyecto de ley de modificaci\u00f3n del C\u00f3digo Electoral que elimina las Primarias Abiertas Simult\u00e1neas y Obligatorias (PASO) en la provincia de San Juan, que obtuvo la aprobaci\u00f3n por 23 votos, tras un arduo debate en el que fueron esgrimidos argumentos diversos por la aprobaci\u00f3n o el rechazo.<\/p>\n<\/div>\n<div class=\"itemFullText\">\n<p>En tal sentido, el proyecto de ley, autor\u00eda del bloque Justicialista fue incorporado como moci\u00f3n por el titular del bloque, diputado provincial representante del departamento Albard\u00f3n, Juan Carlos Abarca y la iniciativa estuvo firmada por el propio Abarca y las diputadas Celina Ramella, Marcela Monti y Fernanda Paredes.<\/p>\n<p><span style=\"color: #800080;\"><strong>Los fundamentos<\/strong><\/span><\/p>\n<p>Entre los fundamentos del proyecto de ley presentado por el bloque Justicialista aprobado, se\u00f1ala que tiene como finalidad ofrecer al gobierno provincial las herramientas necesarias para contener la expansi\u00f3n de la epidemia en sus jurisdicciones atendiendo a las diversas realidades locales, y mitigar la propagaci\u00f3n del COVID-19, preservando la salud p\u00fablica, adopt\u00e1ndose en tal sentido medidas proporcionadas a la amenaza que se enfrenta, en forma sectorizada, razonable y temporaria.<\/p>\n<p>Asimismo, los legisladores sostienen en los fundamentos que durante 2023, ser\u00e1n cumplidos comicios en la Naci\u00f3n y en la provincia y mientras tanto el COVID-19 prosigue como pandemia y a\u00fan existen rebrotes en distintos pa\u00edses del mundo, raz\u00f3n por la cual \u2013se\u00f1alan- existe incertidumbre sobre lo que ocurrir\u00e1 al momento de las elecciones en el sentido si ser\u00e1 una situaci\u00f3n de crisis sanitaria o de pospandemia.<\/p>\n<p>Por otra parte, dan cuenta de la necesidad de ofrecer se\u00f1ales que simplifiquen la vida de los ciudadanos como bajar los gastos de la pol\u00edtica y profundizar la gesti\u00f3n institucional, por cuanto los partidos pol\u00edticos no pueden eludir las PASO, \u00a0ni siquiera cuando exista una sola f\u00f3rmula o una sola lista para cargos electivos; o como cuando obliga a los ciudadanos a votar en internas de partidos pol\u00edticos a los que no pertenecen y en las que, adem\u00e1s, muchas veces ni siquiera hay opciones para elegir porque las candidaturas ya fueron consensuadas por la dirigencia partidaria.<\/p>\n<p>Derogar las PASO provinciales implica a su vez establecer un sistema de proclamaci\u00f3n de candidatos de las fuerzas pol\u00edticas que las reemplace. Con este proyecto los partidos pol\u00edticos vuelven a elegir sus candidatos para ocupar cargos p\u00fablicos electivos provinciales a trav\u00e9s de internas cuyas caracter\u00edsticas ellos mismos decidir\u00e1n a trav\u00e9s de lo estatuido en sus cartas org\u00e1nicas. Hasta la sanci\u00f3n de las PASO fue siempre normal y habitual que las agrupaciones pol\u00edticas se inclinaran por realizar internas cerradas, es decir, aquellas en las que solo votan los afiliados.<\/p>\n<p>Concluyen con que la modificaci\u00f3n del C\u00f3digo Electoral tendr\u00e1 3 beneficios: proteger la salud de la poblaci\u00f3n; asegurar el ejercicio efectivo de los derechos pol\u00edticos y garantizar la integridad del proceso electoral.<\/p>\n<p><span style=\"color: #800080;\"><strong>El debate<\/strong><\/span><\/p>\n<p>Tras la presentaci\u00f3n de la moci\u00f3n por parte del diputado Juan Carlos Abarca de incorporar sobre tablas el proyecto de ley para la modificaci\u00f3n del C\u00f3digo Electoral que deriv\u00f3 en la eliminaci\u00f3n de las Primarias Abiertas Simult\u00e1neas y Obligatorias (PASO), fue continuado el debate de distintos los temas incluidos en el orden del d\u00eda, hasta que lleg\u00f3 el momento del tratamiento de los puntos sobre tablas y la fundamentaci\u00f3n a cargo de la diputada Celina Ramella.<\/p>\n<p>A partir de all\u00ed hubo participaci\u00f3n de los diputados Juan Carlos Gioja, Leonardo Gioja y Graciela Seva que mostraron su desacuerdo; Fernanda Paredes que con sus palabras defendi\u00f3 el proyecto; Nancy Pic\u00f3n en contra; Andr\u00e9s Chanampa, Marcela Monti y Horacio Quiroga apoyaron el proyecto de ley; Sergio Miodowsky y Enzo Cornejo destacaron su rechazo y Edgardo Sancassani marc\u00f3 su adhesi\u00f3n.<\/p>\n<p>En un momento del debate el diputado Federico Hensel solicit\u00f3 que por Secretar\u00eda Legislativa se diera lectura al art\u00edculo 144\u00ba del Reglamento Interno de la C\u00e1mara de Diputados que reza lo siguiente: \u201cSalvo el caso previsto en el art\u00edculo 131\u00ba del reglamento los modos de votar en la C\u00e1mara ser\u00e1n dos: el nominal que se har\u00e1 a viva voz por cada diputado; el otro por signos, que se har\u00e1 levantando la mano, los que estuviesen por la afirmativa y no haci\u00e9ndolo los que estuviesen por la negativa. En ambos casos, los diputados deber\u00e1n votar desde sus bancas\u201d.<\/p>\n<p>Por otra parte, el art\u00edculo 145\u00ba del Reglamento Interno de la C\u00e1mara de Diputados: Se har\u00e1 votaci\u00f3n nominal a pedido de cualquier diputado formulado en forma de moci\u00f3n y decidida por el cuerpo por mayor\u00eda simple de los presentes. Igualmente se podr\u00e1 disponer este modo de votaci\u00f3n cuando hubieren dudas sobre el c\u00f3mputo de una votaci\u00f3n por signos.<\/p>\n<h3><strong>La Ley aprobada<\/strong><\/h3>\n<p>El proyecto de ley aprobado consta de 173 art\u00edculos y uno de forma y abroga la ley N\u00ba 1268-N &#8211; Ley de Modernizaci\u00f3n y Ordenamiento Administrativo del Proceso de Formaci\u00f3n de la Voluntad Pol\u00edtica en Materia de Representaci\u00f3n Popular C\u00f3digo Electoral Provincial, que constaba de 189 art\u00edculos y uno de forma.<\/p>\n<\/div>\n<p>&nbsp;<\/p>\n","protected":false},"excerpt":{"rendered":"<p>El bloque Justicialista de la C\u00e1mara de Diputados promovi\u00f3 sobre tablas la presentaci\u00f3n sobre tablas de un proyecto de ley<\/p>\n","protected":false},"author":3,"featured_media":44978,"comment_status":"closed","ping_status":"closed","sticky":false,"template":"","format":"standard","meta":{"_acf_changed":false,"_seopress_robots_primary_cat":"none","_seopress_titles_title":"","_seopress_titles_desc":"","_seopress_robots_index":"","colormag_page_container_layout":"default_layout","colormag_page_sidebar_layout":"default_layout","footnotes":""},"categories":[1],"tags":[],"class_list":["post-44976","post","type-post","status-publish","format-standard","has-post-thumbnail","hentry","category-destacadas"],"acf":[],"_links":{"self":[{"href":"https:\/\/vocesparalelas.com.ar\/sitio\/wp-json\/wp\/v2\/posts\/44976","targetHints":{"allow":["GET"]}}],"collection":[{"href":"https:\/\/vocesparalelas.com.ar\/sitio\/wp-json\/wp\/v2\/posts"}],"about":[{"href":"https:\/\/vocesparalelas.com.ar\/sitio\/wp-json\/wp\/v2\/types\/post"}],"author":[{"embeddable":true,"href":"https:\/\/vocesparalelas.com.ar\/sitio\/wp-json\/wp\/v2\/users\/3"}],"replies":[{"embeddable":true,"href":"https:\/\/vocesparalelas.com.ar\/sitio\/wp-json\/wp\/v2\/comments?post=44976"}],"version-history":[{"count":1,"href":"https:\/\/vocesparalelas.com.ar\/sitio\/wp-json\/wp\/v2\/posts\/44976\/revisions"}],"predecessor-version":[{"id":44979,"href":"https:\/\/vocesparalelas.com.ar\/sitio\/wp-json\/wp\/v2\/posts\/44976\/revisions\/44979"}],"wp:featuredmedia":[{"embeddable":true,"href":"https:\/\/vocesparalelas.com.ar\/sitio\/wp-json\/wp\/v2\/media\/44978"}],"wp:attachment":[{"href":"https:\/\/vocesparalelas.com.ar\/sitio\/wp-json\/wp\/v2\/media?parent=44976"}],"wp:term":[{"taxonomy":"category","embeddable":true,"href":"https:\/\/vocesparalelas.com.ar\/sitio\/wp-json\/wp\/v2\/categories?post=44976"},{"taxonomy":"post_tag","embeddable":true,"href":"https:\/\/vocesparalelas.com.ar\/sitio\/wp-json\/wp\/v2\/tags?post=44976"}],"curies":[{"name":"wp","href":"https:\/\/api.w.org\/{rel}","templated":true}]}}