{"id":44972,"date":"2021-12-17T00:43:33","date_gmt":"2021-12-17T03:43:33","guid":{"rendered":"https:\/\/vocesparalelas.com.ar\/sitio\/?p=44972"},"modified":"2021-12-17T00:43:33","modified_gmt":"2021-12-17T03:43:33","slug":"asumio-el-presidente-del-epre-ing-oscar-trad","status":"publish","type":"post","link":"https:\/\/vocesparalelas.com.ar\/sitio\/asumio-el-presidente-del-epre-ing-oscar-trad\/","title":{"rendered":"Asumi\u00f3 el Presidente del EPRE Ing. Oscar Trad"},"content":{"rendered":"<p>Se llev\u00f3 a cabo un acto en la sede del EPRE para la puesta en funciones del Presidente de la instituci\u00f3n, Ing. Oscar Trad.<\/p>\n<p>La actividad estuvo presidida por el ministro de Obras y Servicios P\u00fablicos, Ing. Julio Ortiz Andino y el secretario de Agua y Energ\u00eda, Ing. Juan Carlos Caparr\u00f3s.\u00a0Asimismo, estuvo presente todo el personal del Ente.<\/p>\n<p>Durante el acto, el ministro de Obras y Servicios P\u00fablicos, Ing. Julio Ortiz Andino expres\u00f3 que \u201ctenemos muchas iniciativas por delante en materia el\u00e9ctrica. Quiero agradecer a todos el apoyo que nos han dado todo este tiempo y espero que podamos continuar trabajando juntos en estos nuevos desaf\u00edos\u201d.<\/p>\n<p>&nbsp;<\/p>\n","protected":false},"excerpt":{"rendered":"<p>Se llev\u00f3 a cabo un acto en la sede del EPRE para la puesta en funciones del Presidente de la<\/p>\n","protected":false},"author":3,"featured_media":44974,"comment_status":"closed","ping_status":"closed","sticky":false,"template":"","format":"standard","meta":{"_acf_changed":false,"_seopress_robots_primary_cat":"none","_seopress_titles_title":"","_seopress_titles_desc":"","_seopress_robots_index":"","colormag_page_container_layout":"default_layout","colormag_page_sidebar_layout":"default_layout","footnotes":""},"categories":[1],"tags":[],"class_list":["post-44972","post","type-post","status-publish","format-standard","has-post-thumbnail","hentry","category-destacadas"],"acf":[],"_links":{"self":[{"href":"https:\/\/vocesparalelas.com.ar\/sitio\/wp-json\/wp\/v2\/posts\/44972","targetHints":{"allow":["GET"]}}],"collection":[{"href":"https:\/\/vocesparalelas.com.ar\/sitio\/wp-json\/wp\/v2\/posts"}],"about":[{"href":"https:\/\/vocesparalelas.com.ar\/sitio\/wp-json\/wp\/v2\/types\/post"}],"author":[{"embeddable":true,"href":"https:\/\/vocesparalelas.com.ar\/sitio\/wp-json\/wp\/v2\/users\/3"}],"replies":[{"embeddable":true,"href":"https:\/\/vocesparalelas.com.ar\/sitio\/wp-json\/wp\/v2\/comments?post=44972"}],"version-history":[{"count":1,"href":"https:\/\/vocesparalelas.com.ar\/sitio\/wp-json\/wp\/v2\/posts\/44972\/revisions"}],"predecessor-version":[{"id":44975,"href":"https:\/\/vocesparalelas.com.ar\/sitio\/wp-json\/wp\/v2\/posts\/44972\/revisions\/44975"}],"wp:featuredmedia":[{"embeddable":true,"href":"https:\/\/vocesparalelas.com.ar\/sitio\/wp-json\/wp\/v2\/media\/44974"}],"wp:attachment":[{"href":"https:\/\/vocesparalelas.com.ar\/sitio\/wp-json\/wp\/v2\/media?parent=44972"}],"wp:term":[{"taxonomy":"category","embeddable":true,"href":"https:\/\/vocesparalelas.com.ar\/sitio\/wp-json\/wp\/v2\/categories?post=44972"},{"taxonomy":"post_tag","embeddable":true,"href":"https:\/\/vocesparalelas.com.ar\/sitio\/wp-json\/wp\/v2\/tags?post=44972"}],"curies":[{"name":"wp","href":"https:\/\/api.w.org\/{rel}","templated":true}]}}