{"id":44949,"date":"2021-12-16T20:52:44","date_gmt":"2021-12-16T23:52:44","guid":{"rendered":"https:\/\/vocesparalelas.com.ar\/sitio\/?p=44949"},"modified":"2021-12-16T20:52:44","modified_gmt":"2021-12-16T23:52:44","slug":"se-restauro-el-monumento-al-deporte-de-san-juan-logrando-el-color-y-textura-original-del","status":"publish","type":"post","link":"https:\/\/vocesparalelas.com.ar\/sitio\/se-restauro-el-monumento-al-deporte-de-san-juan-logrando-el-color-y-textura-original-del\/","title":{"rendered":"Se restaur\u00f3 el Monumento al Deporte de San Juan logrando el color y textura original del"},"content":{"rendered":"<p>Luego de tres semanas y media de trabajo, el Jueves, 16 de Diciembre, se puso en valor la obra de restauraci\u00f3n del Monumento al Deporte. La\u00a0escultura emblem\u00e1tica ubicada en el Parque de Mayo realizada por Jos\u00e9 Carrieri\u00a0fue intervenida por un equipo de especialistas coordinado por la\u00a0restauradora Cristina Sonego.<\/p>\n<p>Fue el momento, por parte de quienes recuperaron la genuinidad de este patrimonio art\u00edstico, a las autoridades del Ministerio de Turismo y Cultura y de la Secretar\u00eda de Obras P\u00fablicas del Gobierno de San Juan, tras sufrir alteraciones en su color original.<\/p>\n<p><img loading=\"lazy\" decoding=\"async\" class=\"alignnone size-large wp-image-44952\" src=\"https:\/\/vocesparalelas.com.ar\/sitio\/wp-content\/uploads\/2021\/12\/DEPORTE-RESTAURADORAS-02-800x449.jpg\" alt=\"\" width=\"800\" height=\"449\" srcset=\"https:\/\/vocesparalelas.com.ar\/sitio\/wp-content\/uploads\/2021\/12\/DEPORTE-RESTAURADORAS-02-800x449.jpg 800w, https:\/\/vocesparalelas.com.ar\/sitio\/wp-content\/uploads\/2021\/12\/DEPORTE-RESTAURADORAS-02-300x168.jpg 300w, https:\/\/vocesparalelas.com.ar\/sitio\/wp-content\/uploads\/2021\/12\/DEPORTE-RESTAURADORAS-02-768x431.jpg 768w, https:\/\/vocesparalelas.com.ar\/sitio\/wp-content\/uploads\/2021\/12\/DEPORTE-RESTAURADORAS-02.jpg 1024w\" sizes=\"auto, (max-width: 800px) 100vw, 800px\" \/><\/p>\n<p>En esta oportunidad, estuvo presente Lucas Carrieri, hijo del reconocido escultor que construy\u00f3 la estructura de 70 toneladas y 8 metros de altura en 1970, quien destac\u00f3 que \u00abestoy muy conmovido, en nombre de mi padre les agradezco mucho la gesti\u00f3n. El material con el que fue hecho fue lo m\u00e1s innovador y verlo nuevamente restaurado es un valor art\u00edstico\u201d.<\/p>\n<p>\u201cEste monumento sintetiza un arte abstracto, pensando al deporte desde un concepto de movimiento e impacto. La forma del monumento tiene todos los movimientos posibles en el espacio y a medida que uno va girando alrededor es como si se moviera con el agujero en el medio\u201d.<\/p>\n<p>Por su parte, la\u00a0ministro de Turismo y Cultura, Lic. Claudia Grynszpan, destac\u00f3 la trayectoria de Carrieri al afirmar que \u00abfue un artista reconocido a nivel mundial, estamos honrados de tener esta obra aqu\u00ed en San Juan y que forme parte del circuito cultural. Es una pol\u00edtica del Gobierno de San Juan preservar y mantener el patrimonio cultural. Estamos invirtiendo en arte al servicio de la gente\u201d.<\/p>\n<p>Cabe destacar que el equipo intervino de una forma no invasiva para sacar las 6 a 8 capas de pintura hasta llegar a la obra original y luego hacer una protecci\u00f3n para que persista en el tiempo. Para eso, se llev\u00f3 adelante un tratamiento estrictamente de conservaci\u00f3n basado en una limpieza profunda, a trav\u00e9s de la cual en la \u00faltima capa se trabaj\u00f3 de una manera m\u00e1s delicada con el fin de respetar las micas originales.<\/p>\n<p><img loading=\"lazy\" decoding=\"async\" class=\"alignnone size-large wp-image-44951\" src=\"https:\/\/vocesparalelas.com.ar\/sitio\/wp-content\/uploads\/2021\/12\/DEPORTE-RESTAURADORAS-01-800x486.jpg\" alt=\"\" width=\"800\" height=\"486\" srcset=\"https:\/\/vocesparalelas.com.ar\/sitio\/wp-content\/uploads\/2021\/12\/DEPORTE-RESTAURADORAS-01-800x486.jpg 800w, https:\/\/vocesparalelas.com.ar\/sitio\/wp-content\/uploads\/2021\/12\/DEPORTE-RESTAURADORAS-01-300x182.jpg 300w, https:\/\/vocesparalelas.com.ar\/sitio\/wp-content\/uploads\/2021\/12\/DEPORTE-RESTAURADORAS-01-768x467.jpg 768w, https:\/\/vocesparalelas.com.ar\/sitio\/wp-content\/uploads\/2021\/12\/DEPORTE-RESTAURADORAS-01.jpg 1023w\" sizes=\"auto, (max-width: 800px) 100vw, 800px\" \/><\/p>\n<p>&nbsp;<\/p>\n<p>&nbsp;<\/p>\n","protected":false},"excerpt":{"rendered":"<p>Luego de tres semanas y media de trabajo, el Jueves, 16 de Diciembre, se puso en valor la obra de<\/p>\n","protected":false},"author":3,"featured_media":44953,"comment_status":"closed","ping_status":"closed","sticky":false,"template":"","format":"standard","meta":{"_acf_changed":false,"_seopress_robots_primary_cat":"none","_seopress_titles_title":"","_seopress_titles_desc":"","_seopress_robots_index":"","colormag_page_container_layout":"default_layout","colormag_page_sidebar_layout":"default_layout","footnotes":""},"categories":[1],"tags":[],"class_list":["post-44949","post","type-post","status-publish","format-standard","has-post-thumbnail","hentry","category-destacadas"],"acf":[],"_links":{"self":[{"href":"https:\/\/vocesparalelas.com.ar\/sitio\/wp-json\/wp\/v2\/posts\/44949","targetHints":{"allow":["GET"]}}],"collection":[{"href":"https:\/\/vocesparalelas.com.ar\/sitio\/wp-json\/wp\/v2\/posts"}],"about":[{"href":"https:\/\/vocesparalelas.com.ar\/sitio\/wp-json\/wp\/v2\/types\/post"}],"author":[{"embeddable":true,"href":"https:\/\/vocesparalelas.com.ar\/sitio\/wp-json\/wp\/v2\/users\/3"}],"replies":[{"embeddable":true,"href":"https:\/\/vocesparalelas.com.ar\/sitio\/wp-json\/wp\/v2\/comments?post=44949"}],"version-history":[{"count":1,"href":"https:\/\/vocesparalelas.com.ar\/sitio\/wp-json\/wp\/v2\/posts\/44949\/revisions"}],"predecessor-version":[{"id":44954,"href":"https:\/\/vocesparalelas.com.ar\/sitio\/wp-json\/wp\/v2\/posts\/44949\/revisions\/44954"}],"wp:featuredmedia":[{"embeddable":true,"href":"https:\/\/vocesparalelas.com.ar\/sitio\/wp-json\/wp\/v2\/media\/44953"}],"wp:attachment":[{"href":"https:\/\/vocesparalelas.com.ar\/sitio\/wp-json\/wp\/v2\/media?parent=44949"}],"wp:term":[{"taxonomy":"category","embeddable":true,"href":"https:\/\/vocesparalelas.com.ar\/sitio\/wp-json\/wp\/v2\/categories?post=44949"},{"taxonomy":"post_tag","embeddable":true,"href":"https:\/\/vocesparalelas.com.ar\/sitio\/wp-json\/wp\/v2\/tags?post=44949"}],"curies":[{"name":"wp","href":"https:\/\/api.w.org\/{rel}","templated":true}]}}