{"id":44938,"date":"2021-12-15T23:07:10","date_gmt":"2021-12-16T02:07:10","guid":{"rendered":"https:\/\/vocesparalelas.com.ar\/sitio\/?p=44938"},"modified":"2021-12-17T00:54:32","modified_gmt":"2021-12-17T03:54:32","slug":"resultado-definitivo-del-examen-de-ingreso-a-los-institutos-preuniversitarios-de-la-unsj","status":"publish","type":"post","link":"https:\/\/vocesparalelas.com.ar\/sitio\/resultado-definitivo-del-examen-de-ingreso-a-los-institutos-preuniversitarios-de-la-unsj\/","title":{"rendered":"Resultado definitivo del Examen de Ingreso a los Institutos Preuniversitarios de la UNSJ"},"content":{"rendered":"<p>La Secretar\u00eda Acad\u00e9mica de la UNSJ informa los resultados finales del examen de ingreso al Primer A\u00f1o de la Escuela Secundaria de los Institutos Preuniversitarios.<\/p>\n<p>Los listados en adjunto corresponden a<\/p>\n<p>-Aspirantes aprobados<\/p>\n<p>-Aspirantes no aprobados<\/p>\n<p>-Suplentes<\/p>\n<p>-Listado general por orden de m\u00e9rito<\/p>\n<p>-Listado general por orden alfab\u00e9tico<\/p>\n<p><strong>Vacantes disponibles<\/strong><\/p>\n<p>250 Escuela de Comercio (196 Turno Tarde y 54 turno Vespertino)<\/p>\n<p>200 Escuela Industrial<\/p>\n<p>110 Colegio Central Universitario<\/p>\n<p><strong>Elecci\u00f3n\u00a0<\/strong><\/p>\n<p>El<strong>\u00a0jueves 16 de diciembre<\/strong>\u00a0se realizar\u00e1 la elecci\u00f3n del instituto preuniversitario,\u00a0en el edificio de la Escuela de Comercio Lib. Gral. San Mart\u00edn (debiendo acceder exclusivamente por calle Mitre) en la franja horaria correspondiente a la posici\u00f3n obtenida por m\u00e9rito en el Examen, seg\u00fan se ha establecido:<\/p>\n<p><strong>1 al 200:\u00a0<\/strong>7:30 a 9 horas<\/p>\n<p><strong>201 al 400:<\/strong>\u00a09 a 10:30 horas<\/p>\n<p><strong>401 al 560:\u00a0<\/strong>10:30 a 11:30 horas<\/p>\n<p>La elecci\u00f3n deber\u00e1 hacerla el padre, madre o tutor\/a del\/la ingresante, con el correspondiente DNI.<\/p>\n<p><strong>Requisitos para realizar la inscripci\u00f3n definitiva en alguno de los IPU (para ingresantes):<\/strong><\/p>\n<p>&#8211; Solicitud de Inscripci\u00f3n (seg\u00fan indicaciones de cada instituto preuniversitario)<\/p>\n<p>&#8211; Copia de la Partida de Nacimiento actualizada<\/p>\n<p>&#8211; Certificado de 6\u00b0 Grado o Libreta de 6\u00b0 Grado de Educaci\u00f3n Primaria (original y fotocopia)<\/p>\n<p>&#8211; Fotocopia del DNI (anverso y reverso)<\/p>\n<p>&#8211; 1 foto tipo carnet actual (color)<\/p>\n<p>&#8211; Certificado de elecci\u00f3n del Instituto Preuniversitario<\/p>\n<p>&#8211; Una carpeta colgante para legajo con orejas y broches \u201cNepaco\u201d (color marr\u00f3n para ECLGSM\u00a0 y CCU y color amarillo para\u00a0EIDFS)<\/p>\n<p>&#8211; Certificado de Salud expedido por la Direcci\u00f3n de Salud Universitaria (deber\u00e1 estar realizado al momento de inicio del ciclo 2022)<\/p>\n<p>&nbsp;<\/p>\n<p>Archivos:<\/p>\n<p><a href=\"https:\/\/vocesparalelas.com.ar\/sitio\/wp-content\/uploads\/2021\/12\/UNSJ-Listado_Definitivo_de_Aspirantes_Aprobados_-_por_Orden_de_Merito_-_Ciclo_2022_5930_0.pdf\">UNSJ-Listado_Definitivo_de_Aspirantes_Aprobados_-_por_Orden_de_Merito_-_Ciclo_2022_5930_0<\/a><\/p>\n<p><a href=\"https:\/\/vocesparalelas.com.ar\/sitio\/wp-content\/uploads\/2021\/12\/UNSJ-Listado_Definitivo_de_Aspirantes_No_Aprobados_-_por_Orden_de_Merito_-_Ciclo_2022_5930_1.pdf\">UNSJ-Listado_Definitivo_de_Aspirantes_No_Aprobados_-_por_Orden_de_M\u00e9rito_-_Ciclo_2022_5930_1<\/a><\/p>\n<p><a href=\"https:\/\/vocesparalelas.com.ar\/sitio\/wp-content\/uploads\/2021\/12\/UNSJ-Listado_Definitivo_de_Aspirantes_Suplente_Ciclo_2022_5930_2.pdf\">UNSJ-Listado_Definitivo_de_Aspirantes_Suplente_Ciclo_2022_5930_2<\/a><\/p>\n<p><a href=\"https:\/\/vocesparalelas.com.ar\/sitio\/wp-content\/uploads\/2021\/12\/UNSJ-Listado_General_Definitivo_de_Aspirantes_-_por_Orden_de_Merito_-_Ciclo_2022_5930_3.pdf\">UNSJ-Listado_General_Definitivo_de_Aspirantes_-_por_Orden_de_Merito_-_Ciclo_2022_5930_3<\/a><\/p>\n<p><a href=\"https:\/\/vocesparalelas.com.ar\/sitio\/wp-content\/uploads\/2021\/12\/UNSJ-Listado_General_Definitivo_de_Aspirantes_-_por_Orden_Alfabetico_-_Ciclo_2022_5930_4.pdf\">UNSJ-Listado_General_Definitivo_de_Aspirantes_-_por_Orden_Alfab\u00e9tico_-_Ciclo_2022_5930_4<\/a><\/p>\n","protected":false},"excerpt":{"rendered":"<p>La Secretar\u00eda Acad\u00e9mica de la UNSJ informa los resultados finales del examen de ingreso al Primer A\u00f1o de la Escuela<\/p>\n","protected":false},"author":3,"featured_media":14441,"comment_status":"closed","ping_status":"closed","sticky":false,"template":"","format":"standard","meta":{"_acf_changed":false,"_seopress_robots_primary_cat":"none","_seopress_titles_title":"","_seopress_titles_desc":"","_seopress_robots_index":"","colormag_page_container_layout":"default_layout","colormag_page_sidebar_layout":"default_layout","footnotes":""},"categories":[5],"tags":[],"class_list":["post-44938","post","type-post","status-publish","format-standard","has-post-thumbnail","hentry","category-ofrecimientos"],"acf":[],"_links":{"self":[{"href":"https:\/\/vocesparalelas.com.ar\/sitio\/wp-json\/wp\/v2\/posts\/44938","targetHints":{"allow":["GET"]}}],"collection":[{"href":"https:\/\/vocesparalelas.com.ar\/sitio\/wp-json\/wp\/v2\/posts"}],"about":[{"href":"https:\/\/vocesparalelas.com.ar\/sitio\/wp-json\/wp\/v2\/types\/post"}],"author":[{"embeddable":true,"href":"https:\/\/vocesparalelas.com.ar\/sitio\/wp-json\/wp\/v2\/users\/3"}],"replies":[{"embeddable":true,"href":"https:\/\/vocesparalelas.com.ar\/sitio\/wp-json\/wp\/v2\/comments?post=44938"}],"version-history":[{"count":1,"href":"https:\/\/vocesparalelas.com.ar\/sitio\/wp-json\/wp\/v2\/posts\/44938\/revisions"}],"predecessor-version":[{"id":44946,"href":"https:\/\/vocesparalelas.com.ar\/sitio\/wp-json\/wp\/v2\/posts\/44938\/revisions\/44946"}],"wp:featuredmedia":[{"embeddable":true,"href":"https:\/\/vocesparalelas.com.ar\/sitio\/wp-json\/wp\/v2\/media\/14441"}],"wp:attachment":[{"href":"https:\/\/vocesparalelas.com.ar\/sitio\/wp-json\/wp\/v2\/media?parent=44938"}],"wp:term":[{"taxonomy":"category","embeddable":true,"href":"https:\/\/vocesparalelas.com.ar\/sitio\/wp-json\/wp\/v2\/categories?post=44938"},{"taxonomy":"post_tag","embeddable":true,"href":"https:\/\/vocesparalelas.com.ar\/sitio\/wp-json\/wp\/v2\/tags?post=44938"}],"curies":[{"name":"wp","href":"https:\/\/api.w.org\/{rel}","templated":true}]}}