{"id":44917,"date":"2021-12-15T22:39:21","date_gmt":"2021-12-16T01:39:21","guid":{"rendered":"https:\/\/vocesparalelas.com.ar\/sitio\/?p=44917"},"modified":"2021-12-17T00:56:32","modified_gmt":"2021-12-17T03:56:32","slug":"se-desarrollo-la-ultima-paritaria-2021-entre-la-unsj-y-los-gremios-docentes-universitarios","status":"publish","type":"post","link":"https:\/\/vocesparalelas.com.ar\/sitio\/se-desarrollo-la-ultima-paritaria-2021-entre-la-unsj-y-los-gremios-docentes-universitarios\/","title":{"rendered":"Se desarroll\u00f3 la \u00faltima paritaria 2021 entre la UNSJ y los gremios docentes universitarios"},"content":{"rendered":"<p>El Mi\u00e9rcoles, 15 de Diciembre, se realiz\u00f3 la \u00faltima reuni\u00f3n paritaria de nivel particular de la Docencia de la Universidad Nacional de San Juan, en donde participaron, en representaci\u00f3n de ADICUS, Prof. Jaime Barcelona y Prof. Sergio Castro.<\/p>\n<p>En la misma se acordaron los siguientes puntos:<\/p>\n<ul>\n<li>Aprobar el acta de regularizaci\u00f3n de 02 (dos) docentes de los Institutos Preuniversitarios con fecha del 10 de noviembre del presente a\u00f1o<\/li>\n<li>Aprobar el acta de regularizaci\u00f3n de 19 (diecinueve) docentes de los Institutos Preuniversitarios con fecha del 02 de diciembre del presente a\u00f1o<\/li>\n<li>Aprobar el acta de regularizaci\u00f3n de 07 (siete) docentes de los Institutos Preuniversitarios con fecha del 15 de diciembre del presente a\u00f1o<\/li>\n<li>Dar tratamiento a expedientes iniciados por una Docente, y aceptar una de las propuestas de la Oficina por la Igualdad de G\u00e9nero Contra las Violencias y la Discriminaci\u00f3n de la SBU-UNSJ.<\/li>\n<\/ul>\n<p>La pr\u00f3xima reuni\u00f3n paritaria ser\u00e1 el Mi\u00e9rcoles, 16 de Febrero de 2022, a fin de tratar el r\u00e9gimen de licencias, justificaciones y franquicias del personal docente, como as\u00ed tambi\u00e9n el Proyecto de r\u00e9gimen laboral espec\u00edfico para el Coro Universitario de la UNSJ.<\/p>\n<p><strong><span style=\"color: #339966;\">Documentaci\u00f3n Adjunta<\/span><\/strong><\/p>\n<p><a href=\"https:\/\/vocesparalelas.com.ar\/sitio\/wp-content\/uploads\/2021\/12\/ADICUS-UNSJ-Acta-N\u00b0-112.pdf\">ADICUS-UNSJ-Acta-N\u00b0-112<\/a><\/p>\n<p><a href=\"https:\/\/vocesparalelas.com.ar\/sitio\/wp-content\/uploads\/2021\/12\/ADICUS-UNSJ-ACTA-15-12-21-IPUS.pdf\">ADICUS-UNSJ-ACTA 15-12-21 IPUS<\/a><\/p>\n<p><a href=\"https:\/\/vocesparalelas.com.ar\/sitio\/wp-content\/uploads\/2021\/12\/ADICUS-UNSJ-ACTA-02-12-21-IPUS.pdf\">ADICUS-UNSJ-ACTA 02-12-21 <\/a><\/p>\n<p><a href=\"https:\/\/vocesparalelas.com.ar\/sitio\/wp-content\/uploads\/2021\/12\/ADICUS-UNSJ-ACTA-02-12-21-IPUS.pdf\">IPUS<\/a> <a href=\"https:\/\/vocesparalelas.com.ar\/sitio\/wp-content\/uploads\/2021\/12\/ADICUS-UNSJ-ACTA-10-11-21-IPUS.pdf\">ADICUS-UNSJ-ACTA 10-11-21 IPUS<\/a><\/p>\n<p>&nbsp;<\/p>\n","protected":false},"excerpt":{"rendered":"<p>El Mi\u00e9rcoles, 15 de Diciembre, se realiz\u00f3 la \u00faltima reuni\u00f3n paritaria de nivel particular de la Docencia de la Universidad<\/p>\n","protected":false},"author":3,"featured_media":12481,"comment_status":"closed","ping_status":"closed","sticky":false,"template":"","format":"standard","meta":{"_acf_changed":false,"_seopress_robots_primary_cat":"none","_seopress_titles_title":"","_seopress_titles_desc":"","_seopress_robots_index":"","colormag_page_container_layout":"default_layout","colormag_page_sidebar_layout":"default_layout","footnotes":""},"categories":[5],"tags":[],"class_list":["post-44917","post","type-post","status-publish","format-standard","has-post-thumbnail","hentry","category-ofrecimientos"],"acf":[],"_links":{"self":[{"href":"https:\/\/vocesparalelas.com.ar\/sitio\/wp-json\/wp\/v2\/posts\/44917","targetHints":{"allow":["GET"]}}],"collection":[{"href":"https:\/\/vocesparalelas.com.ar\/sitio\/wp-json\/wp\/v2\/posts"}],"about":[{"href":"https:\/\/vocesparalelas.com.ar\/sitio\/wp-json\/wp\/v2\/types\/post"}],"author":[{"embeddable":true,"href":"https:\/\/vocesparalelas.com.ar\/sitio\/wp-json\/wp\/v2\/users\/3"}],"replies":[{"embeddable":true,"href":"https:\/\/vocesparalelas.com.ar\/sitio\/wp-json\/wp\/v2\/comments?post=44917"}],"version-history":[{"count":1,"href":"https:\/\/vocesparalelas.com.ar\/sitio\/wp-json\/wp\/v2\/posts\/44917\/revisions"}],"predecessor-version":[{"id":44923,"href":"https:\/\/vocesparalelas.com.ar\/sitio\/wp-json\/wp\/v2\/posts\/44917\/revisions\/44923"}],"wp:featuredmedia":[{"embeddable":true,"href":"https:\/\/vocesparalelas.com.ar\/sitio\/wp-json\/wp\/v2\/media\/12481"}],"wp:attachment":[{"href":"https:\/\/vocesparalelas.com.ar\/sitio\/wp-json\/wp\/v2\/media?parent=44917"}],"wp:term":[{"taxonomy":"category","embeddable":true,"href":"https:\/\/vocesparalelas.com.ar\/sitio\/wp-json\/wp\/v2\/categories?post=44917"},{"taxonomy":"post_tag","embeddable":true,"href":"https:\/\/vocesparalelas.com.ar\/sitio\/wp-json\/wp\/v2\/tags?post=44917"}],"curies":[{"name":"wp","href":"https:\/\/api.w.org\/{rel}","templated":true}]}}