{"id":44900,"date":"2021-12-14T22:26:31","date_gmt":"2021-12-15T01:26:31","guid":{"rendered":"https:\/\/vocesparalelas.com.ar\/sitio\/?p=44900"},"modified":"2021-12-17T00:54:52","modified_gmt":"2021-12-17T03:54:52","slug":"inscripcion-de-algunos-trayectos-formativos-de-la-escuela-de-oficios-de-la-unsj","status":"publish","type":"post","link":"https:\/\/vocesparalelas.com.ar\/sitio\/inscripcion-de-algunos-trayectos-formativos-de-la-escuela-de-oficios-de-la-unsj\/","title":{"rendered":"Inscripci\u00f3n de algunos trayectos formativos de la Escuela de Oficios de la UNSJ"},"content":{"rendered":"<p>La coordinaci\u00f3n de la Escuela de Educaci\u00f3n Profesional o de Oficios de la Universidad Nacional de San Juan informa que ya est\u00e1n disponibles las fechas de inscripci\u00f3n de algunas de las propuestas formativas que integran esta Escuela.<\/p>\n<p>Cabe aclarar que los requisitos para poder cursar var\u00edan seg\u00fan el tipo de formaci\u00f3n implementada y de la duraci\u00f3n del curso o propuesta formativa. Y la definici\u00f3n de estos requisitos depende de las unidades acad\u00e9micas que dictan los cursos.<\/p>\n<p><span style=\"color: #33cccc;\"><strong>\u00c1rea Lenguajes<\/strong><\/span><\/p>\n<p><span style=\"color: #33cccc;\"><strong>Curso-capacitaci\u00f3n en Lengua de Se\u00f1as Argentina (CCLSA)<\/strong><\/span><\/p>\n<ul>\n<li>Inscripci\u00f3n: Febrero de 2022<\/li>\n<li>Fecha de inicio del curso: Lunes 7 de marzo de 2022<\/li>\n<\/ul>\n<p><strong><span style=\"color: #33cccc;\">\u00c1rea Tecnolog\u00edas y Comercializaci\u00f3n<\/span><\/strong><\/p>\n<p><span style=\"color: #33cccc;\"><strong>Diplomado en Marketing: Direcci\u00f3n de Marketing, estrategias y t\u00e1cticas competitivas<\/strong><\/span><\/p>\n<ul>\n<li>Fecha de inscripci\u00f3n: Febrero 2022<\/li>\n<li>Fecha de inicio del curso: Marzo 2022<\/li>\n<\/ul>\n<p><span style=\"color: #33cccc;\"><strong>Diplomatura Universitaria en instalaci\u00f3n y mantenimiento de redes de fibra \u00f3ptica<\/strong><\/span><\/p>\n<ul>\n<li>Fecha de inscripci\u00f3n: del 1 al 31 de mayo de 2022<\/li>\n<li>Fecha de inicio: 1 de agosto de 2022<\/li>\n<\/ul>\n<p><span style=\"color: #33cccc;\"><strong>Tecnicatura Universitaria en Programaci\u00f3n Web<\/strong><\/span><\/p>\n<ul>\n<li>Fecha de inscripci\u00f3n: 20 de septiembre al 20 de diciembre de 2021<\/li>\n<li>Fecha de inicio: 1 de abril 2022<\/li>\n<\/ul>\n<p><span style=\"color: #33cccc;\"><strong>Auxiliar de Laboratorio<\/strong><\/span><\/p>\n<ul>\n<li>Fecha de inscripci\u00f3n: Febrero del 2022<\/li>\n<li>Fecha de inicio: A partir de marzo de 2022<\/li>\n<\/ul>\n<p><strong><span style=\"color: #33cccc;\">\u00c1rea T\u00e9cnicas y Oficios<\/span><\/strong><\/p>\n<p><span style=\"color: #33cccc;\"><strong>Diplomatura en Extensi\u00f3n en Cultura y Oficio de la rotulaci\u00f3n identitaria regional<\/strong><\/span><\/p>\n<ul>\n<li>Inscripciones a la Diplomatura y Eje 1: a partir del 14 de febrero al 18 de marzo del 2022<\/li>\n<\/ul>\n<p><strong><span style=\"color: #33cccc;\">\u00c1rea Salud<\/span><\/strong><\/p>\n<p><span style=\"color: #33cccc;\"><strong>Diplomatura Universitaria en Reparaci\u00f3n de Equipamiento M\u00e9dico<\/strong><\/span><\/p>\n<ul>\n<li>Fecha de inscripci\u00f3n: 1 de marzo de 2022<\/li>\n<li>Fecha de inicio del curso: 1 de agosto de 2022<\/li>\n<\/ul>\n<p>Los trayectos formativos se dictar\u00e1n en las unidades acad\u00e9micas responsables o en espacios acordados con las organizaciones vinculadas a la ejecuci\u00f3n del proyecto.<\/p>\n<p>La informaci\u00f3n del resto de los trayectos se actualizar\u00e1 en la\u00a0secci\u00f3n de la EEP\u00a0de este sitio web<\/p>\n<p><a href=\"http:\/\/www.unsj.edu.ar\/extension\/educacion_profesional\">http:\/\/www.unsj.edu.ar\/extension\/educacion_profesional<\/a><\/p>\n<p><img loading=\"lazy\" decoding=\"async\" class=\"alignnone size-full wp-image-37900\" src=\"https:\/\/vocesparalelas.com.ar\/sitio\/wp-content\/uploads\/2021\/05\/UNSJ-LOGOTIPO-01.jpg\" alt=\"\" width=\"800\" height=\"533\" srcset=\"https:\/\/vocesparalelas.com.ar\/sitio\/wp-content\/uploads\/2021\/05\/UNSJ-LOGOTIPO-01.jpg 800w, https:\/\/vocesparalelas.com.ar\/sitio\/wp-content\/uploads\/2021\/05\/UNSJ-LOGOTIPO-01-300x200.jpg 300w, https:\/\/vocesparalelas.com.ar\/sitio\/wp-content\/uploads\/2021\/05\/UNSJ-LOGOTIPO-01-768x512.jpg 768w\" sizes=\"auto, (max-width: 800px) 100vw, 800px\" \/><\/p>\n","protected":false},"excerpt":{"rendered":"<p>La coordinaci\u00f3n de la Escuela de Educaci\u00f3n Profesional o de Oficios de la Universidad Nacional de San Juan informa que<\/p>\n","protected":false},"author":3,"featured_media":44902,"comment_status":"closed","ping_status":"closed","sticky":false,"template":"","format":"standard","meta":{"_acf_changed":false,"_seopress_robots_primary_cat":"none","_seopress_titles_title":"","_seopress_titles_desc":"","_seopress_robots_index":"","colormag_page_container_layout":"default_layout","colormag_page_sidebar_layout":"default_layout","footnotes":""},"categories":[9],"tags":[],"class_list":["post-44900","post","type-post","status-publish","format-standard","has-post-thumbnail","hentry","category-cursos"],"acf":[],"_links":{"self":[{"href":"https:\/\/vocesparalelas.com.ar\/sitio\/wp-json\/wp\/v2\/posts\/44900","targetHints":{"allow":["GET"]}}],"collection":[{"href":"https:\/\/vocesparalelas.com.ar\/sitio\/wp-json\/wp\/v2\/posts"}],"about":[{"href":"https:\/\/vocesparalelas.com.ar\/sitio\/wp-json\/wp\/v2\/types\/post"}],"author":[{"embeddable":true,"href":"https:\/\/vocesparalelas.com.ar\/sitio\/wp-json\/wp\/v2\/users\/3"}],"replies":[{"embeddable":true,"href":"https:\/\/vocesparalelas.com.ar\/sitio\/wp-json\/wp\/v2\/comments?post=44900"}],"version-history":[{"count":1,"href":"https:\/\/vocesparalelas.com.ar\/sitio\/wp-json\/wp\/v2\/posts\/44900\/revisions"}],"predecessor-version":[{"id":44903,"href":"https:\/\/vocesparalelas.com.ar\/sitio\/wp-json\/wp\/v2\/posts\/44900\/revisions\/44903"}],"wp:featuredmedia":[{"embeddable":true,"href":"https:\/\/vocesparalelas.com.ar\/sitio\/wp-json\/wp\/v2\/media\/44902"}],"wp:attachment":[{"href":"https:\/\/vocesparalelas.com.ar\/sitio\/wp-json\/wp\/v2\/media?parent=44900"}],"wp:term":[{"taxonomy":"category","embeddable":true,"href":"https:\/\/vocesparalelas.com.ar\/sitio\/wp-json\/wp\/v2\/categories?post=44900"},{"taxonomy":"post_tag","embeddable":true,"href":"https:\/\/vocesparalelas.com.ar\/sitio\/wp-json\/wp\/v2\/tags?post=44900"}],"curies":[{"name":"wp","href":"https:\/\/api.w.org\/{rel}","templated":true}]}}