{"id":44891,"date":"2021-12-15T00:00:58","date_gmt":"2021-12-15T03:00:58","guid":{"rendered":"https:\/\/vocesparalelas.com.ar\/sitio\/?p=44891"},"modified":"2021-12-15T00:00:58","modified_gmt":"2021-12-15T03:00:58","slug":"despedida-del-jefe-del-rim-22-coronel-rolando-labrousse","status":"publish","type":"post","link":"https:\/\/vocesparalelas.com.ar\/sitio\/despedida-del-jefe-del-rim-22-coronel-rolando-labrousse\/","title":{"rendered":"Despedida del jefe del RIM 22 Coronel Rolando Labrousse"},"content":{"rendered":"<div class=\"itemFullText jbintrotext\">\n<p>El vicegobernador y presidente nato de la C\u00e1mara de Diputados, en ejercicio del Poder Ejecutivo de la provincia, CPN Roberto Gattoni, particip\u00f3 en el patio de armas del Regimiento de Infanter\u00eda de Monta\u00f1a 22 &#8211; RIM 22 &#8211; \u201cTeniente Coronel Juan Manuel Cabot\u201d,\u00a0 la ceremonia de cambio de jefe de la unidad militar en la que fue realizada la despedida al coronel Rolando Labrousse quien fue reemplazado por el coronel Mart\u00edn Guillermo Mendoza.<\/p>\n<\/div>\n<div class=\"itemFullText\">\n<p>Tras el arribo del vicegobernador Gattoni fue recibido por el comandante de la VIII Brigada de Monta\u00f1a, general de brigada Marcelo Tamer Yapur con quien realiz\u00f3 la revista y saludo a las tropas formadas, tras lo cual, los presentes entonaron las estrofas del Himno Nacional Argentino ejecutadas por la Banda de M\u00fasica del RIM 22.<\/p>\n<p>En la oportunidad, estuvieron presentes el presidente de la Corte de Justicia, Daniel Olivares Yapur; el secretario de Seguridad y Orden P\u00fablico, Carlos Munisaga; el intendente municipal de Rivadavia, Fabi\u00e1n Mart\u00edn; el diputado provincial, Sergio Miodowsky; representantes de fuerzas armadas y de seguridad, invitados especiales y p\u00fablico en general.<\/p>\n<p>Al dirigirse a los presentes, el jefe saliente coronel Rolando Labrousse, destac\u00f3 entre otros conceptos que \u201ccomenc\u00e9 a vivir una vivencia particular para la vida de los oficiales: regresar a nuestro primer destino como jefe de regimiento representa un plus a un nombramiento de estas caracter\u00edsticas. Desde diciembre de 2019, hace exactamente dos a\u00f1os, el 13 de diciembre de 2019, pas\u00f3 el tiempo y no deja de conmoverme relacionar aquellos a\u00f1os de joven subteniente con el presente que hoy disfruto\u201d.<\/p>\n<p>\u201cSe cierra \u2013continu\u00f3 diciendo- en este momento un ciclo que me deja orgullosamente satisfecho. Esta entrega de la unidad representa un punto de inflexi\u00f3n que indefectiblemente determina un antes y un despu\u00e9s en mi vida profesional\u201d.<\/p>\n<p>Al dirigirse a quien lo reemplaza en el cargo, Labrousse se\u00f1al\u00f3 \u201c coronel Mart\u00edn Guillermo Mendoza usted sabe de la capacidad de los integrantes de este regimiento, muchos de ellos lo conocen y saben de su valor como soldado de monta\u00f1a y saben adem\u00e1s que aparecer\u00e1n nuevas exigencias, no tenga dudas que ya est\u00e1n esperando su orientaci\u00f3n y sus \u00f3rdenes para continuar el camino junto a usted\u201d.<\/p>\n<p>Por \u00faltimo, agradeci\u00f3 al comandante de brigada Marcelo Tamer Yapur, oficiales, al vicegobernador Roberto Gattoni, a los intendentes y a la comunidad sanjuanina toda.<\/p>\n<p>A continuaci\u00f3n, tuvo lugar el arr\u00edo de la banderola del jefe del regimiento, que finalmente fue entregada al teniente coronel Labrousse.<\/p>\n<p>Posteriormente fue le\u00edda la resoluci\u00f3n firmada por el jefe del Estado Mayor del Ej\u00e9rcito, teniente general Agust\u00edn Humberto Cejas, que designa en el Regimiento de Infanter\u00eda de Monta\u00f1a 22 \u201cTeniente Coronel Juan Manuel Cabot\u201d como jefe al coronel de Infanter\u00eda, Mart\u00edn Guillermo Mendoza.<\/p>\n<p>Por \u00faltimo, el comandante de la VIII Brigada de Monta\u00f1a, general de brigada Marcelo Tamer Yapur, hizo uso de la palabra y puntualiz\u00f3 que \u201cdespedimos en esta oportunidad al coronel Juan Manuel Labrousse y le damos la bienvenida al coronel Mart\u00edn Guillermo Mendoza. Las rotaciones de personal son frecuentes y se llevan a cabo en forma peri\u00f3dica en el \u00e1mbito de la fuerza Ej\u00e9rcito, siendo \u00e9sta una cuesti\u00f3n que naturalizamos todos los que vestimos este uniforme\u201d.<\/p>\n<p>Cuando el que cambia es el jefe de la unidad, esta situaci\u00f3n cobra mucha mayor entidad, desde lo formal la ceremonia sigue un formato particular y desde lo simb\u00f3lico en este acto queda plasmado el momento en que el jefe saliente entrega el mando de la unidad al superior que lo puso en funciones y el jefe entrante recibe de \u00e9ste la autoridad para ejercer el comando sobre dicho elemento\u201d.<\/p>\n<p>Tras las palabras tuvo lugar la entrega de mando de Labrousse al general Tamer Yapur y \u00e9ste impuso como nuevo jefe al coronel Mendoza, luego de lo cual fue cumplido un desfile.<\/p>\n<p>Sobre el final tuvo lugar un brindis donde el jefe saliente recibi\u00f3 obsequios por parte del vicegobernador Gattoni; el diputado Sergio Miodowsky y distintos representantes de unidades militares.<\/p>\n<\/div>\n<p>&nbsp;<\/p>\n<p>&nbsp;<\/p>\n<p>&nbsp;<\/p>\n","protected":false},"excerpt":{"rendered":"<p>El vicegobernador y presidente nato de la C\u00e1mara de Diputados, en ejercicio del Poder Ejecutivo de la provincia, CPN Roberto<\/p>\n","protected":false},"author":3,"featured_media":44893,"comment_status":"closed","ping_status":"closed","sticky":false,"template":"","format":"standard","meta":{"_acf_changed":false,"_seopress_robots_primary_cat":"none","_seopress_titles_title":"","_seopress_titles_desc":"","_seopress_robots_index":"","colormag_page_container_layout":"default_layout","colormag_page_sidebar_layout":"default_layout","footnotes":""},"categories":[1],"tags":[],"class_list":["post-44891","post","type-post","status-publish","format-standard","has-post-thumbnail","hentry","category-destacadas"],"acf":[],"_links":{"self":[{"href":"https:\/\/vocesparalelas.com.ar\/sitio\/wp-json\/wp\/v2\/posts\/44891","targetHints":{"allow":["GET"]}}],"collection":[{"href":"https:\/\/vocesparalelas.com.ar\/sitio\/wp-json\/wp\/v2\/posts"}],"about":[{"href":"https:\/\/vocesparalelas.com.ar\/sitio\/wp-json\/wp\/v2\/types\/post"}],"author":[{"embeddable":true,"href":"https:\/\/vocesparalelas.com.ar\/sitio\/wp-json\/wp\/v2\/users\/3"}],"replies":[{"embeddable":true,"href":"https:\/\/vocesparalelas.com.ar\/sitio\/wp-json\/wp\/v2\/comments?post=44891"}],"version-history":[{"count":1,"href":"https:\/\/vocesparalelas.com.ar\/sitio\/wp-json\/wp\/v2\/posts\/44891\/revisions"}],"predecessor-version":[{"id":44894,"href":"https:\/\/vocesparalelas.com.ar\/sitio\/wp-json\/wp\/v2\/posts\/44891\/revisions\/44894"}],"wp:featuredmedia":[{"embeddable":true,"href":"https:\/\/vocesparalelas.com.ar\/sitio\/wp-json\/wp\/v2\/media\/44893"}],"wp:attachment":[{"href":"https:\/\/vocesparalelas.com.ar\/sitio\/wp-json\/wp\/v2\/media?parent=44891"}],"wp:term":[{"taxonomy":"category","embeddable":true,"href":"https:\/\/vocesparalelas.com.ar\/sitio\/wp-json\/wp\/v2\/categories?post=44891"},{"taxonomy":"post_tag","embeddable":true,"href":"https:\/\/vocesparalelas.com.ar\/sitio\/wp-json\/wp\/v2\/tags?post=44891"}],"curies":[{"name":"wp","href":"https:\/\/api.w.org\/{rel}","templated":true}]}}