{"id":44879,"date":"2021-12-14T13:53:41","date_gmt":"2021-12-14T16:53:41","guid":{"rendered":"https:\/\/vocesparalelas.com.ar\/sitio\/?p=44879"},"modified":"2021-12-16T02:08:37","modified_gmt":"2021-12-16T05:08:37","slug":"cronograma-de-pago-2021-al-personal-de-la-unsj","status":"publish","type":"post","link":"https:\/\/vocesparalelas.com.ar\/sitio\/cronograma-de-pago-2021-al-personal-de-la-unsj\/","title":{"rendered":"Cronograma de pago 2021 al personal de la UNSJ"},"content":{"rendered":"<p>La Secretar\u00eda Administrativo Financiero de la Universidad Nacional de San Juan informa el Cronograma de pago 2021 al personal de la instituci\u00f3n.<\/p>\n<ul>\n<li>23 de Diciembre, 2\u00b0 cuota del Aguinaldo 2021<\/li>\n<li>29 de Diciembre, Sueldo de Diciembre 2021<\/li>\n<\/ul>\n<p>A partir de ese d\u00eda se encuentra disponible en las cuentas personales y puede se extra\u00eddo de cajeros autom\u00e1ticos del banco.<\/p>\n<p>&nbsp;<\/p>\n<p>Publicado 14 de Diciembre de 2021<\/p>\n","protected":false},"excerpt":{"rendered":"<p>La Secretar\u00eda Administrativo Financiero de la Universidad Nacional de San Juan informa el Cronograma de pago 2021 al personal de<\/p>\n","protected":false},"author":3,"featured_media":41584,"comment_status":"closed","ping_status":"closed","sticky":false,"template":"","format":"standard","meta":{"_acf_changed":false,"_seopress_robots_primary_cat":"none","_seopress_titles_title":"","_seopress_titles_desc":"","_seopress_robots_index":"","colormag_page_container_layout":"default_layout","colormag_page_sidebar_layout":"default_layout","footnotes":""},"categories":[6],"tags":[],"class_list":["post-44879","post","type-post","status-publish","format-standard","has-post-thumbnail","hentry","category-eventos"],"acf":[],"_links":{"self":[{"href":"https:\/\/vocesparalelas.com.ar\/sitio\/wp-json\/wp\/v2\/posts\/44879","targetHints":{"allow":["GET"]}}],"collection":[{"href":"https:\/\/vocesparalelas.com.ar\/sitio\/wp-json\/wp\/v2\/posts"}],"about":[{"href":"https:\/\/vocesparalelas.com.ar\/sitio\/wp-json\/wp\/v2\/types\/post"}],"author":[{"embeddable":true,"href":"https:\/\/vocesparalelas.com.ar\/sitio\/wp-json\/wp\/v2\/users\/3"}],"replies":[{"embeddable":true,"href":"https:\/\/vocesparalelas.com.ar\/sitio\/wp-json\/wp\/v2\/comments?post=44879"}],"version-history":[{"count":2,"href":"https:\/\/vocesparalelas.com.ar\/sitio\/wp-json\/wp\/v2\/posts\/44879\/revisions"}],"predecessor-version":[{"id":44907,"href":"https:\/\/vocesparalelas.com.ar\/sitio\/wp-json\/wp\/v2\/posts\/44879\/revisions\/44907"}],"wp:featuredmedia":[{"embeddable":true,"href":"https:\/\/vocesparalelas.com.ar\/sitio\/wp-json\/wp\/v2\/media\/41584"}],"wp:attachment":[{"href":"https:\/\/vocesparalelas.com.ar\/sitio\/wp-json\/wp\/v2\/media?parent=44879"}],"wp:term":[{"taxonomy":"category","embeddable":true,"href":"https:\/\/vocesparalelas.com.ar\/sitio\/wp-json\/wp\/v2\/categories?post=44879"},{"taxonomy":"post_tag","embeddable":true,"href":"https:\/\/vocesparalelas.com.ar\/sitio\/wp-json\/wp\/v2\/tags?post=44879"}],"curies":[{"name":"wp","href":"https:\/\/api.w.org\/{rel}","templated":true}]}}