{"id":44873,"date":"2021-12-14T01:02:34","date_gmt":"2021-12-14T04:02:34","guid":{"rendered":"https:\/\/vocesparalelas.com.ar\/sitio\/?p=44873"},"modified":"2021-12-14T01:02:34","modified_gmt":"2021-12-14T04:02:34","slug":"colonias-de-verano-y-de-natacion-2021-2022-de-udap","status":"publish","type":"post","link":"https:\/\/vocesparalelas.com.ar\/sitio\/colonias-de-verano-y-de-natacion-2021-2022-de-udap\/","title":{"rendered":"Colonias de Verano y de Nataci\u00f3n 2021-2022 de UDAP"},"content":{"rendered":"<p>UDAP ofrece\u00a0 Colonias de Verano y Nataci\u00f3n 2021-2022\u00a0 en el Camping . Inician el Jueves,\u00a0 16 de Diciembre, de Martes a Viernes, de 9 a 12:30 hs.; para ni\u00f1os de 3 hasta j\u00f3venes de 15 a\u00f1os, con profesores de Educaci\u00f3n F\u00edsica.<\/p>\n<p>Estas colonias est\u00e1n destinadas a afiliados y no afiliados, con pagos mensuales o por temporada.<\/p>\n<p><strong><span style=\"color: #0000ff;\">Inscripciones\u00a0<\/span><\/strong><\/p>\n<p>Sede Central de UDAP,\u00a0 Salta 181 &#8211; N &#8211; Capital, de Lunes a Mi\u00e9rcoles, de 9 a 12 hs.<\/p>\n<p>Tel\u00e9fonos 4210200 &#8211; 4212814<\/p>\n<p>&nbsp;<\/p>\n<p><iframe loading=\"lazy\" title=\"UDAP CAMPING COLONIA 2021-2022\" width=\"800\" height=\"450\" src=\"https:\/\/www.youtube.com\/embed\/_GC2JpFxvxc?feature=oembed\" frameborder=\"0\" allow=\"accelerometer; autoplay; clipboard-write; encrypted-media; gyroscope; picture-in-picture\" allowfullscreen><\/iframe><\/p>\n","protected":false},"excerpt":{"rendered":"<p>UDAP ofrece\u00a0 Colonias de Verano y Nataci\u00f3n 2021-2022\u00a0 en el Camping . Inician el Jueves,\u00a0 16 de Diciembre, de Martes<\/p>\n","protected":false},"author":3,"featured_media":14061,"comment_status":"closed","ping_status":"closed","sticky":false,"template":"","format":"video","meta":{"_acf_changed":false,"_seopress_robots_primary_cat":"none","_seopress_titles_title":"","_seopress_titles_desc":"","_seopress_robots_index":"","colormag_page_container_layout":"default_layout","colormag_page_sidebar_layout":"default_layout","footnotes":""},"categories":[6,7],"tags":[],"class_list":["post-44873","post","type-post","status-publish","format-video","has-post-thumbnail","hentry","category-eventos","category-videos","post_format-post-format-video"],"acf":[],"_links":{"self":[{"href":"https:\/\/vocesparalelas.com.ar\/sitio\/wp-json\/wp\/v2\/posts\/44873","targetHints":{"allow":["GET"]}}],"collection":[{"href":"https:\/\/vocesparalelas.com.ar\/sitio\/wp-json\/wp\/v2\/posts"}],"about":[{"href":"https:\/\/vocesparalelas.com.ar\/sitio\/wp-json\/wp\/v2\/types\/post"}],"author":[{"embeddable":true,"href":"https:\/\/vocesparalelas.com.ar\/sitio\/wp-json\/wp\/v2\/users\/3"}],"replies":[{"embeddable":true,"href":"https:\/\/vocesparalelas.com.ar\/sitio\/wp-json\/wp\/v2\/comments?post=44873"}],"version-history":[{"count":1,"href":"https:\/\/vocesparalelas.com.ar\/sitio\/wp-json\/wp\/v2\/posts\/44873\/revisions"}],"predecessor-version":[{"id":44875,"href":"https:\/\/vocesparalelas.com.ar\/sitio\/wp-json\/wp\/v2\/posts\/44873\/revisions\/44875"}],"wp:featuredmedia":[{"embeddable":true,"href":"https:\/\/vocesparalelas.com.ar\/sitio\/wp-json\/wp\/v2\/media\/14061"}],"wp:attachment":[{"href":"https:\/\/vocesparalelas.com.ar\/sitio\/wp-json\/wp\/v2\/media?parent=44873"}],"wp:term":[{"taxonomy":"category","embeddable":true,"href":"https:\/\/vocesparalelas.com.ar\/sitio\/wp-json\/wp\/v2\/categories?post=44873"},{"taxonomy":"post_tag","embeddable":true,"href":"https:\/\/vocesparalelas.com.ar\/sitio\/wp-json\/wp\/v2\/tags?post=44873"}],"curies":[{"name":"wp","href":"https:\/\/api.w.org\/{rel}","templated":true}]}}