{"id":44866,"date":"2021-12-13T17:34:29","date_gmt":"2021-12-13T20:34:29","guid":{"rendered":"https:\/\/vocesparalelas.com.ar\/sitio\/?p=44866"},"modified":"2021-12-13T22:34:46","modified_gmt":"2021-12-14T01:34:46","slug":"presentaron-el-libro-80-anos-del-rim-22","status":"publish","type":"post","link":"https:\/\/vocesparalelas.com.ar\/sitio\/presentaron-el-libro-80-anos-del-rim-22\/","title":{"rendered":"Presentaron el libro \u00ab80 a\u00f1os del RIM 22\u00bb"},"content":{"rendered":"<div class=\"itemFullText jbintrotext\">\n<p>En el auditorio \u201cEmar Acosta\u201d, del anexo de la Casa de las Leyes se present\u00f3 el libro \u00ab80 a\u00f1os del RIM 22\u00bb presidido por el vicegobernador de San Juan, CPN Roberto Gattoni junto al jefe del RIM 22, teniente coronel Rolando Alberto Labrousse.<\/p>\n<\/div>\n<div class=\"itemFullText\">\n<p>Acompa\u00f1aron en la ocasi\u00f3n, la esposa del titular del Poder Legislativo, teniente coronel bioqu\u00edmica, Estela Aubone; los secretarios Administrativo, Lic. Roberto Iglesias; y Legislativo, Dr. Nicol\u00e1s Alvo; los diputados Juan Carlos Abarca, Horacio Quiroga, Juan Carlos Gioja, Leonardo Gioja, Miguel \u00c1ngel S\u00e1nchez, Mario Romero, Gast\u00f3n Berenguer, Rub\u00e9n Carri\u00f3n, Jos\u00e9 Luis Esteve, Miguel N\u00fa\u00f1ez, Rodolfo Jalife, Eduardo Cabello y las legisladoras Florencia Pe\u00f1aloza, Graciela Seva, Celina Ramella, Marcela Monti y Fernanda Paredes.<\/p>\n<p>Tras el saludo virtual por parte del comandante de la Octava Brigada de Monta\u00f1a, general Marcelo Tamer Yapur, fue realizada la presentaci\u00f3n oficial del libro por parte del Jefe del RIM 22. Es importante se\u00f1alar que esta publicaci\u00f3n re\u00fane los hechos m\u00e1s destacados de los ochenta a\u00f1os de vida institucional del Regimiento de Infanter\u00eda de Monta\u00f1a 22. Brinda relatos, fotograf\u00edas, antecedentes de sus ra\u00edces, su trayectoria, cr\u00f3nicas e informaci\u00f3n variada y su proyecci\u00f3n del futuro. Es decir que es una obra hist\u00f3rica que rinde homenaje a quienes forjaron esta instituci\u00f3n a lo largo del camino, los herederos del Ej\u00e9rcito Libertador del General Jos\u00e9 de San Mart\u00edn.<\/p>\n<p>Para cerrar, habl\u00f3 el vicegobernador Roberto Gattoni quien record\u00f3 que \u201ccuando inauguramos este edificio, uno de los objetivos de este Anexo era poner a disposici\u00f3n los espacios p\u00fablicos que tiene para fortalecer la relaci\u00f3n entre la C\u00e1mara de Diputados y la comunidad con el af\u00e1n de construir m\u00e1s y mejor democracia\u201d.<\/p>\n<p>Seguidamente agreg\u00f3 \u201ccreo que esta presentaci\u00f3n del libro es un ejemplo palpable de esa construcci\u00f3n colectiva de m\u00e1s y mejor democracia; y es muy pertinente porque refleja la comuni\u00f3n que hay entre la sociedad sanjuanina y su Regimiento. Esta instituci\u00f3n naci\u00f3 al lado de la reconstrucci\u00f3n de San Juan. Tuvo una importante intervenci\u00f3n tanto en el terremoto de 1944 y 1977. Tambi\u00e9n quiero recordarles que a partir del 2004 hubo una fuerte erradicaci\u00f3n de villas en la provincia y el RIM estuvo acompa\u00f1ando al gobierno provincial con toda su log\u00edstica, participando y contribuyendo en ese proceso. Esto ha generado una relaci\u00f3n muy fuerte entre la comunidad, el gobierno y el Regimiento\u201d.<\/p>\n<p>La ceremonia finaliz\u00f3 con la entrega de ejemplares del libro editado por el Fondo Editorial de la C\u00e1mara de Diputados, a cada una de las autoridades presentes.<\/p>\n<p><img loading=\"lazy\" decoding=\"async\" class=\"alignnone size-large wp-image-44869\" src=\"https:\/\/vocesparalelas.com.ar\/sitio\/wp-content\/uploads\/2021\/12\/PUBLICACION-LIBRO-RIM-22-01-800x488.jpg\" alt=\"\" width=\"800\" height=\"488\" srcset=\"https:\/\/vocesparalelas.com.ar\/sitio\/wp-content\/uploads\/2021\/12\/PUBLICACION-LIBRO-RIM-22-01-800x488.jpg 800w, https:\/\/vocesparalelas.com.ar\/sitio\/wp-content\/uploads\/2021\/12\/PUBLICACION-LIBRO-RIM-22-01-300x183.jpg 300w, https:\/\/vocesparalelas.com.ar\/sitio\/wp-content\/uploads\/2021\/12\/PUBLICACION-LIBRO-RIM-22-01-768x468.jpg 768w, https:\/\/vocesparalelas.com.ar\/sitio\/wp-content\/uploads\/2021\/12\/PUBLICACION-LIBRO-RIM-22-01.jpg 1024w\" sizes=\"auto, (max-width: 800px) 100vw, 800px\" \/><\/p>\n<\/div>\n<p><img loading=\"lazy\" decoding=\"async\" class=\"alignnone size-full wp-image-44361\" src=\"https:\/\/vocesparalelas.com.ar\/sitio\/wp-content\/uploads\/2021\/11\/ANEXO-07.jpg\" alt=\"\" width=\"800\" height=\"533\" srcset=\"https:\/\/vocesparalelas.com.ar\/sitio\/wp-content\/uploads\/2021\/11\/ANEXO-07.jpg 800w, https:\/\/vocesparalelas.com.ar\/sitio\/wp-content\/uploads\/2021\/11\/ANEXO-07-300x200.jpg 300w, https:\/\/vocesparalelas.com.ar\/sitio\/wp-content\/uploads\/2021\/11\/ANEXO-07-768x512.jpg 768w\" sizes=\"auto, (max-width: 800px) 100vw, 800px\" \/><\/p>\n<p>&nbsp;<\/p>\n<p>&nbsp;<\/p>\n","protected":false},"excerpt":{"rendered":"<p>En el auditorio \u201cEmar Acosta\u201d, del anexo de la Casa de las Leyes se present\u00f3 el libro \u00ab80 a\u00f1os del<\/p>\n","protected":false},"author":3,"featured_media":44868,"comment_status":"closed","ping_status":"closed","sticky":false,"template":"","format":"standard","meta":{"_acf_changed":false,"_seopress_robots_primary_cat":"none","_seopress_titles_title":"","_seopress_titles_desc":"","_seopress_robots_index":"","colormag_page_container_layout":"default_layout","colormag_page_sidebar_layout":"default_layout","footnotes":""},"categories":[1],"tags":[],"class_list":["post-44866","post","type-post","status-publish","format-standard","has-post-thumbnail","hentry","category-destacadas"],"acf":[],"_links":{"self":[{"href":"https:\/\/vocesparalelas.com.ar\/sitio\/wp-json\/wp\/v2\/posts\/44866","targetHints":{"allow":["GET"]}}],"collection":[{"href":"https:\/\/vocesparalelas.com.ar\/sitio\/wp-json\/wp\/v2\/posts"}],"about":[{"href":"https:\/\/vocesparalelas.com.ar\/sitio\/wp-json\/wp\/v2\/types\/post"}],"author":[{"embeddable":true,"href":"https:\/\/vocesparalelas.com.ar\/sitio\/wp-json\/wp\/v2\/users\/3"}],"replies":[{"embeddable":true,"href":"https:\/\/vocesparalelas.com.ar\/sitio\/wp-json\/wp\/v2\/comments?post=44866"}],"version-history":[{"count":1,"href":"https:\/\/vocesparalelas.com.ar\/sitio\/wp-json\/wp\/v2\/posts\/44866\/revisions"}],"predecessor-version":[{"id":44870,"href":"https:\/\/vocesparalelas.com.ar\/sitio\/wp-json\/wp\/v2\/posts\/44866\/revisions\/44870"}],"wp:featuredmedia":[{"embeddable":true,"href":"https:\/\/vocesparalelas.com.ar\/sitio\/wp-json\/wp\/v2\/media\/44868"}],"wp:attachment":[{"href":"https:\/\/vocesparalelas.com.ar\/sitio\/wp-json\/wp\/v2\/media?parent=44866"}],"wp:term":[{"taxonomy":"category","embeddable":true,"href":"https:\/\/vocesparalelas.com.ar\/sitio\/wp-json\/wp\/v2\/categories?post=44866"},{"taxonomy":"post_tag","embeddable":true,"href":"https:\/\/vocesparalelas.com.ar\/sitio\/wp-json\/wp\/v2\/tags?post=44866"}],"curies":[{"name":"wp","href":"https:\/\/api.w.org\/{rel}","templated":true}]}}