{"id":44862,"date":"2021-12-13T22:15:54","date_gmt":"2021-12-14T01:15:54","guid":{"rendered":"https:\/\/vocesparalelas.com.ar\/sitio\/?p=44862"},"modified":"2021-12-13T22:21:21","modified_gmt":"2021-12-14T01:21:21","slug":"analizaron-y-otorgaron-despacho-a-diferentes-proyectos-presentados-en-la-camara-de-diputados-de-san-juan","status":"publish","type":"post","link":"https:\/\/vocesparalelas.com.ar\/sitio\/analizaron-y-otorgaron-despacho-a-diferentes-proyectos-presentados-en-la-camara-de-diputados-de-san-juan\/","title":{"rendered":"Analizaron y otorgaron despacho a diferentes proyectos presentados en la C\u00e1mara de Diputados de San Juan"},"content":{"rendered":"<div class=\"itemFullText jbintrotext\">\n<p>Los legisladores integrantes de las comisiones de Hacienda y Presupuesto; Obras y Servicios P\u00fablicos; Legislaci\u00f3n y Asuntos Constitucionales; y Justicia y Seguridad, llevaron a cabo sus respectivas reuniones para analizar y otorgar despacho a diferentes proyectos presentados.<\/p>\n<\/div>\n<div class=\"itemFullText\">\n<p>En primer lugar, la reuni\u00f3n de la Comisi\u00f3n de Hacienda y Presupuesto fue cumplida en la sala de Situaci\u00f3n del bloque Justicialista, ubicada en el segundo piso del edificio Legislativo. Estuvo encabezada por su titular, diputado Rodolfo Jalife. Participaron los legisladores Andr\u00e9s Chanampa, Marcelo Mallea, Sergio Miodowsky, Juan Carlos Gioja, Rub\u00e9n Carri\u00f3n, Leonardo Gioja, Jos\u00e9 Luis Esteve y la diputada Fernanda Paredes.<\/p>\n<p>En la ocasi\u00f3n, emitieron despacho favorable a diversos proyectos de Ley remitidos por el Poder Ejecutivo que proponen:<\/p>\n<ul>\n<li>declarar de utilidad p\u00fablica y sujeto a expropiaci\u00f3n los inmuebles, donde est\u00e1 previsto que se asentar\u00e1 el Centro Judicial de la Provincia y todas las obras complementarias y conexas a la misma.<\/li>\n<li>aprobar la suscripci\u00f3n del Contrato de Sede Pre Cosqu\u00edn, firmado el 14 de septiembre de 2021 por el Ministerio de Turismo y Cultura de la Provincia de San Juan, y la Comisi\u00f3n Municipal de Folklore de Cosqu\u00edn.<\/li>\n<li>ratificar un Convenio firmado el 17 de septiembre de 2021, en el Marco de la Ley N\u00b0 26.509, entre el Ministerio de Agricultura, Ganader\u00eda y Pesca, y el gobierno de la Provincia de San Juan, a trav\u00e9s del Ministerio de Producci\u00f3n y Desarrollo Econ\u00f3mico de la Provincia de San Juan.<\/li>\n<li>aprobar el convenio de adhesi\u00f3n al Programa de Infraestructura Sanitaria para la Ejecuci\u00f3n del Proyecto \u00abHospital Dr. Aldo Cantoni\u00bb Provincia de San Juan, celebrado entre la Secretar\u00eda de Obras P\u00fablicas dependiente del Ministerio de Obras P\u00fablicas de la Naci\u00f3n; y la provincia de San Juan.<\/li>\n<li>ratificar el Acta Acuerdo \u2014 R\u00e9gimen Especial de Cr\u00e9ditos, suscripta el 6 de julio entre la Secretar\u00eda de Energ\u00eda del Ministerio de Econom\u00eda; la Distribuidora El\u00e9ctrica de Caucete SA \u2014 DECSA; por el Ministerio de Obras y Servicios P\u00fablicos; y el Ente Provincial Regulador de la Electricidad \u2014 EPRE.<\/li>\n<li>aprobar el convenio Permiso de Uso con Compromiso de Compra Agencia de Administraci\u00f3n de Bienes del Estado\/Gobierno de la Provincia de San Juan, celebrado el 27 de octubre de 2021, entre la Agencia de Administraci\u00f3n de Bienes del Estado (AABE); y el Gobierno de la Provincia de San Juan.<\/li>\n<\/ul>\n<p>Asimismo, dieron el visto bueno al dictamen de la Cuenta General del ejercicio del Tribunal de Cuenta 2020.<\/p>\n<p>M\u00e1s tarde, en el mismo lugar, fue realizada la reuni\u00f3n de la comisi\u00f3n Obras y Servicios P\u00fablicos, encabezada por su presidente, diputado Jorge Barifusa. Estuvieron presentes los legisladores Marcelo Mallea, Jos\u00e9 Luis Esteve y Horacio Quiroga.<\/p>\n<p>En la oportunidad, tambi\u00e9n otorgaron despacho favorable al proyecto de Ley del Poder Ejecutivo que declara de utilidad p\u00fablica y sujetos de expropiaci\u00f3n a los terrenos que ser\u00e1n destinados a la construcci\u00f3n del Centro Judicial de la Provincia de San Juan.<\/p>\n<p>Por otro lado, en la sala de Situaci\u00f3n del bloque Justicialista ubicada en el sector de calle Las Heras, fue desarrollada una reuni\u00f3n en conjunto de las comisiones de Legislaci\u00f3n y Asuntos Constitucionales y Justicia y Seguridad, con el objetivo de emitir despacho positivo al proyecto de Ley presentado por la Corte de Justicia de San Juan que propone ampliar los delitos alcanzados por el Sistema Acusatorio Adversarial, atendiendo a la pauta de progresividad establecida en la ley N\u00b0 1993-0.<\/p>\n<p>Este encuentro estuvo encabezado por las diputadas titulares de las comisiones de Legislaci\u00f3n y Asunto Constitucionales, Marcela Monti; y Justicia y Seguridad, Celina Ramella. Participaron los parlamentarios Edgardo Sancassani, Mario Romero, y las legisladoras Fernanda Paredes, Nancy Pic\u00f3n, Marcela Quiroga, Graciela Seva y Florencia Pe\u00f1aloza.<\/p>\n<\/div>\n","protected":false},"excerpt":{"rendered":"<p>Los legisladores integrantes de las comisiones de Hacienda y Presupuesto; Obras y Servicios P\u00fablicos; Legislaci\u00f3n y Asuntos Constitucionales; y Justicia<\/p>\n","protected":false},"author":3,"featured_media":44864,"comment_status":"closed","ping_status":"closed","sticky":false,"template":"","format":"standard","meta":{"_acf_changed":false,"_seopress_robots_primary_cat":"none","_seopress_titles_title":"","_seopress_titles_desc":"","_seopress_robots_index":"","colormag_page_container_layout":"default_layout","colormag_page_sidebar_layout":"default_layout","footnotes":""},"categories":[1],"tags":[],"class_list":["post-44862","post","type-post","status-publish","format-standard","has-post-thumbnail","hentry","category-destacadas"],"acf":[],"_links":{"self":[{"href":"https:\/\/vocesparalelas.com.ar\/sitio\/wp-json\/wp\/v2\/posts\/44862","targetHints":{"allow":["GET"]}}],"collection":[{"href":"https:\/\/vocesparalelas.com.ar\/sitio\/wp-json\/wp\/v2\/posts"}],"about":[{"href":"https:\/\/vocesparalelas.com.ar\/sitio\/wp-json\/wp\/v2\/types\/post"}],"author":[{"embeddable":true,"href":"https:\/\/vocesparalelas.com.ar\/sitio\/wp-json\/wp\/v2\/users\/3"}],"replies":[{"embeddable":true,"href":"https:\/\/vocesparalelas.com.ar\/sitio\/wp-json\/wp\/v2\/comments?post=44862"}],"version-history":[{"count":1,"href":"https:\/\/vocesparalelas.com.ar\/sitio\/wp-json\/wp\/v2\/posts\/44862\/revisions"}],"predecessor-version":[{"id":44865,"href":"https:\/\/vocesparalelas.com.ar\/sitio\/wp-json\/wp\/v2\/posts\/44862\/revisions\/44865"}],"wp:featuredmedia":[{"embeddable":true,"href":"https:\/\/vocesparalelas.com.ar\/sitio\/wp-json\/wp\/v2\/media\/44864"}],"wp:attachment":[{"href":"https:\/\/vocesparalelas.com.ar\/sitio\/wp-json\/wp\/v2\/media?parent=44862"}],"wp:term":[{"taxonomy":"category","embeddable":true,"href":"https:\/\/vocesparalelas.com.ar\/sitio\/wp-json\/wp\/v2\/categories?post=44862"},{"taxonomy":"post_tag","embeddable":true,"href":"https:\/\/vocesparalelas.com.ar\/sitio\/wp-json\/wp\/v2\/tags?post=44862"}],"curies":[{"name":"wp","href":"https:\/\/api.w.org\/{rel}","templated":true}]}}