{"id":44858,"date":"2021-12-13T22:11:07","date_gmt":"2021-12-14T01:11:07","guid":{"rendered":"https:\/\/vocesparalelas.com.ar\/sitio\/?p=44858"},"modified":"2021-12-13T22:11:07","modified_gmt":"2021-12-14T01:11:07","slug":"analizaron-la-creacion-del-regimen-provincial-de-la-economia-del-conocimiento-de-san-juan","status":"publish","type":"post","link":"https:\/\/vocesparalelas.com.ar\/sitio\/analizaron-la-creacion-del-regimen-provincial-de-la-economia-del-conocimiento-de-san-juan\/","title":{"rendered":"Analizaron la creaci\u00f3n del R\u00e9gimen Provincial de la Econom\u00eda del Conocimiento de San Juan"},"content":{"rendered":"<div class=\"itemFullText jbintrotext\">\n<p>Tras reiteradas reuniones en conjunto de las comisiones de Legislaci\u00f3n y Asuntos Constitucionales; Econom\u00eda y Defensa al Consumidor; Educaci\u00f3n, Cultura, Ciencia y T\u00e9cnica; y Hacienda y Presupuesto, los legisladores culminaron con los \u00faltimos ajustes del texto y pronunciaron su despacho favorable del proyecto de Ley remitido por el Poder Ejecutivo que propone crear el R\u00e9gimen Provincial de la Econom\u00eda del Conocimiento de la provincia de San Juan.<\/p>\n<\/div>\n<div class=\"itemFullText\">\n<p>Cabe se\u00f1alar que el objeto de este asunto consiste en fomentar y ampliar el desarrollo de la Econom\u00eda del Conocimiento en la provincia de San Juan, como un sector en s\u00ed mismo para la creaci\u00f3n de nuevos emprendimientos y el fortalecimiento del entramado existente de las empresas del sector.<\/p>\n<p>La reuni\u00f3n fue llevada a cabo en el recinto de sesiones y cont\u00f3 con la participaci\u00f3n de los titulares de las comisiones de Legislaci\u00f3n y Asuntos Constitucionales, diputada Marcela Monti; Econom\u00eda y Defensa al Consumidor, diputado Rub\u00e9n Carri\u00f3n; Educaci\u00f3n, Cultura, Ciencia y T\u00e9cnica, legisladora Fernanda Paredes; y Hacienda y Presupuesto, parlamentario Rodolfo Jalife. Tambi\u00e9n asistieron los legisladores Edgardo Sancassani, Jorge Barifusa, Jos\u00e9 Luis Esteve, Leonardo Gioja, y las diputadas Florencia Pe\u00f1aloza, Celina Ramella y Graciela Seva.<\/p>\n<\/div>\n","protected":false},"excerpt":{"rendered":"<p>Tras reiteradas reuniones en conjunto de las comisiones de Legislaci\u00f3n y Asuntos Constitucionales; Econom\u00eda y Defensa al Consumidor; Educaci\u00f3n, Cultura,<\/p>\n","protected":false},"author":3,"featured_media":44860,"comment_status":"closed","ping_status":"closed","sticky":false,"template":"","format":"standard","meta":{"_acf_changed":false,"_seopress_robots_primary_cat":"none","_seopress_titles_title":"","_seopress_titles_desc":"","_seopress_robots_index":"","colormag_page_container_layout":"default_layout","colormag_page_sidebar_layout":"default_layout","footnotes":""},"categories":[1],"tags":[],"class_list":["post-44858","post","type-post","status-publish","format-standard","has-post-thumbnail","hentry","category-destacadas"],"acf":[],"_links":{"self":[{"href":"https:\/\/vocesparalelas.com.ar\/sitio\/wp-json\/wp\/v2\/posts\/44858","targetHints":{"allow":["GET"]}}],"collection":[{"href":"https:\/\/vocesparalelas.com.ar\/sitio\/wp-json\/wp\/v2\/posts"}],"about":[{"href":"https:\/\/vocesparalelas.com.ar\/sitio\/wp-json\/wp\/v2\/types\/post"}],"author":[{"embeddable":true,"href":"https:\/\/vocesparalelas.com.ar\/sitio\/wp-json\/wp\/v2\/users\/3"}],"replies":[{"embeddable":true,"href":"https:\/\/vocesparalelas.com.ar\/sitio\/wp-json\/wp\/v2\/comments?post=44858"}],"version-history":[{"count":1,"href":"https:\/\/vocesparalelas.com.ar\/sitio\/wp-json\/wp\/v2\/posts\/44858\/revisions"}],"predecessor-version":[{"id":44861,"href":"https:\/\/vocesparalelas.com.ar\/sitio\/wp-json\/wp\/v2\/posts\/44858\/revisions\/44861"}],"wp:featuredmedia":[{"embeddable":true,"href":"https:\/\/vocesparalelas.com.ar\/sitio\/wp-json\/wp\/v2\/media\/44860"}],"wp:attachment":[{"href":"https:\/\/vocesparalelas.com.ar\/sitio\/wp-json\/wp\/v2\/media?parent=44858"}],"wp:term":[{"taxonomy":"category","embeddable":true,"href":"https:\/\/vocesparalelas.com.ar\/sitio\/wp-json\/wp\/v2\/categories?post=44858"},{"taxonomy":"post_tag","embeddable":true,"href":"https:\/\/vocesparalelas.com.ar\/sitio\/wp-json\/wp\/v2\/tags?post=44858"}],"curies":[{"name":"wp","href":"https:\/\/api.w.org\/{rel}","templated":true}]}}