{"id":44853,"date":"2021-12-13T21:52:23","date_gmt":"2021-12-14T00:52:23","guid":{"rendered":"https:\/\/vocesparalelas.com.ar\/sitio\/?p=44853"},"modified":"2021-12-13T21:52:23","modified_gmt":"2021-12-14T00:52:23","slug":"san-juan-firmo-convenio-con-vialidad-nacional-para-la-ruta-nacional-40-sur","status":"publish","type":"post","link":"https:\/\/vocesparalelas.com.ar\/sitio\/san-juan-firmo-convenio-con-vialidad-nacional-para-la-ruta-nacional-40-sur\/","title":{"rendered":"San Juan firm\u00f3 convenio con Vialidad Nacional para la Ruta Nacional 40 Sur"},"content":{"rendered":"<p>El gobernador de San Juan, Dr. Sergio U\u00f1ac, firm\u00f3 este lunes en Buenos Aires un convenio con el administrador general de Vialidad Nacional, Ing. Gustavo Arrieta, mediante del cual se nombra a la Provincia de San Juan, a trav\u00e9s de la Direcci\u00f3n de Vialidad Provincial, como subejecutora de las obras de Ruta Nacional 40 Sur.<\/p>\n<p>En el encuentro tambi\u00e9n estuvieron presentes el ministro de Obras y Servicios P\u00fablicos de la Provincia, Julio Ortiz Andino y el gerente ejecutivo de Vialidad Nacional, Federico Stiz.<\/p>\n<p>Tras el encuentro, el Ing. Julio Ortiz Andino detall\u00f3 que la obra, que demandar\u00e1 una inversi\u00f3n cercana a los 7.200.000.000 de pesos, comprender\u00e1 el\u00a0tramo ubicado entre el acceso a Cochagual a Tres Esquinas.<\/p>\n<p>El funcionario provincial explic\u00f3 que con este paso se completar\u00e1 el expediente que se enviar\u00e1 al BID, entidad que aportar\u00e1 el financiamiento: \u201cSolamente nos queda recibir la no objeci\u00f3n por parte del organismo para hacer el llamado a licitaci\u00f3n.\u00a0Estimamos que se llevar\u00e1 adelante a comienzos del a\u00f1o pr\u00f3ximo\u201d.<\/p>\n<p>Cabe recordar que en pasado junio,\u00a0el gobernador U\u00f1ac firm\u00f3 tambi\u00e9n con Gustavo Arrieta un convenio\u00a0para avanzar en la licitaci\u00f3n de dos importantes tramos de la ruta, entre ellos el comprendido entre Tres Esquinas y el acceso a Cochagual.<\/p>\n<p>&nbsp;<\/p>\n","protected":false},"excerpt":{"rendered":"<p>El gobernador de San Juan, Dr. Sergio U\u00f1ac, firm\u00f3 este lunes en Buenos Aires un convenio con el administrador general<\/p>\n","protected":false},"author":3,"featured_media":44855,"comment_status":"closed","ping_status":"closed","sticky":false,"template":"","format":"standard","meta":{"_acf_changed":false,"_seopress_robots_primary_cat":"none","_seopress_titles_title":"","_seopress_titles_desc":"","_seopress_robots_index":"","colormag_page_container_layout":"default_layout","colormag_page_sidebar_layout":"default_layout","footnotes":""},"categories":[1],"tags":[],"class_list":["post-44853","post","type-post","status-publish","format-standard","has-post-thumbnail","hentry","category-destacadas"],"acf":[],"_links":{"self":[{"href":"https:\/\/vocesparalelas.com.ar\/sitio\/wp-json\/wp\/v2\/posts\/44853","targetHints":{"allow":["GET"]}}],"collection":[{"href":"https:\/\/vocesparalelas.com.ar\/sitio\/wp-json\/wp\/v2\/posts"}],"about":[{"href":"https:\/\/vocesparalelas.com.ar\/sitio\/wp-json\/wp\/v2\/types\/post"}],"author":[{"embeddable":true,"href":"https:\/\/vocesparalelas.com.ar\/sitio\/wp-json\/wp\/v2\/users\/3"}],"replies":[{"embeddable":true,"href":"https:\/\/vocesparalelas.com.ar\/sitio\/wp-json\/wp\/v2\/comments?post=44853"}],"version-history":[{"count":1,"href":"https:\/\/vocesparalelas.com.ar\/sitio\/wp-json\/wp\/v2\/posts\/44853\/revisions"}],"predecessor-version":[{"id":44856,"href":"https:\/\/vocesparalelas.com.ar\/sitio\/wp-json\/wp\/v2\/posts\/44853\/revisions\/44856"}],"wp:featuredmedia":[{"embeddable":true,"href":"https:\/\/vocesparalelas.com.ar\/sitio\/wp-json\/wp\/v2\/media\/44855"}],"wp:attachment":[{"href":"https:\/\/vocesparalelas.com.ar\/sitio\/wp-json\/wp\/v2\/media?parent=44853"}],"wp:term":[{"taxonomy":"category","embeddable":true,"href":"https:\/\/vocesparalelas.com.ar\/sitio\/wp-json\/wp\/v2\/categories?post=44853"},{"taxonomy":"post_tag","embeddable":true,"href":"https:\/\/vocesparalelas.com.ar\/sitio\/wp-json\/wp\/v2\/tags?post=44853"}],"curies":[{"name":"wp","href":"https:\/\/api.w.org\/{rel}","templated":true}]}}