{"id":44849,"date":"2021-12-13T21:05:34","date_gmt":"2021-12-14T00:05:34","guid":{"rendered":"https:\/\/vocesparalelas.com.ar\/sitio\/?p=44849"},"modified":"2021-12-13T21:05:34","modified_gmt":"2021-12-14T00:05:34","slug":"firma-de-convenio-para-la-construccion-del-tunel-de-zonda-de-san-juan","status":"publish","type":"post","link":"https:\/\/vocesparalelas.com.ar\/sitio\/firma-de-convenio-para-la-construccion-del-tunel-de-zonda-de-san-juan\/","title":{"rendered":"Firma de Convenio para la construcci\u00f3n del t\u00fanel de Zonda de San Juan"},"content":{"rendered":"<p>El gobernador de San Juan, Dr. Sergio U\u00f1ac particip\u00f3 en Buenos Aires de la firma del convenio de asistencia financiera y adhesi\u00f3n entre la Provincia de San Juan y el Fondo Fiduciario Federal de Infraestructura Regional para la construcci\u00f3n del t\u00fanel de Zonda.<\/p>\n<p>El convenio se celebra en el marco del programa Federal de Infraestrucutra Regional de Transporte financiado con aportes del Banco Interamericano de Desarrollo (BID).<\/p>\n<p>En la firma del convenio estuvo presente ademas del gobernador, el jefe de Gabinete Juan Manzur; el ministro del Interior, Eduardo de Pedro; el ministro de Obras y Servicio P\u00fablicos, Julio Ortiz Andino y la secretaria de Provincias, Silvina Aida Batakis.<\/p>\n<p>Tras la firma, el mandatario consider\u00f3 que se trata de\u00a0una obra emblem\u00e1tica para la provincia, con una inversi\u00f3n de m\u00e1s de 50 millones de dolares\u00a0de presupuesto, y consider\u00f3 que la misma aportar\u00e1\u00a0m\u00faltiples soluciones para los sanjuaninos.<\/p>\n<p>\u00abNos permite\u00a0conectar tres municipios importantes, Ullum con Zonda y particularmente estos dos municipios con el departamento de Rivadavia, ya que evitamos hacer toda una vuelta compleja\u201d, se\u00f1al\u00f3 U\u00f1ac.<\/p>\n<p>El gobernador explic\u00f3 que se trata de una obra compleja, que\u00a0evitar\u00e1 que una obra de saneamiento y una h\u00eddrica deban rodear el cerro, y que adem\u00e1s beneficiar\u00e1 al turismo.<\/p>\n<p>Seguidamente, el mandatario agradeci\u00f3 a Naci\u00f3n \u00abpor la mirada federal que tienen para todas las provincias argentinas. Agradezco la mirada para con San Juan; esto nos sirve para construir un pa\u00eds federal\u00a0y prueba de ello, es la firma de este convenio\u00bb.<\/p>\n<p>A su turno, el jefe de Gabinete, Juan Manzur afirm\u00f3 que la firma del convenio \u00abreafirma una vez mas el federalismo en la provincia de San Juan con\u00a0un gran gobernador, con una visi\u00f3n estrat\u00e9gica a lo largo de su gesti\u00f3n que ha quedado plasmada en muchas realizaciones\u201d.<\/p>\n<p>El funcionario\u00a0destac\u00f3 los indicadores econ\u00f3micos que exhibe San Juan, mencionando entre ellos\u00a0la generaci\u00f3n de fuentes de trabajo, que se encuentra por sobre la media nacional, y acot\u00f3 que \u00abesto habla a las claras de la potencia que tiene el interior de la Argentina cuando se lo estimula y desarrolla\u201d .<\/p>\n<p>Por su parte el ministro del Interior Eduardo &#8216;Wado&#8217; de Pedro, resalt\u00f3 \u00abla decisi\u00f3n presidencial de seguir apostando a un federalismo concreto, un federalismo que se refleja en la cantidad de obras coordinadas y combinadas con cada uno de los gobernadores\u201d.<\/p>\n<p>De Pedro sostuvo que se trata de\u00a0una obra muy importante y compleja, que\u00a0facilitar\u00e1, adem\u00e1s del tr\u00e1nsito, el tendido de fibra \u00f3ptica, la conexi\u00f3n de gasoductos y acueductos, y todo lo que hace a la vida de las tres comunas beneficiadas.<\/p>\n<p>\u00abHoy esta obra que estamos firmando\u00a0beneficia a mas de 200 mil sanjuaninos y sanjuaninas, con lo cual seguimos reafirmando el esp\u00edritu, la decisi\u00f3n y los hechos de un gobierno que sigue invirtiendo en cada rinc\u00f3n de la Argentina, para que cada argentino y argentina pueda desarrollarse y pueda ser feliz en cada uno de sus lugares\u201d, acot\u00f3 el ministro del Interior.<\/p>\n<p>Luego, la secretaria de Provincias, Silvina Batakis, destac\u00f3 el\u00a0trabajo conjunto desarrollado con el Gobierno de San Juan\u00a0y explic\u00f3 que esta obra en particular es de vital importancia, porque va a permitir que se pueda\u00a0terminar de hacer el acueducto de manera r\u00e1pida y directa, adem\u00e1s de posibilitar un\u00a0desarrollo tur\u00edstico muy importante\u201d.<\/p>\n<p>&nbsp;<\/p>\n<p>&nbsp;<\/p>\n<p>&nbsp;<\/p>\n<p>&nbsp;<\/p>\n<p>&nbsp;<\/p>\n","protected":false},"excerpt":{"rendered":"<p>El gobernador de San Juan, Dr. Sergio U\u00f1ac particip\u00f3 en Buenos Aires de la firma del convenio de asistencia financiera<\/p>\n","protected":false},"author":3,"featured_media":44851,"comment_status":"closed","ping_status":"closed","sticky":false,"template":"","format":"standard","meta":{"_acf_changed":false,"_seopress_robots_primary_cat":"none","_seopress_titles_title":"","_seopress_titles_desc":"","_seopress_robots_index":"","colormag_page_container_layout":"default_layout","colormag_page_sidebar_layout":"default_layout","footnotes":""},"categories":[1],"tags":[],"class_list":["post-44849","post","type-post","status-publish","format-standard","has-post-thumbnail","hentry","category-destacadas"],"acf":[],"_links":{"self":[{"href":"https:\/\/vocesparalelas.com.ar\/sitio\/wp-json\/wp\/v2\/posts\/44849","targetHints":{"allow":["GET"]}}],"collection":[{"href":"https:\/\/vocesparalelas.com.ar\/sitio\/wp-json\/wp\/v2\/posts"}],"about":[{"href":"https:\/\/vocesparalelas.com.ar\/sitio\/wp-json\/wp\/v2\/types\/post"}],"author":[{"embeddable":true,"href":"https:\/\/vocesparalelas.com.ar\/sitio\/wp-json\/wp\/v2\/users\/3"}],"replies":[{"embeddable":true,"href":"https:\/\/vocesparalelas.com.ar\/sitio\/wp-json\/wp\/v2\/comments?post=44849"}],"version-history":[{"count":1,"href":"https:\/\/vocesparalelas.com.ar\/sitio\/wp-json\/wp\/v2\/posts\/44849\/revisions"}],"predecessor-version":[{"id":44852,"href":"https:\/\/vocesparalelas.com.ar\/sitio\/wp-json\/wp\/v2\/posts\/44849\/revisions\/44852"}],"wp:featuredmedia":[{"embeddable":true,"href":"https:\/\/vocesparalelas.com.ar\/sitio\/wp-json\/wp\/v2\/media\/44851"}],"wp:attachment":[{"href":"https:\/\/vocesparalelas.com.ar\/sitio\/wp-json\/wp\/v2\/media?parent=44849"}],"wp:term":[{"taxonomy":"category","embeddable":true,"href":"https:\/\/vocesparalelas.com.ar\/sitio\/wp-json\/wp\/v2\/categories?post=44849"},{"taxonomy":"post_tag","embeddable":true,"href":"https:\/\/vocesparalelas.com.ar\/sitio\/wp-json\/wp\/v2\/tags?post=44849"}],"curies":[{"name":"wp","href":"https:\/\/api.w.org\/{rel}","templated":true}]}}