{"id":44845,"date":"2021-12-13T20:58:46","date_gmt":"2021-12-13T23:58:46","guid":{"rendered":"https:\/\/vocesparalelas.com.ar\/sitio\/?p=44845"},"modified":"2021-12-13T20:58:46","modified_gmt":"2021-12-13T23:58:46","slug":"ofertas-admisibles-de-las-empresas-para-la-refaccion-de-3-escuelas-de-san-juan","status":"publish","type":"post","link":"https:\/\/vocesparalelas.com.ar\/sitio\/ofertas-admisibles-de-las-empresas-para-la-refaccion-de-3-escuelas-de-san-juan\/","title":{"rendered":"Ofertas admisibles de las Empresas para la refacci\u00f3n de 3 Escuelas de San Juan"},"content":{"rendered":"<p>La Direcci\u00f3n de Infraestructura Escolar perteneciente al Ministerio de Obras y Servicios P\u00fablicos del Gobierno de San Juan llev\u00f3 a cabo los concursos de precios correspondientes para la refacci\u00f3n de tres edificios escolares de la Provincia.<\/p>\n<ul>\n<li>Refacci\u00f3n de la Escuela Miguel de Cervantes Saavendra, Departamento Santa Luc\u00eda;<\/li>\n<li>Refacci\u00f3n de la Escuela Marcos Sastre, Departamento J\u00e1chal;<\/li>\n<li>Ampliaci\u00f3n, refacci\u00f3n y refuncionalizaci\u00f3n de la Escuela Jos\u00e9 M\u00e1rmol, Departamento J\u00e1chal.<\/li>\n<\/ul>\n<p>En el Concurso de Precios N\u00b007-21 para la obra \u201crefacci\u00f3n de la Escuela Miguel de Cervantes Saavendra\u201d, Departamento Santa Luc\u00eda, se recepcionaron 4 propuestas de las cuales una fue rechaza por no cumplir con las condiciones presentadas en el Pliego de Bases y Condiciones. Las ofertas admisibles fueron:<\/p>\n<ul>\n<li>FERN\u00c1NDEZ DE CIESA ESTEBAN- Propuesta econ\u00f3mica: $6.586.099,68<\/li>\n<li>REGALADO CARLOS ADOLFO- Propuesta econ\u00f3mica: $7.771.664,52<\/li>\n<li>COSEIN DE PEDRO ROLANDO NARANJO- Propuesta econ\u00f3mica: $7.903.301,53<\/li>\n<\/ul>\n<p>En el Concurso de Precios N\u00b009-21 para la obra \u201crefacci\u00f3n Escuela Marcos Sastre\u201d, Departamento J\u00e1chal, se recibieron dos propuestas admisibles de las siguientes empresas:<\/p>\n<ul>\n<li>FERN\u00c1NDEZ DE CIESA ESTEBAN- Propuesta econ\u00f3mica: $9.855.011,86<\/li>\n<li>REGALADO CARLOS ADOLFO- Propuesta econ\u00f3mica: $9.297.106,24<\/li>\n<\/ul>\n<p>Por \u00faltimo, en el Concurso de Precios N\u00b010-21 para la obra \u201campliaci\u00f3n, refacci\u00f3n y refuncionalizaci\u00f3n de la Escuela Jos\u00e9 M\u00e1rmol\u201d, Departamento J\u00e1chal.<\/p>\n<p>Se recepcionaron 4 propuestas de las cuales una fue rechaza por no cumplir con las condiciones presentadas en el Pliego de Bases y Condiciones; quedando como admisibles:<\/p>\n<ul>\n<li>FERN\u00c1NDEZ DE CIESA ESTEBAN- Propuesta econ\u00f3mica: $11.795.295,51<\/li>\n<li>REGALADO CARLOS ADOLFO- Propuesta econ\u00f3mica: $11.795.376,16<\/li>\n<li>COSEIN DE PEDRO ROLANDO NARANJO- Propuesta econ\u00f3mica: $10.995.396,51<\/li>\n<\/ul>\n<p>&nbsp;<\/p>\n<p>&nbsp;<\/p>\n","protected":false},"excerpt":{"rendered":"<p>La Direcci\u00f3n de Infraestructura Escolar perteneciente al Ministerio de Obras y Servicios P\u00fablicos del Gobierno de San Juan llev\u00f3 a<\/p>\n","protected":false},"author":3,"featured_media":44847,"comment_status":"closed","ping_status":"closed","sticky":false,"template":"","format":"standard","meta":{"_acf_changed":false,"_seopress_robots_primary_cat":"none","_seopress_titles_title":"","_seopress_titles_desc":"","_seopress_robots_index":"","colormag_page_container_layout":"default_layout","colormag_page_sidebar_layout":"default_layout","footnotes":""},"categories":[1],"tags":[],"class_list":["post-44845","post","type-post","status-publish","format-standard","has-post-thumbnail","hentry","category-destacadas"],"acf":[],"_links":{"self":[{"href":"https:\/\/vocesparalelas.com.ar\/sitio\/wp-json\/wp\/v2\/posts\/44845","targetHints":{"allow":["GET"]}}],"collection":[{"href":"https:\/\/vocesparalelas.com.ar\/sitio\/wp-json\/wp\/v2\/posts"}],"about":[{"href":"https:\/\/vocesparalelas.com.ar\/sitio\/wp-json\/wp\/v2\/types\/post"}],"author":[{"embeddable":true,"href":"https:\/\/vocesparalelas.com.ar\/sitio\/wp-json\/wp\/v2\/users\/3"}],"replies":[{"embeddable":true,"href":"https:\/\/vocesparalelas.com.ar\/sitio\/wp-json\/wp\/v2\/comments?post=44845"}],"version-history":[{"count":1,"href":"https:\/\/vocesparalelas.com.ar\/sitio\/wp-json\/wp\/v2\/posts\/44845\/revisions"}],"predecessor-version":[{"id":44848,"href":"https:\/\/vocesparalelas.com.ar\/sitio\/wp-json\/wp\/v2\/posts\/44845\/revisions\/44848"}],"wp:featuredmedia":[{"embeddable":true,"href":"https:\/\/vocesparalelas.com.ar\/sitio\/wp-json\/wp\/v2\/media\/44847"}],"wp:attachment":[{"href":"https:\/\/vocesparalelas.com.ar\/sitio\/wp-json\/wp\/v2\/media?parent=44845"}],"wp:term":[{"taxonomy":"category","embeddable":true,"href":"https:\/\/vocesparalelas.com.ar\/sitio\/wp-json\/wp\/v2\/categories?post=44845"},{"taxonomy":"post_tag","embeddable":true,"href":"https:\/\/vocesparalelas.com.ar\/sitio\/wp-json\/wp\/v2\/tags?post=44845"}],"curies":[{"name":"wp","href":"https:\/\/api.w.org\/{rel}","templated":true}]}}