{"id":4484,"date":"2017-08-30T02:11:07","date_gmt":"2017-08-30T05:11:07","guid":{"rendered":"http:\/\/vocesparalelas.com.ar\/sitio\/?p=4484"},"modified":"2017-11-10T17:43:14","modified_gmt":"2017-11-10T20:43:14","slug":"san-juan-invito-a-los-inversores-nacionales-e-internacionales-a-invertir-en-la-provincia-porque-reune-todas-condiciones","status":"publish","type":"post","link":"https:\/\/vocesparalelas.com.ar\/sitio\/san-juan-invito-a-los-inversores-nacionales-e-internacionales-a-invertir-en-la-provincia-porque-reune-todas-condiciones\/","title":{"rendered":"San Juan invit\u00f3 a los inversores Nacionales e Internacionales a invertir en la provincia porque re\u00fane todas condiciones de crecimiento"},"content":{"rendered":"<p>En el Hotel Sheraton Libertador, Provincia de Buenos Aires, el Gobierno de San Juan invit\u00f3 a Inversores Nacionales e Internacionales a desarrollar Proyectos en Energ\u00eda Renovable, el Martes, 29 de Agosto, a las 10: 30 hs.; donde se hicieron presentes distintos\u00a0 inversores interesados, donde\u00a0 el Gobernador de San Juan, Dr. Sergio U\u00f1ac, el Presidente de EPSE, Ing. V\u00edctor Do\u00f1a y el Ministro de Econom\u00eda y Financia de la Provincia, CPN Roberto Gattoni.<\/p>\n<p>Es as\u00ed que el Gobernador de San Juan, Dr. Sergio U\u00f1ac expuso en la reuni\u00f3n que \u201cla Provincia de San Juan ha encontrado desarrollar y respetar la Pol\u00edtica de Estado. Una provincia que ha desarrollado otras producciones econ\u00f3micas, presentando una realidad distinta. Obviamente, esto puede ser ef\u00edmero sino respetamos su contenido en relaci\u00f3n a las medidas econ\u00f3micas que debe tener una provincia. Fundamentalmente, es una provincia que piensa que el verdadero desarrollo desde la inversi\u00f3n privada siendo el Estado el debe generar seguridad jur\u00eddica y Planificaci\u00f3n Estrat\u00e9gica para que funcione\u201d.<\/p>\n<p>\u201cEl desaf\u00edo que enfrentamos los pol\u00edticos hoy que despu\u00e9s de una gran discusi\u00f3n se viene un gran acuerdo que nos marca un presente y un futuro distinto. Esto nos lleva a que los pol\u00edticos debemos encontrar 5 \u00f3 6 temas que nos pueda a crecer como pa\u00eds\u00bb.<\/p>\n<p>\u00abPodemos hablara sobre la materia energ\u00e9tica, sobre el Sistema Educativo, sobre un nuevo Sistema de Justicia que nos lleve a la tranquilidad que el Poder del Estado est\u00e9 muy cerca de la ciudadan\u00eda\u00bb.<\/p>\n<p>\u00abLa Provincia de San Juan es una provincia econ\u00f3micamente ordenada que tiene dos obras p\u00fablicas m\u00e1s importantes del interior del pa\u00eds. La presencia del Estado que tengo el honor de representar y cuyas obras p\u00fablicas permiten que inversores privados puedan invertir porque en San Juan se pueden llevar adelante negocios\u00bb.<\/p>\n<p>\u00abBusco generar pol\u00edticas de corto y largo plazo siempre fue mi ambici\u00f3n. Hoy estamos con un Plan Estrat\u00e9gico en la provincia para finar condiciones para que inversores lleguen a San juan porque consideramos que es el \u00fanico camino para generar trabajo.. Durante este tiempo hemos generado acu\u00f1ar la seguridad jur\u00eddica que es fundamental que el Estado la sostenga\u00bb.<\/p>\n<p><img loading=\"lazy\" decoding=\"async\" class=\"alignnone size-medium wp-image-4487\" src=\"https:\/\/vocesparalelas.com.ar\/sitio\/wp-content\/uploads\/2017\/08\/INVERSION-03-300x221.jpg\" alt=\"\" width=\"300\" height=\"221\" srcset=\"https:\/\/vocesparalelas.com.ar\/sitio\/wp-content\/uploads\/2017\/08\/INVERSION-03-300x221.jpg 300w, https:\/\/vocesparalelas.com.ar\/sitio\/wp-content\/uploads\/2017\/08\/INVERSION-03-768x566.jpg 768w, https:\/\/vocesparalelas.com.ar\/sitio\/wp-content\/uploads\/2017\/08\/INVERSION-03-800x589.jpg 800w, https:\/\/vocesparalelas.com.ar\/sitio\/wp-content\/uploads\/2017\/08\/INVERSION-03.jpg 1024w\" sizes=\"auto, (max-width: 300px) 100vw, 300px\" \/> <img loading=\"lazy\" decoding=\"async\" class=\"alignnone size-medium wp-image-4486\" src=\"https:\/\/vocesparalelas.com.ar\/sitio\/wp-content\/uploads\/2017\/08\/INVERSION-02-300x206.jpg\" alt=\"\" width=\"300\" height=\"206\" srcset=\"https:\/\/vocesparalelas.com.ar\/sitio\/wp-content\/uploads\/2017\/08\/INVERSION-02-300x206.jpg 300w, https:\/\/vocesparalelas.com.ar\/sitio\/wp-content\/uploads\/2017\/08\/INVERSION-02-768x527.jpg 768w, https:\/\/vocesparalelas.com.ar\/sitio\/wp-content\/uploads\/2017\/08\/INVERSION-02-800x548.jpg 800w, https:\/\/vocesparalelas.com.ar\/sitio\/wp-content\/uploads\/2017\/08\/INVERSION-02-130x90.jpg 130w, https:\/\/vocesparalelas.com.ar\/sitio\/wp-content\/uploads\/2017\/08\/INVERSION-02.jpg 1024w\" sizes=\"auto, (max-width: 300px) 100vw, 300px\" \/><\/p>\n<p>\u00abEstoy seguro que el inversor va a considerar a la provincia de San Juan como posible lugar apto para invertir. S\u00e9 que la reuni\u00f3n mantuvo un car\u00e1cter t\u00e9cnico pero la foto de San Juan es m\u00e1s que un gobernador, que un equipo de gobierno porque existen 700 mil habitantes que han decidido diversificarse y se vio obligado de expresarse otros desarrollos econ\u00f3micos. Tenemos un desarrollo agr\u00edcola, tenemos potencial natural y debemos afrontarnos a la naturaleza pero nos ha ense\u00f1ado para que cambiemos. Es una provincia que tiene mucho sol y pocas lluvias. Esto nos ha permitido aprovechar el sol para generar energ\u00eda renovable y la falta de lluvias nos ha permitido generar embalses que nos permita reservar agua para ampliar las \u00e1reas de producci\u00f3n sino para generar energ\u00eda.<\/p>\n<p>\u00abEl Terremoto de 1944 destruy\u00f3 la ciudad y esto nos permiti\u00f3 que hoy tengamos la ciudad m\u00e1s moderna del pa\u00eds. Adem\u00e1s, tenemos una provincia econ\u00f3micamente equilibrada y financieramente en buen camino. Sabemos que con las nuevas inversiones vamos a generar m\u00e1s trabajo para los sanjuaninos.<\/p>\n<p>\u201cHoy apostamos al crecimiento de la provincia. Sabemos que cuando est\u00e9n finalizadas las Obras P\u00fablicas tendremos una provincia con otras realidades y con mira a otros desarrollos.<\/p>\n<p>\u201cEstamos en una gran tarea de fomentar todo lo que nos brinda la naturaleza como el desarrollo de distintos deportes para fomentar el turismo, fomentamos el desarrollo minero responsable respetando el ambiente con una seguridad jur\u00eddica donde est\u00e1 presente el Estado.<\/p>\n<p>\u201cHoy estamos en el desarrollo de la Energ\u00eda Renovable para construir un presente y un futuro para San Juan en beneficio de todos los sanjuaninos. Espero que consideren a la Provincia de San Juan porque todo estamos dispuestos a seguir conversando. Elegir a Sn Juan como punto de inversi\u00f3n es mejor\u201d \u2013 concluy\u00f3 U\u00f1ac.<\/p>\n<p><iframe loading=\"lazy\" width=\"800\" height=\"450\" src=\"https:\/\/www.youtube.com\/embed\/ERUlfhMFifI?feature=oembed\" frameborder=\"0\" allowfullscreen><\/iframe><\/p>\n<p>&nbsp;<\/p>\n<p>&nbsp;<\/p>\n","protected":false},"excerpt":{"rendered":"<p>En el Hotel Sheraton Libertador, Provincia de Buenos Aires, el Gobierno de San Juan invit\u00f3 a Inversores Nacionales e Internacionales<\/p>\n","protected":false},"author":3,"featured_media":4485,"comment_status":"closed","ping_status":"closed","sticky":false,"template":"","format":"video","meta":{"_acf_changed":false,"_seopress_robots_primary_cat":"","_seopress_titles_title":"","_seopress_titles_desc":"","_seopress_robots_index":"","colormag_page_container_layout":"default_layout","colormag_page_sidebar_layout":"default_layout","footnotes":""},"categories":[6,7],"tags":[],"class_list":["post-4484","post","type-post","status-publish","format-video","has-post-thumbnail","hentry","category-eventos","category-videos","post_format-post-format-video"],"acf":[],"_links":{"self":[{"href":"https:\/\/vocesparalelas.com.ar\/sitio\/wp-json\/wp\/v2\/posts\/4484","targetHints":{"allow":["GET"]}}],"collection":[{"href":"https:\/\/vocesparalelas.com.ar\/sitio\/wp-json\/wp\/v2\/posts"}],"about":[{"href":"https:\/\/vocesparalelas.com.ar\/sitio\/wp-json\/wp\/v2\/types\/post"}],"author":[{"embeddable":true,"href":"https:\/\/vocesparalelas.com.ar\/sitio\/wp-json\/wp\/v2\/users\/3"}],"replies":[{"embeddable":true,"href":"https:\/\/vocesparalelas.com.ar\/sitio\/wp-json\/wp\/v2\/comments?post=4484"}],"version-history":[{"count":0,"href":"https:\/\/vocesparalelas.com.ar\/sitio\/wp-json\/wp\/v2\/posts\/4484\/revisions"}],"wp:featuredmedia":[{"embeddable":true,"href":"https:\/\/vocesparalelas.com.ar\/sitio\/wp-json\/wp\/v2\/media\/4485"}],"wp:attachment":[{"href":"https:\/\/vocesparalelas.com.ar\/sitio\/wp-json\/wp\/v2\/media?parent=4484"}],"wp:term":[{"taxonomy":"category","embeddable":true,"href":"https:\/\/vocesparalelas.com.ar\/sitio\/wp-json\/wp\/v2\/categories?post=4484"},{"taxonomy":"post_tag","embeddable":true,"href":"https:\/\/vocesparalelas.com.ar\/sitio\/wp-json\/wp\/v2\/tags?post=4484"}],"curies":[{"name":"wp","href":"https:\/\/api.w.org\/{rel}","templated":true}]}}