{"id":44829,"date":"2021-12-12T23:25:16","date_gmt":"2021-12-13T02:25:16","guid":{"rendered":"https:\/\/vocesparalelas.com.ar\/sitio\/?p=44829"},"modified":"2021-12-14T19:57:59","modified_gmt":"2021-12-14T22:57:59","slug":"150-anos-de-la-eidfs-de-la-unsj-brindado-tecnicos-a-la-sociedad","status":"publish","type":"post","link":"https:\/\/vocesparalelas.com.ar\/sitio\/150-anos-de-la-eidfs-de-la-unsj-brindado-tecnicos-a-la-sociedad\/","title":{"rendered":"150 a\u00f1os de la EIDFS de la UNSJ brindado T\u00e9cnicos a la sociedad"},"content":{"rendered":"<p>El Instituto Preuniversitario de la Universidad Nacional de San Juan Escuela Industrial Domingo Faustino Sarmiento, el 9 de Diciembre, cumpli\u00f3 150 a\u00f1os brindando T\u00e9cnicos a la sociedad no s\u00f3lo de San Juan sino de Argentina y el mundo.<\/p>\n<p>El acto comenz\u00f3 con la entrada de las Banderas Argentina y Ciudadana portada por los alumnos del 5\u00b0 A\u00f1o. Luego, se enton\u00f3 los Himnos Argentino y a Domingo Faustino Sarmiento.<\/p>\n<p><img loading=\"lazy\" decoding=\"async\" class=\"alignnone size-full wp-image-44718\" src=\"https:\/\/vocesparalelas.com.ar\/sitio\/wp-content\/uploads\/2021\/12\/EIDFS-06.jpg\" alt=\"\" width=\"800\" height=\"533\" srcset=\"https:\/\/vocesparalelas.com.ar\/sitio\/wp-content\/uploads\/2021\/12\/EIDFS-06.jpg 800w, https:\/\/vocesparalelas.com.ar\/sitio\/wp-content\/uploads\/2021\/12\/EIDFS-06-300x200.jpg 300w, https:\/\/vocesparalelas.com.ar\/sitio\/wp-content\/uploads\/2021\/12\/EIDFS-06-768x512.jpg 768w\" sizes=\"auto, (max-width: 800px) 100vw, 800px\" \/><\/p>\n<p>La sorpresa fue la interpretaci\u00f3n de la Canci\u00f3n de la Industrial liderada por el Tenor Ricardo Ochoa, cuya trayectoria internacional, fue egresado de la Escuela Industrial Domingo Faustino Sarmiento como T\u00e9cnico Qu\u00edmico. Un orgullo para todos los presentes que gritaron como unos adolescentes \u00abIndustrial\u00bb.<\/p>\n<p><iframe loading=\"lazy\" title=\"UNSJ EIDFS TENOR RICARDO OCHOA\" width=\"800\" height=\"450\" src=\"https:\/\/www.youtube.com\/embed\/1QTNABeBnH4?feature=oembed\" frameborder=\"0\" allow=\"accelerometer; autoplay; clipboard-write; encrypted-media; gyroscope; picture-in-picture\" allowfullscreen><\/iframe><\/p>\n<p>&nbsp;<\/p>\n<p>Seguidamente, el Director de la EIDFS de la UNSJ, Mg. Ing. Jorge Guti\u00e9rrez, dio la bienvenida a los presentes e hizo un recorrido a trav\u00e9s de los logros alcanzados por sus egresados.<\/p>\n<figure id=\"attachment_44719\" aria-describedby=\"caption-attachment-44719\" style=\"width: 800px\" class=\"wp-caption alignnone\"><img loading=\"lazy\" decoding=\"async\" class=\"size-full wp-image-44719\" src=\"https:\/\/vocesparalelas.com.ar\/sitio\/wp-content\/uploads\/2021\/12\/EIDFS-07.jpg\" alt=\"\" width=\"800\" height=\"533\" srcset=\"https:\/\/vocesparalelas.com.ar\/sitio\/wp-content\/uploads\/2021\/12\/EIDFS-07.jpg 800w, https:\/\/vocesparalelas.com.ar\/sitio\/wp-content\/uploads\/2021\/12\/EIDFS-07-300x200.jpg 300w, https:\/\/vocesparalelas.com.ar\/sitio\/wp-content\/uploads\/2021\/12\/EIDFS-07-768x512.jpg 768w\" sizes=\"auto, (max-width: 800px) 100vw, 800px\" \/><figcaption id=\"caption-attachment-44719\" class=\"wp-caption-text\">Director de la EIDFS de la UNSJ, Mg. Ing. Jorge Guti\u00e9rrez<\/figcaption><\/figure>\n<p>&nbsp;<\/p>\n<p><iframe loading=\"lazy\" title=\"UNSJ EIDFS ING JORGE GUTI\u00c9RREZ\" width=\"800\" height=\"450\" src=\"https:\/\/www.youtube.com\/embed\/TOBNQWtuygA?feature=oembed\" frameborder=\"0\" allow=\"accelerometer; autoplay; clipboard-write; encrypted-media; gyroscope; picture-in-picture\" allowfullscreen><\/iframe><\/p>\n<p>Posteriormente, en representaci\u00f3n de los egresados de la EIDFS y Rector de la UNSJ, Ing. Tadeo Berenguer, remarc\u00f3 lo que significa la Instituci\u00f3n en la formaci\u00f3n de los adolescentes como t\u00e9cnicos.<\/p>\n<p><iframe loading=\"lazy\" title=\"UNSJ EIDFS RECTOR ING TADEO BERENGUER\" width=\"800\" height=\"450\" src=\"https:\/\/www.youtube.com\/embed\/Jd7K-oUvKrI?feature=oembed\" frameborder=\"0\" allow=\"accelerometer; autoplay; clipboard-write; encrypted-media; gyroscope; picture-in-picture\" allowfullscreen><\/iframe><\/p>\n<p>&nbsp;<\/p>\n<p>Fue el momento del retiro de las banderas testigos de los 150 a\u00f1os de la instituci\u00f3n que dio paso al reconocimiento a egresados de distintas promociones base del prestigio personal por su formaci\u00f3n profesional.<\/p>\n<p><img loading=\"lazy\" decoding=\"async\" class=\"alignnone size-full wp-image-44725\" src=\"https:\/\/vocesparalelas.com.ar\/sitio\/wp-content\/uploads\/2021\/12\/EIDFS-14.jpg\" alt=\"\" width=\"800\" height=\"533\" srcset=\"https:\/\/vocesparalelas.com.ar\/sitio\/wp-content\/uploads\/2021\/12\/EIDFS-14.jpg 800w, https:\/\/vocesparalelas.com.ar\/sitio\/wp-content\/uploads\/2021\/12\/EIDFS-14-300x200.jpg 300w, https:\/\/vocesparalelas.com.ar\/sitio\/wp-content\/uploads\/2021\/12\/EIDFS-14-768x512.jpg 768w\" sizes=\"auto, (max-width: 800px) 100vw, 800px\" \/><\/p>\n<ul>\n<li>T\u00e9cnico Qu\u00edmico Tadeo Berenguer<\/li>\n<li>T\u00e9cnico Mec\u00e1nico Tulio Del Bono<\/li>\n<li>T\u00e9cnico Construcci\u00f3n Juan Carletto<\/li>\n<li>T\u00e9cnico Construcci\u00f3n Graciela Esteybar<\/li>\n<li>T\u00e9cnico Qu\u00edmico Ricardo Ochoa<\/li>\n<li>T\u00e9cnico Vial Juan Manuel Magari\u00f1o<\/li>\n<li>T\u00e9cnico Vial Jorge Deiana<\/li>\n<li>T\u00e9cnico Vial Juan Carlos Caparroz<\/li>\n<li>T\u00e9cnico Mec\u00e1nico Daniel Cano<\/li>\n<li>T\u00e9cnico Qu\u00edmico Eduardo Coronado<\/li>\n<li>T\u00e9cnico Construcci\u00f3n Mario Fern\u00e1ndez<\/li>\n<li>T\u00e9cnico Qu\u00edmico Industrial Andrea Diaz<\/li>\n<li>T\u00e9cnico Mec\u00e1nico Carlos Galdeano<\/li>\n<li>T\u00e9cnico Construcciones Guillermo Velazco<\/li>\n<\/ul>\n<p>De esta manera finaliz\u00f3 el acto protocolar y se comparti\u00f3 un brindis con mucha alegr\u00eda, recordando los pasos por aquellos adolescentes y hoy grandes profesionales. Muchos ya jubilados y otros aun en actividad.<\/p>\n<p>&nbsp;<\/p>\n<p>&nbsp;<\/p>\n<p><img loading=\"lazy\" decoding=\"async\" class=\"alignnone size-full wp-image-39108\" src=\"https:\/\/vocesparalelas.com.ar\/sitio\/wp-content\/uploads\/2021\/06\/EIDFS.jpg\" alt=\"\" width=\"800\" height=\"600\" srcset=\"https:\/\/vocesparalelas.com.ar\/sitio\/wp-content\/uploads\/2021\/06\/EIDFS.jpg 800w, https:\/\/vocesparalelas.com.ar\/sitio\/wp-content\/uploads\/2021\/06\/EIDFS-300x225.jpg 300w, https:\/\/vocesparalelas.com.ar\/sitio\/wp-content\/uploads\/2021\/06\/EIDFS-768x576.jpg 768w\" sizes=\"auto, (max-width: 800px) 100vw, 800px\" \/><\/p>\n<p>&nbsp;<\/p>\n<p>&nbsp;<\/p>\n<p>&nbsp;<\/p>\n<p>&nbsp;<\/p>\n<p>&nbsp;<\/p>\n<p>&nbsp;<\/p>\n<p>&nbsp;<\/p>\n","protected":false},"excerpt":{"rendered":"<p>El Instituto Preuniversitario de la Universidad Nacional de San Juan Escuela Industrial Domingo Faustino Sarmiento, el 9 de Diciembre, cumpli\u00f3<\/p>\n","protected":false},"author":3,"featured_media":44717,"comment_status":"closed","ping_status":"closed","sticky":false,"template":"","format":"video","meta":{"_acf_changed":false,"_seopress_robots_primary_cat":"none","_seopress_titles_title":"","_seopress_titles_desc":"","_seopress_robots_index":"","colormag_page_container_layout":"default_layout","colormag_page_sidebar_layout":"default_layout","footnotes":""},"categories":[10,7],"tags":[],"class_list":["post-44829","post","type-post","status-publish","format-video","has-post-thumbnail","hentry","category-opiniones","category-videos","post_format-post-format-video"],"acf":[],"_links":{"self":[{"href":"https:\/\/vocesparalelas.com.ar\/sitio\/wp-json\/wp\/v2\/posts\/44829","targetHints":{"allow":["GET"]}}],"collection":[{"href":"https:\/\/vocesparalelas.com.ar\/sitio\/wp-json\/wp\/v2\/posts"}],"about":[{"href":"https:\/\/vocesparalelas.com.ar\/sitio\/wp-json\/wp\/v2\/types\/post"}],"author":[{"embeddable":true,"href":"https:\/\/vocesparalelas.com.ar\/sitio\/wp-json\/wp\/v2\/users\/3"}],"replies":[{"embeddable":true,"href":"https:\/\/vocesparalelas.com.ar\/sitio\/wp-json\/wp\/v2\/comments?post=44829"}],"version-history":[{"count":5,"href":"https:\/\/vocesparalelas.com.ar\/sitio\/wp-json\/wp\/v2\/posts\/44829\/revisions"}],"predecessor-version":[{"id":44884,"href":"https:\/\/vocesparalelas.com.ar\/sitio\/wp-json\/wp\/v2\/posts\/44829\/revisions\/44884"}],"wp:featuredmedia":[{"embeddable":true,"href":"https:\/\/vocesparalelas.com.ar\/sitio\/wp-json\/wp\/v2\/media\/44717"}],"wp:attachment":[{"href":"https:\/\/vocesparalelas.com.ar\/sitio\/wp-json\/wp\/v2\/media?parent=44829"}],"wp:term":[{"taxonomy":"category","embeddable":true,"href":"https:\/\/vocesparalelas.com.ar\/sitio\/wp-json\/wp\/v2\/categories?post=44829"},{"taxonomy":"post_tag","embeddable":true,"href":"https:\/\/vocesparalelas.com.ar\/sitio\/wp-json\/wp\/v2\/tags?post=44829"}],"curies":[{"name":"wp","href":"https:\/\/api.w.org\/{rel}","templated":true}]}}