{"id":4478,"date":"2017-08-30T01:01:39","date_gmt":"2017-08-30T04:01:39","guid":{"rendered":"http:\/\/vocesparalelas.com.ar\/sitio\/?p=4478"},"modified":"2017-09-12T23:19:05","modified_gmt":"2017-09-13T02:19:05","slug":"un-convenio-multilateral-de-cooperacion-para-beneficiar-a-la-poblacion-de-los-departamentos-de-iglesia-y-jachal","status":"publish","type":"post","link":"https:\/\/vocesparalelas.com.ar\/sitio\/un-convenio-multilateral-de-cooperacion-para-beneficiar-a-la-poblacion-de-los-departamentos-de-iglesia-y-jachal\/","title":{"rendered":"Un Convenio multilateral de cooperaci\u00f3n para beneficiar a la poblaci\u00f3n de los Departamentos de Iglesia y J\u00e1chal"},"content":{"rendered":"<p>En la Sala de Situaci\u00f3n del Ministerio de Miner\u00eda, el Gobierno de San Juan a trav\u00e9s del Ministerio de Educaci\u00f3n y el Ministerio de Miner\u00eda firmaron un convenio Multilateral de cooperaci\u00f3n con las empresas Minera Argentina Gold S.R.L. \u2013 MAGSRL &#8211; y Barrick Exploraciones Argentina S.A. &#8211; BEASA. Los responsables fueron el Ministro de Miner\u00eda Dr. Alberto Hensel, el Ministro de Educaci\u00f3n, Lic. Felipe de los Rios, el Director Ejecutivo de la empresa Barrick, Dr. Fernando Giannoni.<\/p>\n<p>Este convenio de cooperaci\u00f3n es para potenciar el desarrollo de los Planes de Estudios y de Capacitaci\u00f3n de los habitantes de los Departamentos de Iglesia y J\u00e1chal.<\/p>\n<p>Por ello, el Director Ejecutivo de la Mina Veladero, Dr. Fernando Giannoni manifest\u00f3 que \u201cestamos muy orgullosos de poder firmar este convenio con las autoridades de la provincia de San Juan porque tenemos un v\u00ednculo muy profundo con la comunidad sanjuanina\u201d.<\/p>\n<p>\u201cEsta relaci\u00f3n nos compromete y obliga a generar las condiciones para que las futuras generaciones tengan un porvenir sustentable\u201d.<\/p>\n<p>\u201cSabemos que la educaci\u00f3n y la capacitaci\u00f3n son las herramientas ideales para alcanzar una mejor calidad de vida en su entorno\u00bb.<\/p>\n<p>\u201cEsto nos permite articular los programas con el Ministerio de Educaci\u00f3n que abarcan diferentes l\u00edneas como las contempladas a trav\u00e9s del programa FinEs que constituye una oportunidad v\u00e1lida para finalizar el Secundario de aquellos que por diferentes no lo finalizaron.<\/p>\n<p>\u201cTambi\u00e9n, ponemos a disposici\u00f3n aulas m\u00f3viles para el dictado de cursos de diversos oficios, adem\u00e1s de los cursos te\u00f3ricopr\u00e1cticos de diferentes disciplinas relacionadas y no relacionadas con la miner\u00eda, tales como electricidad, mec\u00e1nica, computaci\u00f3n e idioma\u201d.<\/p>\n<p>\u201cEn el acuerdo se lanza el programa Cisco Networking Academy que, por primera vez, permite incluir a la comunidad de San Juan en una plataforma de capacitaci\u00f3n mundial que llega a m\u00e1s de 6,9 millones de alumnos en m\u00e1s de 170 pa\u00edses. Donde los estudiantes pueden capacitarse en el dise\u00f1o, construcci\u00f3n y administraci\u00f3n de redes de comunicaciones. En ella, se desarrollan las habilidades necesarias, con sus respectivas certificaciones, para competir laboralmente en el mundo tecnol\u00f3gico\u201d.<\/p>\n<p>\u201cOtro de los programas previstos en el convenio tiene relaci\u00f3n con la alianza estrat\u00e9gica con Junior Achievement, una de las ONG m\u00e1s grandes del mundo que activa a los j\u00f3venes para los empleos del futuro. En este caso, a trav\u00e9s del aprendizaje pr\u00e1ctico y combinado aportado por profesionales voluntarios en variadas disciplinas como educaci\u00f3n financiera, preparaci\u00f3n para el trabajo y emprendimiento, se trabajar\u00e1 para que los j\u00f3venes hagan crecer sus ideas emprendedoras, perfeccionen sus habilidades laborales y administren sus ingresos, para sus familias y sus comunidades\u201d \u2013 describi\u00f3 Giannoni.<\/p>\n<p>Luego, el Ministro de Educaci\u00f3n, Lic. Felipe de los R\u00edos puntualiz\u00f3 que \u201ccon este convenio vamos a lograr extender nuestra ambici\u00f3n de poder con educaci\u00f3n a mayor cantidad de poblaci\u00f3n. Agradezco a la Empresa Barrick cooperar y pensar en los sanjuaninos. La educaci\u00f3n es el pilar fundamental para el desarrollo de las comunidades proyect\u00e1ndose a la capaitaci\u00f3n laboral de los oficios\u201d.<\/p>\n<p>Seguidamente, el Ministro de Miner\u00eda, Dr. Alberto Hensen dijo que \u201cel estado debe estar presente en toda las instancia de la poblaci\u00f3n. Este convenio es para agilizar los medios necesarios para que los logros personales puedan ser parte de la calidad de vida\u201d.<\/p>\n<p><img loading=\"lazy\" decoding=\"async\" class=\"alignnone size-medium wp-image-4482 aligncenter\" src=\"https:\/\/vocesparalelas.com.ar\/sitio\/wp-content\/uploads\/2017\/08\/BARRICK-010-2-300x200.jpg\" alt=\"\" width=\"300\" height=\"200\" srcset=\"https:\/\/vocesparalelas.com.ar\/sitio\/wp-content\/uploads\/2017\/08\/BARRICK-010-2-300x200.jpg 300w, https:\/\/vocesparalelas.com.ar\/sitio\/wp-content\/uploads\/2017\/08\/BARRICK-010-2-768x512.jpg 768w, https:\/\/vocesparalelas.com.ar\/sitio\/wp-content\/uploads\/2017\/08\/BARRICK-010-2-800x534.jpg 800w, https:\/\/vocesparalelas.com.ar\/sitio\/wp-content\/uploads\/2017\/08\/BARRICK-010-2.jpg 1000w\" sizes=\"auto, (max-width: 300px) 100vw, 300px\" \/><\/p>\n<p>El Convenio ofrece una serie de Programas Educativos para la superaci\u00f3n personal de los habitantes de los Departamentos de Iglesia y J\u00e1chal.<\/p>\n<ol>\n<li>a) Bachillerato para Adultos en Iglesia, con Desarrollo del Plan FINES en reemplazo de la modalidad actual de las Empresas<\/li>\n<li>b) Aulas M\u00f3viles del Ministerio de Educaci\u00f3n, en beneficio de los habitantes de Iglesia y J\u00e1chal. Las aulas estar\u00e1n destinadas al dictado de Cursos de Oficios (soldadura, cocina, electricidad, mec\u00e1nica, etc.;<\/li>\n<li>c) Cisco NetAcad, con el objetivo de desarrollar conocimiento digital en J\u00e1chal e Iglesia, diversificando el talento disponible en las Comunidades y dando soporte de Emprendedorismo;<\/li>\n<li>d) Cursos Te\u00f3ricos y Pr\u00e1cticos (relacionados con Miner\u00eda) que permitan generar mano de obra calificada en las Comunidades de Iglesia y J\u00e1chal, siendo elegidos para esta primera etapa los de Soldadura, Electricidad, Mec\u00e1nica, Housekeeping;<\/li>\n<li>e) Cursos Te\u00f3ricos y Pr\u00e1cticos (NO relacionados con Miner\u00eda), que permitan realizar cursos de Oficios que luego sirvan para mejorar los empleos en las Comunidades de Iglesia y J\u00e1chal, en labores no relacionados con la actividad minera. Los Cursos elegidos son: Computaci\u00f3n, Electricidad Domiciliaria, Idioma;<\/li>\n<li>f) Finalizaci\u00f3n Estudios Secundarios (para empleados de Veladero), desarrollando el Plan FINES para actuales empleados de Las Empresas que no tienen el Secundario Completo;<\/li>\n<li>g) Involucramiento de la Gerencia de Las Empresas en Comunidades, con el prop\u00f3sito de acercar a aquellas por medio de sus Gerentes\/Mandos Medios a los Colegios\/Escuelas t\u00e9cnicas de San Juan;<\/li>\n<li>h) Programa de Emprendedorismo para J\u00f3venes, a fin de desarrollar el esp\u00edritu emprendedor en los Colegios Secundarios de Iglesia y J\u00e1chal principalmente u otros departamentos que a futuro pudieran sumarse.<\/li>\n<\/ol>\n<p>Las Partes firmantes, por medio de los representantes que elijan para cada programa, son los responsables de realizar monitoreos anuales por el cumplimiento de las acciones y la evoluci\u00f3n de los indicadores correspondientes a las metas acordadas.<\/p>\n<p>De las conclusiones de dichos monitoreos y an\u00e1lisis de situaci\u00f3n, surgir\u00e1n las adecuaciones del plan que correspondan para el cumplimiento de los objetivos.<\/p>\n<p>&nbsp;<\/p>\n<p>&nbsp;<\/p>\n<p>&nbsp;<\/p>\n<p>&nbsp;<\/p>\n","protected":false},"excerpt":{"rendered":"<p>En la Sala de Situaci\u00f3n del Ministerio de Miner\u00eda, el Gobierno de San Juan a trav\u00e9s del Ministerio de Educaci\u00f3n<\/p>\n","protected":false},"author":3,"featured_media":4481,"comment_status":"closed","ping_status":"closed","sticky":false,"template":"","format":"standard","meta":{"_acf_changed":false,"_seopress_robots_primary_cat":"","_seopress_titles_title":"","_seopress_titles_desc":"","_seopress_robots_index":"","colormag_page_container_layout":"default_layout","colormag_page_sidebar_layout":"default_layout","footnotes":""},"categories":[6],"tags":[],"class_list":["post-4478","post","type-post","status-publish","format-standard","has-post-thumbnail","hentry","category-eventos"],"acf":[],"_links":{"self":[{"href":"https:\/\/vocesparalelas.com.ar\/sitio\/wp-json\/wp\/v2\/posts\/4478","targetHints":{"allow":["GET"]}}],"collection":[{"href":"https:\/\/vocesparalelas.com.ar\/sitio\/wp-json\/wp\/v2\/posts"}],"about":[{"href":"https:\/\/vocesparalelas.com.ar\/sitio\/wp-json\/wp\/v2\/types\/post"}],"author":[{"embeddable":true,"href":"https:\/\/vocesparalelas.com.ar\/sitio\/wp-json\/wp\/v2\/users\/3"}],"replies":[{"embeddable":true,"href":"https:\/\/vocesparalelas.com.ar\/sitio\/wp-json\/wp\/v2\/comments?post=4478"}],"version-history":[{"count":0,"href":"https:\/\/vocesparalelas.com.ar\/sitio\/wp-json\/wp\/v2\/posts\/4478\/revisions"}],"wp:featuredmedia":[{"embeddable":true,"href":"https:\/\/vocesparalelas.com.ar\/sitio\/wp-json\/wp\/v2\/media\/4481"}],"wp:attachment":[{"href":"https:\/\/vocesparalelas.com.ar\/sitio\/wp-json\/wp\/v2\/media?parent=4478"}],"wp:term":[{"taxonomy":"category","embeddable":true,"href":"https:\/\/vocesparalelas.com.ar\/sitio\/wp-json\/wp\/v2\/categories?post=4478"},{"taxonomy":"post_tag","embeddable":true,"href":"https:\/\/vocesparalelas.com.ar\/sitio\/wp-json\/wp\/v2\/tags?post=4478"}],"curies":[{"name":"wp","href":"https:\/\/api.w.org\/{rel}","templated":true}]}}