{"id":44779,"date":"2021-12-10T23:27:21","date_gmt":"2021-12-11T02:27:21","guid":{"rendered":"https:\/\/vocesparalelas.com.ar\/sitio\/?p=44779"},"modified":"2021-12-11T22:20:22","modified_gmt":"2021-12-12T01:20:22","slug":"asumieron-los-ministros-y-secretarios-de-estado-que-se-suman-al-gabinete-del-gobierno-de-san-juan","status":"publish","type":"post","link":"https:\/\/vocesparalelas.com.ar\/sitio\/asumieron-los-ministros-y-secretarios-de-estado-que-se-suman-al-gabinete-del-gobierno-de-san-juan\/","title":{"rendered":"Asumieron los Ministros y Secretarios de Estado que se suman al Gabinete del Gobierno de San Juan"},"content":{"rendered":"<p>La ceremonia tuvo lugar este viernes 10 de diciembre en Casa de Gobierno. En este marco, el gobernador de la Provincia,\u00a0Sergio U\u00f1ac, tom\u00f3 juramento a los nuevos ministros, secretarios y escribana Mayor de Gobierno.<\/p>\n<p>El acto fue presidido por el gobernador, acompa\u00f1ado por el vicegobernador y presiente nato de la C\u00e1mara de Diputados, Roberto Gattoni; el presidente de la Corte de Justicia de San Juan, Daniel Olivares Yapur; el intendente de la Ciudad de San Juan, Emilio Baistrocchi; diputadas nacionales Graciela Caselles y Fabiola Aubone; ministros y secretarios de Estado del Poder Ejecutivo Provincial; diputados provinciales; asesor letrado de Gobierno, Carlos Lorenzo; secretarios y directores de Estado del Poder Ejecutivo; jefes comunales, adem\u00e1s de las autoridades electas y sus familias.<\/p>\n<p>Durante la ceremonia, el primer mandatario tom\u00f3 juramento a los designados escribana mayor de Gobierno, Dra. Mayra Mar\u00eda Eugenia Mancini; ministros de Gobierno, Dr. Alberto Hensel; de Educaci\u00f3n, Prof. Cecilia Trincado; de Producci\u00f3n y Desarrollo Econ\u00f3mico, Ing. Ariel Lucero; los secretarios de Ambiente y Desarrollo Sustentable, Francisco Guevara y de Ciencia, Tecnolog\u00eda e Innovaci\u00f3n, Ing. Mar\u00eda Ver\u00f3nica Benavente Fager.<\/p>\n<figure id=\"attachment_44785\" aria-describedby=\"caption-attachment-44785\" style=\"width: 800px\" class=\"wp-caption alignnone\"><img loading=\"lazy\" decoding=\"async\" class=\"wp-image-44785 size-large\" src=\"https:\/\/vocesparalelas.com.ar\/sitio\/wp-content\/uploads\/2021\/12\/GABINETE-02-1-800x533.jpg\" alt=\"\" width=\"800\" height=\"533\" srcset=\"https:\/\/vocesparalelas.com.ar\/sitio\/wp-content\/uploads\/2021\/12\/GABINETE-02-1-800x533.jpg 800w, https:\/\/vocesparalelas.com.ar\/sitio\/wp-content\/uploads\/2021\/12\/GABINETE-02-1-300x200.jpg 300w, https:\/\/vocesparalelas.com.ar\/sitio\/wp-content\/uploads\/2021\/12\/GABINETE-02-1-768x512.jpg 768w, https:\/\/vocesparalelas.com.ar\/sitio\/wp-content\/uploads\/2021\/12\/GABINETE-02-1.jpg 1023w\" sizes=\"auto, (max-width: 800px) 100vw, 800px\" \/><figcaption id=\"caption-attachment-44785\" class=\"wp-caption-text\">Escribana mayor de Gobierno, Dra. Mayra Mar\u00eda Eugenia Mancini<\/figcaption><\/figure>\n<p>&nbsp;<\/p>\n<figure id=\"attachment_44784\" aria-describedby=\"caption-attachment-44784\" style=\"width: 800px\" class=\"wp-caption alignnone\"><img loading=\"lazy\" decoding=\"async\" class=\"wp-image-44784 size-large\" src=\"https:\/\/vocesparalelas.com.ar\/sitio\/wp-content\/uploads\/2021\/12\/GABINETE-01-1-800x533.jpg\" alt=\"\" width=\"800\" height=\"533\" srcset=\"https:\/\/vocesparalelas.com.ar\/sitio\/wp-content\/uploads\/2021\/12\/GABINETE-01-1-800x533.jpg 800w, https:\/\/vocesparalelas.com.ar\/sitio\/wp-content\/uploads\/2021\/12\/GABINETE-01-1-300x200.jpg 300w, https:\/\/vocesparalelas.com.ar\/sitio\/wp-content\/uploads\/2021\/12\/GABINETE-01-1-768x512.jpg 768w, https:\/\/vocesparalelas.com.ar\/sitio\/wp-content\/uploads\/2021\/12\/GABINETE-01-1.jpg 1023w\" sizes=\"auto, (max-width: 800px) 100vw, 800px\" \/><figcaption id=\"caption-attachment-44784\" class=\"wp-caption-text\">Ministro de Gobierno, Dr. Alberto Hensel<\/figcaption><\/figure>\n<p>&nbsp;<\/p>\n<figure id=\"attachment_44788\" aria-describedby=\"caption-attachment-44788\" style=\"width: 800px\" class=\"wp-caption alignnone\"><img loading=\"lazy\" decoding=\"async\" class=\"wp-image-44788 size-large\" src=\"https:\/\/vocesparalelas.com.ar\/sitio\/wp-content\/uploads\/2021\/12\/GABINETE-06-800x533.jpg\" alt=\"\" width=\"800\" height=\"533\" srcset=\"https:\/\/vocesparalelas.com.ar\/sitio\/wp-content\/uploads\/2021\/12\/GABINETE-06-800x533.jpg 800w, https:\/\/vocesparalelas.com.ar\/sitio\/wp-content\/uploads\/2021\/12\/GABINETE-06-300x200.jpg 300w, https:\/\/vocesparalelas.com.ar\/sitio\/wp-content\/uploads\/2021\/12\/GABINETE-06-768x512.jpg 768w, https:\/\/vocesparalelas.com.ar\/sitio\/wp-content\/uploads\/2021\/12\/GABINETE-06.jpg 1023w\" sizes=\"auto, (max-width: 800px) 100vw, 800px\" \/><figcaption id=\"caption-attachment-44788\" class=\"wp-caption-text\">Ministro de Producci\u00f3n y Desarrollo Econ\u00f3mico, Ing. Ariel Lucero<\/figcaption><\/figure>\n<p>&nbsp;<\/p>\n<figure id=\"attachment_44786\" aria-describedby=\"caption-attachment-44786\" style=\"width: 800px\" class=\"wp-caption alignnone\"><img loading=\"lazy\" decoding=\"async\" class=\"size-large wp-image-44786\" src=\"https:\/\/vocesparalelas.com.ar\/sitio\/wp-content\/uploads\/2021\/12\/GABINETE-03-1-800x533.jpg\" alt=\"\" width=\"800\" height=\"533\" srcset=\"https:\/\/vocesparalelas.com.ar\/sitio\/wp-content\/uploads\/2021\/12\/GABINETE-03-1-800x533.jpg 800w, https:\/\/vocesparalelas.com.ar\/sitio\/wp-content\/uploads\/2021\/12\/GABINETE-03-1-300x200.jpg 300w, https:\/\/vocesparalelas.com.ar\/sitio\/wp-content\/uploads\/2021\/12\/GABINETE-03-1-768x512.jpg 768w, https:\/\/vocesparalelas.com.ar\/sitio\/wp-content\/uploads\/2021\/12\/GABINETE-03-1.jpg 1023w\" sizes=\"auto, (max-width: 800px) 100vw, 800px\" \/><figcaption id=\"caption-attachment-44786\" class=\"wp-caption-text\">Secretaria de Ciencia, Tecnolog\u00eda e Innovaci\u00f3n, Ing. Mar\u00eda Ver\u00f3nica Benavente Fager<\/figcaption><\/figure>\n<p>&nbsp;<\/p>\n<p><iframe loading=\"lazy\" title=\"ING MARITA BENAVENTE\" width=\"800\" height=\"450\" src=\"https:\/\/www.youtube.com\/embed\/jm0phM0zjGU?feature=oembed\" frameborder=\"0\" allow=\"accelerometer; autoplay; clipboard-write; encrypted-media; gyroscope; picture-in-picture\" allowfullscreen><\/iframe><\/p>\n<p>&nbsp;<\/p>\n<figure id=\"attachment_44789\" aria-describedby=\"caption-attachment-44789\" style=\"width: 800px\" class=\"wp-caption alignnone\"><img loading=\"lazy\" decoding=\"async\" class=\"size-large wp-image-44789\" src=\"https:\/\/vocesparalelas.com.ar\/sitio\/wp-content\/uploads\/2021\/12\/GABINETE-07-800x533.jpg\" alt=\"\" width=\"800\" height=\"533\" srcset=\"https:\/\/vocesparalelas.com.ar\/sitio\/wp-content\/uploads\/2021\/12\/GABINETE-07-800x533.jpg 800w, https:\/\/vocesparalelas.com.ar\/sitio\/wp-content\/uploads\/2021\/12\/GABINETE-07-300x200.jpg 300w, https:\/\/vocesparalelas.com.ar\/sitio\/wp-content\/uploads\/2021\/12\/GABINETE-07-768x512.jpg 768w, https:\/\/vocesparalelas.com.ar\/sitio\/wp-content\/uploads\/2021\/12\/GABINETE-07.jpg 1023w\" sizes=\"auto, (max-width: 800px) 100vw, 800px\" \/><figcaption id=\"caption-attachment-44789\" class=\"wp-caption-text\">Secretario de Ambiente y Desarrollo Sustentable, Francisco Guevara<\/figcaption><\/figure>\n<p>Voces Paralelas, comparte el Juramento de la Prof. Cecilia Trincado, donde se escucha la voz del Locutor oficial brindando la lectura del Decreto por el cual se designa por el Gobierno de San Juan. Luego, el Gobernador, Dr. Serio U\u00f1ac toma el juramento con el protocolo de rigor y finalmente, le entrega el decreto a la Ministro de Educaci\u00f3n, Prof. Cecilia Trincado.<\/p>\n<figure id=\"attachment_44787\" aria-describedby=\"caption-attachment-44787\" style=\"width: 800px\" class=\"wp-caption alignnone\"><img loading=\"lazy\" decoding=\"async\" class=\"wp-image-44787 size-large\" src=\"https:\/\/vocesparalelas.com.ar\/sitio\/wp-content\/uploads\/2021\/12\/GABINETE-05-800x533.jpg\" alt=\"\" width=\"800\" height=\"533\" srcset=\"https:\/\/vocesparalelas.com.ar\/sitio\/wp-content\/uploads\/2021\/12\/GABINETE-05-800x533.jpg 800w, https:\/\/vocesparalelas.com.ar\/sitio\/wp-content\/uploads\/2021\/12\/GABINETE-05-300x200.jpg 300w, https:\/\/vocesparalelas.com.ar\/sitio\/wp-content\/uploads\/2021\/12\/GABINETE-05-768x512.jpg 768w, https:\/\/vocesparalelas.com.ar\/sitio\/wp-content\/uploads\/2021\/12\/GABINETE-05.jpg 1023w\" sizes=\"auto, (max-width: 800px) 100vw, 800px\" \/><figcaption id=\"caption-attachment-44787\" class=\"wp-caption-text\">Ministro de Educaci\u00f3n, Prof. Cecilia Trincado<\/figcaption><\/figure>\n<p>&nbsp;<\/p>\n<p><iframe loading=\"lazy\" title=\"PROF CECILIA TRINCADO\" width=\"800\" height=\"450\" src=\"https:\/\/www.youtube.com\/embed\/b2d1PV1oIhc?feature=oembed\" frameborder=\"0\" allow=\"accelerometer; autoplay; clipboard-write; encrypted-media; gyroscope; picture-in-picture\" allowfullscreen><\/iframe><\/p>\n<p>En ese contexto, el gobernador agradeci\u00f3 la presencia de todos, destac\u00f3 la importancia de la ceremonia y agradeci\u00f3 por su desempe\u00f1o a los ministros salientes y entrantes.\u00a0\u201cLa gesti\u00f3n es muy demandante y los desaf\u00edos de la sociedad hacen que sea de esta manera\u00bb, asever\u00f3.<\/p>\n<p>Luego, destac\u00f3 los desaf\u00edos por venir a los funcionarios que se integran al Gabinete provincial, habl\u00f3 de los objetivos cumplidos y por cumplir. Cruz\u00f3 adem\u00e1s un paralelismo con su paso por el Poder Legislativo, cuando fue vicegobernador. \u00abLa democracia es renovaci\u00f3n y es parte de la vida de todos los que hacemos pol\u00edtica\u00bb, a\u00f1adi\u00f3.<\/p>\n<p><iframe loading=\"lazy\" title=\"DR SERGIO U\u00d1AC\" width=\"800\" height=\"450\" src=\"https:\/\/www.youtube.com\/embed\/n19kHVXyZcE?feature=oembed\" frameborder=\"0\" allow=\"accelerometer; autoplay; clipboard-write; encrypted-media; gyroscope; picture-in-picture\" allowfullscreen><\/iframe><\/p>\n<p><strong><span style=\"color: #33cccc;\">Durante su discurso, tuvo definiciones positivas de cada uno de los ministros y secretarios salientes.<\/span><\/strong><\/p>\n<p>\u00abAndr\u00e9s (D\u00edaz Cano) me acompa\u00f1\u00f3 cuando era intendente de Pocito, prendi\u00f3 en m\u00ed esa luz para comenzar a planificar a trav\u00e9s del municipalismo,\u00a0no solo trabajar en lo urgente sino implementar planificaci\u00f3n plena, como hoy lo hacen cada uno de los 19 intendentes\u00bb, dijo U\u00f1ac sobre el ahora exministro de Producci\u00f3n.<\/p>\n<p>Sobre Del Bono, destac\u00f3 que \u00abme hizo entender que la ciencia y la tecnolog\u00eda no eran algo distante al Estado, que debe tener un rol preponderante, para que estas sean\u00a0un motor para las actividades econ\u00f3micas y que impacten en las sociedades\u00bb.<\/p>\n<p>Con respecto a De Los R\u00edos, el gobernador valor\u00f3 su conducci\u00f3n en la Escuela Boero, destacada a nivel nacional entre las mejores escuelas t\u00e9cnicas. \u00abHicimos mucho para poner a la Educaci\u00f3n como centro de las pol\u00edticas p\u00fablicas\u201d, sum\u00f3.<\/p>\n<p>El gobernador U\u00f1ac a\u00f1adi\u00f3 luego que Ra\u00fal Tello tuvo un gran desaf\u00edo que era hacer entender a la sociedad que se pod\u00eda hacer miner\u00eda cuidando el ambiente: \u00abLo hicimos, como tambi\u00e9n hicimos coexistir el ambiente y otras industrias,\u00a0somos la \u00fanica provincia del pa\u00eds que trata la totalidad de los residuos s\u00f3lidos urbanos\u00a0y que adem\u00e1s tiene un Centro de Educaci\u00f3n Ambiental como es Anchipurac\u00bb.<\/p>\n<p>De la misma manera, se refiri\u00f3 a la Dra. Fabiola Aubone al decir que \u00abtuvimos enormes desaf\u00edos y mucho trabajo en cuanto al transporte urbano, hoy es RedTulum, ayer fue la implementaci\u00f3n de la tarjeta SUBE. Los sistemas de Flagrancia y Acusatorio eran un tab\u00fa. Nosotros lo implementamos en un trabajo conjunto de los tres poderes del Estado\u201d.<\/p>\n<p>En el cierre, el primer mandatario agreg\u00f3 que \u00abhan trabajado con absoluta honestidad y eso enaltece su paso por la administraci\u00f3n p\u00fablica\u00bb.<\/p>\n<p>Sobre los funcionarios entrantes, el gobernador Sergio U\u00f1ac afirm\u00f3 que \u00abtengo la absoluta confianza de que\u00a0trabajar\u00e1n de la mejor manera, por eso han sido convocados. Cada uno tiene su experiencia para dirigir en carteras ministeriales sumamente delicadas y tienen que ver con el presente que nos preocupa a todos, pero tambi\u00e9n con el futuro. Hay que acercar el futuro al presente para que no lo veamos tan lejano\u201d, concluy\u00f3.<\/p>\n<p>&nbsp;<\/p>\n<p><img loading=\"lazy\" decoding=\"async\" class=\"alignnone wp-image-44782 size-full\" src=\"https:\/\/vocesparalelas.com.ar\/sitio\/wp-content\/uploads\/2021\/12\/GABINETE-02.jpg\" alt=\"\" width=\"800\" height=\"533\" srcset=\"https:\/\/vocesparalelas.com.ar\/sitio\/wp-content\/uploads\/2021\/12\/GABINETE-02.jpg 800w, https:\/\/vocesparalelas.com.ar\/sitio\/wp-content\/uploads\/2021\/12\/GABINETE-02-300x200.jpg 300w, https:\/\/vocesparalelas.com.ar\/sitio\/wp-content\/uploads\/2021\/12\/GABINETE-02-768x512.jpg 768w\" sizes=\"auto, (max-width: 800px) 100vw, 800px\" \/><\/p>\n<p>&nbsp;<\/p>\n<p>&nbsp;<\/p>\n<p>&nbsp;<\/p>\n","protected":false},"excerpt":{"rendered":"<p>La ceremonia tuvo lugar este viernes 10 de diciembre en Casa de Gobierno. En este marco, el gobernador de la<\/p>\n","protected":false},"author":3,"featured_media":44781,"comment_status":"closed","ping_status":"closed","sticky":false,"template":"","format":"video","meta":{"_acf_changed":false,"_seopress_robots_primary_cat":"none","_seopress_titles_title":"","_seopress_titles_desc":"","_seopress_robots_index":"","colormag_page_container_layout":"default_layout","colormag_page_sidebar_layout":"default_layout","footnotes":""},"categories":[1,7],"tags":[],"class_list":["post-44779","post","type-post","status-publish","format-video","has-post-thumbnail","hentry","category-destacadas","category-videos","post_format-post-format-video"],"acf":[],"_links":{"self":[{"href":"https:\/\/vocesparalelas.com.ar\/sitio\/wp-json\/wp\/v2\/posts\/44779","targetHints":{"allow":["GET"]}}],"collection":[{"href":"https:\/\/vocesparalelas.com.ar\/sitio\/wp-json\/wp\/v2\/posts"}],"about":[{"href":"https:\/\/vocesparalelas.com.ar\/sitio\/wp-json\/wp\/v2\/types\/post"}],"author":[{"embeddable":true,"href":"https:\/\/vocesparalelas.com.ar\/sitio\/wp-json\/wp\/v2\/users\/3"}],"replies":[{"embeddable":true,"href":"https:\/\/vocesparalelas.com.ar\/sitio\/wp-json\/wp\/v2\/comments?post=44779"}],"version-history":[{"count":4,"href":"https:\/\/vocesparalelas.com.ar\/sitio\/wp-json\/wp\/v2\/posts\/44779\/revisions"}],"predecessor-version":[{"id":44823,"href":"https:\/\/vocesparalelas.com.ar\/sitio\/wp-json\/wp\/v2\/posts\/44779\/revisions\/44823"}],"wp:featuredmedia":[{"embeddable":true,"href":"https:\/\/vocesparalelas.com.ar\/sitio\/wp-json\/wp\/v2\/media\/44781"}],"wp:attachment":[{"href":"https:\/\/vocesparalelas.com.ar\/sitio\/wp-json\/wp\/v2\/media?parent=44779"}],"wp:term":[{"taxonomy":"category","embeddable":true,"href":"https:\/\/vocesparalelas.com.ar\/sitio\/wp-json\/wp\/v2\/categories?post=44779"},{"taxonomy":"post_tag","embeddable":true,"href":"https:\/\/vocesparalelas.com.ar\/sitio\/wp-json\/wp\/v2\/tags?post=44779"}],"curies":[{"name":"wp","href":"https:\/\/api.w.org\/{rel}","templated":true}]}}