{"id":44769,"date":"2021-12-10T18:53:19","date_gmt":"2021-12-10T21:53:19","guid":{"rendered":"https:\/\/vocesparalelas.com.ar\/sitio\/?p=44769"},"modified":"2021-12-10T21:02:22","modified_gmt":"2021-12-11T00:02:22","slug":"un-concierto-de-la-orquesta-sinfonica-de-la-unsj-de-lujo-para-disfrutar","status":"publish","type":"post","link":"https:\/\/vocesparalelas.com.ar\/sitio\/un-concierto-de-la-orquesta-sinfonica-de-la-unsj-de-lujo-para-disfrutar\/","title":{"rendered":"Un Concierto de la Orquesta Sinf\u00f3nica de la UNSJ de lujo para disfrutar"},"content":{"rendered":"<p>Luego de casi 20 a\u00f1os de actividad profesional como director de orquesta, M\u00b0 Emmanuel Siffert realiza su \u00faltimo concierto de temporada en el Auditorio Juan Victoria y se despide de la prestigiosa Orquesta Sinf\u00f3nica de la UNSJ.<\/p>\n<p>Sin dudas un gran cierre emotivo y el show incluye un notorio reportorio de obras de m\u00fasica cl\u00e1sica que son interpretadas por los m\u00fasicos de la Orquesta y la participaci\u00f3n especial de Tito Oliva y Esteban Calder\u00f3n.<\/p>\n<p>La cita es el Viernes, 10 de Diciembre, a las 21:30 hs.; en la sala principal del Auditorio con entrada libre y gratuita.<\/p>\n<p>En medio de su amplia trayectoria internacional, el director suizo, M\u00b0 Emmanuel Siffert, cumpli\u00f3 8 a\u00f1os al frente de la Orquesta Sinf\u00f3nica de San Juan.<\/p>\n<p>Por ello, se brind\u00f3 una conferencia de Prensa con el integrante de la Comisi\u00f3n T\u00e9cnica Art\u00edstica de la Orquesta Sinf\u00f3nica de la Universidad Nacional de San Juan, Prof. Juan Carlos Caballero, la Ministro de Turismo y Cultura del Gobierno de San Juan, Lic. Claudia Grynszpan; la Secretaria de Cultura, Prof. Virginia Agote, el Director de la Orquesta Sinf\u00f3nica de la UNSJ, M\u00b0 Emmanuel Siffert, el Director del Auditorio Juan Victoria, Rolando Garc\u00eda Gomez y una integrante de la orquesta Indira Gonz\u00e1lez.<\/p>\n<p><img loading=\"lazy\" decoding=\"async\" class=\"alignnone wp-image-44764 size-full\" src=\"https:\/\/vocesparalelas.com.ar\/sitio\/wp-content\/uploads\/2021\/12\/AUDI-01.jpg\" alt=\"\" width=\"800\" height=\"533\" srcset=\"https:\/\/vocesparalelas.com.ar\/sitio\/wp-content\/uploads\/2021\/12\/AUDI-01.jpg 800w, https:\/\/vocesparalelas.com.ar\/sitio\/wp-content\/uploads\/2021\/12\/AUDI-01-300x200.jpg 300w, https:\/\/vocesparalelas.com.ar\/sitio\/wp-content\/uploads\/2021\/12\/AUDI-01-768x512.jpg 768w\" sizes=\"auto, (max-width: 800px) 100vw, 800px\" \/><\/p>\n<p>El integrante de la Comisi\u00f3n T\u00e9cnica Art\u00edstica de la Orquesta Sinf\u00f3nica de la Universidad Nacional de San Juan, Prof. Juan Carlos Caballero, invit\u00f3 a participar del concierto el Viernes, 10 de Diciembre, a las 21:30 hs.; en el Auditorio Juan Victoria, con entrada libre y gratuita.<\/p>\n<p><iframe loading=\"lazy\" title=\"UNSJ ORQUESTA\" width=\"800\" height=\"450\" src=\"https:\/\/www.youtube.com\/embed\/ONJZuuSKx50?feature=oembed\" frameborder=\"0\" allow=\"accelerometer; autoplay; clipboard-write; encrypted-media; gyroscope; picture-in-picture\" allowfullscreen><\/iframe><\/p>\n<p>Luego, la Secretaria de Cultura, Prof. Virginia Agote destac\u00f3 la importancia del M\u00b0 Emmanuel Siffert que se despide de la orquesta y de San Juan.<\/p>\n<p><iframe loading=\"lazy\" title=\"UNSJ PROF VIRGINIA AGOTE\" width=\"800\" height=\"450\" src=\"https:\/\/www.youtube.com\/embed\/4NEVZDdfGE4?feature=oembed\" frameborder=\"0\" allow=\"accelerometer; autoplay; clipboard-write; encrypted-media; gyroscope; picture-in-picture\" allowfullscreen><\/iframe><\/p>\n<p>Posteriormente, el M\u00b0 Emmanuel Siffert agradeci\u00f3 a los m\u00fasicos de la orquesta y a la comunidad sanjuanina por el apoyo de siempre. \u201cVoy a dejar la titularidad pero me gustar\u00eda trabajar como invitado desde otra forma. Ahora tengo otras oportunidades como director, me toca viajar a otros lugares. Esto es as\u00ed, una ley natural.\u00a0La relaci\u00f3n con la Orquesta fue siempre muy \u00f3ptima y se construy\u00f3 un propio sonido. Tambi\u00e9n es muy importante los CD virtuales que se compusieron durante la pandemia, buscamos la manera de equilibrar la falta de ensayos\u201d.<\/p>\n<p>&nbsp;<\/p>\n<p><iframe loading=\"lazy\" title=\"UNSJ M*\" width=\"800\" height=\"450\" src=\"https:\/\/www.youtube.com\/embed\/C9HzMeFOnVs?feature=oembed\" frameborder=\"0\" allow=\"accelerometer; autoplay; clipboard-write; encrypted-media; gyroscope; picture-in-picture\" allowfullscreen><\/iframe><\/p>\n<p>Finalmente, la Ministro de Turismo y Cultura del Gobierno de San Juan, Lic. Claudia Grynszpan, agradeci\u00f3 la dedicaci\u00f3n al M\u00b0 Emmanuel Siffert a la Cultura de San Juan.<\/p>\n<p><iframe loading=\"lazy\" title=\"UNSJ LIC CLAUDIA GRYNSZPAN\" width=\"800\" height=\"450\" src=\"https:\/\/www.youtube.com\/embed\/0RcXHq4qgw8?feature=oembed\" frameborder=\"0\" allow=\"accelerometer; autoplay; clipboard-write; encrypted-media; gyroscope; picture-in-picture\" allowfullscreen><\/iframe><\/p>\n<p>&nbsp;<\/p>\n<p>Es importante destacar que a lo largo de su gesti\u00f3n art\u00edstica en la provincia, logr\u00f3 que la formaci\u00f3n volviera a tocar en Buenos Aires en el CCK durante el 2019, se destaca tambi\u00e9n las grandes producciones de opera en el Teatro del Bicentenario y hasta tuvieron el reconocimiento con la orquesta de haber sido nominados a los Premios Gardel y Emmy luego de acompa\u00f1ar a Lito Vitale en la grabaci\u00f3n del CD \u201cEse amigo del alma &#8211; 30 a\u00f1os\u201d que se realiz\u00f3 en el Auditorio Juan Victoria.<\/p>\n<p>&nbsp;<\/p>\n<p>&nbsp;<\/p>\n<p>&nbsp;<\/p>\n","protected":false},"excerpt":{"rendered":"<p>Luego de casi 20 a\u00f1os de actividad profesional como director de orquesta, M\u00b0 Emmanuel Siffert realiza su \u00faltimo concierto de<\/p>\n","protected":false},"author":3,"featured_media":44766,"comment_status":"closed","ping_status":"closed","sticky":false,"template":"","format":"standard","meta":{"_acf_changed":false,"_seopress_robots_primary_cat":"none","_seopress_titles_title":"","_seopress_titles_desc":"","_seopress_robots_index":"","colormag_page_container_layout":"default_layout","colormag_page_sidebar_layout":"default_layout","footnotes":""},"categories":[1,7],"tags":[],"class_list":["post-44769","post","type-post","status-publish","format-standard","has-post-thumbnail","hentry","category-destacadas","category-videos"],"acf":[],"_links":{"self":[{"href":"https:\/\/vocesparalelas.com.ar\/sitio\/wp-json\/wp\/v2\/posts\/44769","targetHints":{"allow":["GET"]}}],"collection":[{"href":"https:\/\/vocesparalelas.com.ar\/sitio\/wp-json\/wp\/v2\/posts"}],"about":[{"href":"https:\/\/vocesparalelas.com.ar\/sitio\/wp-json\/wp\/v2\/types\/post"}],"author":[{"embeddable":true,"href":"https:\/\/vocesparalelas.com.ar\/sitio\/wp-json\/wp\/v2\/users\/3"}],"replies":[{"embeddable":true,"href":"https:\/\/vocesparalelas.com.ar\/sitio\/wp-json\/wp\/v2\/comments?post=44769"}],"version-history":[{"count":4,"href":"https:\/\/vocesparalelas.com.ar\/sitio\/wp-json\/wp\/v2\/posts\/44769\/revisions"}],"predecessor-version":[{"id":44778,"href":"https:\/\/vocesparalelas.com.ar\/sitio\/wp-json\/wp\/v2\/posts\/44769\/revisions\/44778"}],"wp:featuredmedia":[{"embeddable":true,"href":"https:\/\/vocesparalelas.com.ar\/sitio\/wp-json\/wp\/v2\/media\/44766"}],"wp:attachment":[{"href":"https:\/\/vocesparalelas.com.ar\/sitio\/wp-json\/wp\/v2\/media?parent=44769"}],"wp:term":[{"taxonomy":"category","embeddable":true,"href":"https:\/\/vocesparalelas.com.ar\/sitio\/wp-json\/wp\/v2\/categories?post=44769"},{"taxonomy":"post_tag","embeddable":true,"href":"https:\/\/vocesparalelas.com.ar\/sitio\/wp-json\/wp\/v2\/tags?post=44769"}],"curies":[{"name":"wp","href":"https:\/\/api.w.org\/{rel}","templated":true}]}}