{"id":44736,"date":"2021-12-09T21:45:06","date_gmt":"2021-12-10T00:45:06","guid":{"rendered":"https:\/\/vocesparalelas.com.ar\/sitio\/?p=44736"},"modified":"2021-12-10T00:23:43","modified_gmt":"2021-12-10T03:23:43","slug":"cena-de-fin-de-ano-de-adicus-2","status":"publish","type":"post","link":"https:\/\/vocesparalelas.com.ar\/sitio\/cena-de-fin-de-ano-de-adicus-2\/","title":{"rendered":"Cena de Fin de A\u00f1o de ADICUS"},"content":{"rendered":"<p>El Martes, 07 de Diciembre, a partir de las 22 hs, la Asociaci\u00f3n de Docentes, Investigadores y Creadores de la Universidad Nacional de San Juan, brind\u00f3 una cena de fin de a\u00f1o para todos sus afiliados, en el Camping de la Asociaci\u00f3n Mutual del Personal de la UNSJ, Departamento Pocito con la asistencia de m\u00e1s de 400 personas.<\/p>\n<p>Fue una noche amena, llena de encuentros y reencuentros, con la maravillosa posibilidad de distenderse y disfrutar, cuestiones m\u00e1s que merecidas, sobre todo luego de una pandemia que ha infligido en la vida de todos y todas, no solo a nivel del tiempo y la normalidad, sino en lo psicol\u00f3gico y emocional.<\/p>\n<p>La Cena cont\u00f3 con la presencia del Rector de la UNSJ, Ing. Tadeo Berenguer y la Vicerrectora, Dra. Anal\u00eda Ponce, la Decana de la Facultad de Filosof\u00eda, Humanidades y Artes, Mg. Myriam Arrabal y el Vicedecano, Prof. Marcelo Vasquez, entre otras autoridades.<\/p>\n<p><img loading=\"lazy\" decoding=\"async\" class=\"wp-image-44742 size-full aligncenter\" src=\"https:\/\/vocesparalelas.com.ar\/sitio\/wp-content\/uploads\/2021\/12\/ADICUS-CENA-5.jpg\" alt=\"\" width=\"522\" height=\"390\" srcset=\"https:\/\/vocesparalelas.com.ar\/sitio\/wp-content\/uploads\/2021\/12\/ADICUS-CENA-5.jpg 522w, https:\/\/vocesparalelas.com.ar\/sitio\/wp-content\/uploads\/2021\/12\/ADICUS-CENA-5-300x224.jpg 300w\" sizes=\"auto, (max-width: 522px) 100vw, 522px\" \/><\/p>\n<p>Desde lo sindical, recibieron tambi\u00e9n la visita de la Secretaria General de la Asociaci\u00f3n de Docentes, Investigadores y Creadores de la Universidad Nacional de Cuyo FADIUNC -, Francisca Staiti que, adem\u00e1s a nivel nacional es la Secretaria Gremial de la Federaci\u00f3n CONADU Hist\u00f3rica. Por parte de FADIUNC, tambi\u00e9n estuvo presente el Secretario Adjunto, Emiliano Diez.<\/p>\n<p><img loading=\"lazy\" decoding=\"async\" class=\"wp-image-44741 size-full aligncenter\" src=\"https:\/\/vocesparalelas.com.ar\/sitio\/wp-content\/uploads\/2021\/12\/ADICUS-CENA-4.jpg\" alt=\"\" width=\"522\" height=\"390\" srcset=\"https:\/\/vocesparalelas.com.ar\/sitio\/wp-content\/uploads\/2021\/12\/ADICUS-CENA-4.jpg 522w, https:\/\/vocesparalelas.com.ar\/sitio\/wp-content\/uploads\/2021\/12\/ADICUS-CENA-4-300x224.jpg 300w\" sizes=\"auto, (max-width: 522px) 100vw, 522px\" \/><\/p>\n<p>Desde ADICUS, agradecieron el esfuerzo y el compromiso de la Docencia Universitaria y Preuniversitaria de la UNSJ y, en palabras de su Secretario General, Jaime Barcelona, avizor\u00f3 nuevas luchas y desaf\u00edos para el a\u00f1o entrante, por lo que llam\u00f3 a toda la Docencia a sumarse a ADICUS y ser parte de un gremio que est\u00e1 al servicio de los docentes.<\/p>\n<p>Minutos antes de que comenzara el baile, el gremio organizador reprodujo un video en homenaje al gran esfuerzo y compromiso que tuvo toda la Docencia Universitaria durante la Pandemia que, indudablemente, sostuvieron el sistema educativo desde sus casos y con su propio bolsillo.<\/p>\n<p><img loading=\"lazy\" decoding=\"async\" class=\"wp-image-44738 size-full aligncenter\" src=\"https:\/\/vocesparalelas.com.ar\/sitio\/wp-content\/uploads\/2021\/12\/ADICUS-CENA-1.jpg\" alt=\"\" width=\"522\" height=\"390\" srcset=\"https:\/\/vocesparalelas.com.ar\/sitio\/wp-content\/uploads\/2021\/12\/ADICUS-CENA-1.jpg 522w, https:\/\/vocesparalelas.com.ar\/sitio\/wp-content\/uploads\/2021\/12\/ADICUS-CENA-1-300x224.jpg 300w\" sizes=\"auto, (max-width: 522px) 100vw, 522px\" \/><\/p>\n<p>&nbsp;<\/p>\n<p>&nbsp;<\/p>\n","protected":false},"excerpt":{"rendered":"<p>El Martes, 07 de Diciembre, a partir de las 22 hs, la Asociaci\u00f3n de Docentes, Investigadores y Creadores de la<\/p>\n","protected":false},"author":3,"featured_media":44753,"comment_status":"closed","ping_status":"closed","sticky":false,"template":"","format":"standard","meta":{"_acf_changed":false,"_seopress_robots_primary_cat":"none","_seopress_titles_title":"","_seopress_titles_desc":"","_seopress_robots_index":"","colormag_page_container_layout":"default_layout","colormag_page_sidebar_layout":"default_layout","footnotes":""},"categories":[1],"tags":[],"class_list":["post-44736","post","type-post","status-publish","format-standard","has-post-thumbnail","hentry","category-destacadas"],"acf":[],"_links":{"self":[{"href":"https:\/\/vocesparalelas.com.ar\/sitio\/wp-json\/wp\/v2\/posts\/44736","targetHints":{"allow":["GET"]}}],"collection":[{"href":"https:\/\/vocesparalelas.com.ar\/sitio\/wp-json\/wp\/v2\/posts"}],"about":[{"href":"https:\/\/vocesparalelas.com.ar\/sitio\/wp-json\/wp\/v2\/types\/post"}],"author":[{"embeddable":true,"href":"https:\/\/vocesparalelas.com.ar\/sitio\/wp-json\/wp\/v2\/users\/3"}],"replies":[{"embeddable":true,"href":"https:\/\/vocesparalelas.com.ar\/sitio\/wp-json\/wp\/v2\/comments?post=44736"}],"version-history":[{"count":1,"href":"https:\/\/vocesparalelas.com.ar\/sitio\/wp-json\/wp\/v2\/posts\/44736\/revisions"}],"predecessor-version":[{"id":44743,"href":"https:\/\/vocesparalelas.com.ar\/sitio\/wp-json\/wp\/v2\/posts\/44736\/revisions\/44743"}],"wp:featuredmedia":[{"embeddable":true,"href":"https:\/\/vocesparalelas.com.ar\/sitio\/wp-json\/wp\/v2\/media\/44753"}],"wp:attachment":[{"href":"https:\/\/vocesparalelas.com.ar\/sitio\/wp-json\/wp\/v2\/media?parent=44736"}],"wp:term":[{"taxonomy":"category","embeddable":true,"href":"https:\/\/vocesparalelas.com.ar\/sitio\/wp-json\/wp\/v2\/categories?post=44736"},{"taxonomy":"post_tag","embeddable":true,"href":"https:\/\/vocesparalelas.com.ar\/sitio\/wp-json\/wp\/v2\/tags?post=44736"}],"curies":[{"name":"wp","href":"https:\/\/api.w.org\/{rel}","templated":true}]}}