{"id":44702,"date":"2021-12-08T20:56:15","date_gmt":"2021-12-08T23:56:15","guid":{"rendered":"https:\/\/vocesparalelas.com.ar\/sitio\/?p=44702"},"modified":"2021-12-08T20:56:15","modified_gmt":"2021-12-08T23:56:15","slug":"avanza-la-obra-de-la-escuela-de-musica-de-la-ffha-de-la-unsj","status":"publish","type":"post","link":"https:\/\/vocesparalelas.com.ar\/sitio\/avanza-la-obra-de-la-escuela-de-musica-de-la-ffha-de-la-unsj\/","title":{"rendered":"Avanza la Obra de la Escuela de M\u00fasica de la FFHA de la UNSJ"},"content":{"rendered":"<p>La Secretar\u00eda de Obras y Servicios de la Universidad Nacional de San Juan tiene la responsabilidad de controlar los tiempos consignados desde el momento en que el Rector de la UNSJ,\u00a0 Ing. Tadeo Berenguer entreg\u00f3 la obra de la Escuela de M\u00fasica, despu\u00e9s de firmar un convenio en Septiembre de 2021 con el due\u00f1o de la empresa Panacam SRL, firma de San Juan, la encargada de dar continuidad a la obra y que tiene que finalizar la misma, en su primer tramo.<\/p>\n<p>Es importante aclara que, la Escuela de M\u00fasica pertenece al Departamento de M\u00fasica de la Facultad de Filosof\u00eda, Humanidades y Artes de la UNSJ.<\/p>\n<p>Voces Paralelas comparte aquella firma de entrega de la obra a la empresa Panacam SRL.<\/p>\n<blockquote class=\"wp-embedded-content\" data-secret=\"VhxJlKiiER\"><p><a href=\"https:\/\/vocesparalelas.com.ar\/sitio\/se-reinicia-la-obra-de-construccion-de-la-escuela-de-musica-de-la-ffha-de-la-unsj\/\">Se reinicia la Obra de construcci\u00f3n de la Escuela de M\u00fasica de la FFHA de la UNSJ<\/a><\/p><\/blockquote>\n<p><iframe loading=\"lazy\" class=\"wp-embedded-content\" sandbox=\"allow-scripts\" security=\"restricted\" style=\"position: absolute; clip: rect(1px, 1px, 1px, 1px);\" title=\"\u00abSe reinicia la Obra de construcci\u00f3n de la Escuela de M\u00fasica de la FFHA de la UNSJ\u00bb \u2014 Voces Paralelas\" src=\"https:\/\/vocesparalelas.com.ar\/sitio\/se-reinicia-la-obra-de-construccion-de-la-escuela-de-musica-de-la-ffha-de-la-unsj\/embed\/#?secret=VhxJlKiiER\" data-secret=\"VhxJlKiiER\" width=\"600\" height=\"338\" frameborder=\"0\" marginwidth=\"0\" marginheight=\"0\" scrolling=\"no\"><\/iframe><\/p>\n<p>Para aquello que no lo recuerdan el proyecto es como una mano y esta obra iniciada es como un dedo faltando 4 para concluir el sue\u00f1o de lograr el nuevo edificio de la Escuela de M\u00fasica que no s\u00f3lo beneficia a la comunidad universitaria sino a la comunidad de San Juan.<\/p>\n<p>Es as\u00ed que, Voces Paralelas entrevist\u00f3 al Secretario de Obras y Servicios de la UNSJ, Ing. Hugo Fern\u00e1ndez, quien describi\u00f3 lo avances para que la empresa pueda terminar la Obra. En este momento, se ha realizado la limpieza del predio por la empresa, se ha reintegrado el servicio de Electricidad y de agua.<\/p>\n<p><iframe loading=\"lazy\" title=\"UNSJ ING HUGO FERN\u00c1NDEZ\" width=\"800\" height=\"450\" src=\"https:\/\/www.youtube.com\/embed\/YoHAsjZwzrI?feature=oembed\" frameborder=\"0\" allow=\"accelerometer; autoplay; clipboard-write; encrypted-media; gyroscope; picture-in-picture\" allowfullscreen><\/iframe><\/p>\n<p>&nbsp;<\/p>\n<p>Voces Paralelas aclara que las fotos del avance de obra fueron cedidas por la Secretar\u00eda de Comunicaci\u00f3n de la UNSJ y por la visita del Secretario de Obras y Servicios de la UNSJ, Ing. Hugo Fern\u00e1ndez.<\/p>\n<p>&nbsp;<\/p>\n<p><img loading=\"lazy\" decoding=\"async\" class=\"alignnone wp-image-44706 size-large\" src=\"https:\/\/vocesparalelas.com.ar\/sitio\/wp-content\/uploads\/2021\/12\/FFHA-ESCUELA-MUSICA-2-800x450.jpg\" alt=\"\" width=\"800\" height=\"450\" srcset=\"https:\/\/vocesparalelas.com.ar\/sitio\/wp-content\/uploads\/2021\/12\/FFHA-ESCUELA-MUSICA-2-800x450.jpg 800w, https:\/\/vocesparalelas.com.ar\/sitio\/wp-content\/uploads\/2021\/12\/FFHA-ESCUELA-MUSICA-2-300x169.jpg 300w, https:\/\/vocesparalelas.com.ar\/sitio\/wp-content\/uploads\/2021\/12\/FFHA-ESCUELA-MUSICA-2-768x432.jpg 768w, https:\/\/vocesparalelas.com.ar\/sitio\/wp-content\/uploads\/2021\/12\/FFHA-ESCUELA-MUSICA-2.jpg 1024w\" sizes=\"auto, (max-width: 800px) 100vw, 800px\" \/><\/p>\n<p><img loading=\"lazy\" decoding=\"async\" class=\"alignnone wp-image-44707 size-large\" src=\"https:\/\/vocesparalelas.com.ar\/sitio\/wp-content\/uploads\/2021\/12\/FFHA-ESCUELA-MUSICA-3-800x558.jpg\" alt=\"\" width=\"800\" height=\"558\" srcset=\"https:\/\/vocesparalelas.com.ar\/sitio\/wp-content\/uploads\/2021\/12\/FFHA-ESCUELA-MUSICA-3-800x558.jpg 800w, https:\/\/vocesparalelas.com.ar\/sitio\/wp-content\/uploads\/2021\/12\/FFHA-ESCUELA-MUSICA-3-300x209.jpg 300w, https:\/\/vocesparalelas.com.ar\/sitio\/wp-content\/uploads\/2021\/12\/FFHA-ESCUELA-MUSICA-3-768x536.jpg 768w, https:\/\/vocesparalelas.com.ar\/sitio\/wp-content\/uploads\/2021\/12\/FFHA-ESCUELA-MUSICA-3-392x272.jpg 392w, https:\/\/vocesparalelas.com.ar\/sitio\/wp-content\/uploads\/2021\/12\/FFHA-ESCUELA-MUSICA-3-130x90.jpg 130w, https:\/\/vocesparalelas.com.ar\/sitio\/wp-content\/uploads\/2021\/12\/FFHA-ESCUELA-MUSICA-3.jpg 1024w\" sizes=\"auto, (max-width: 800px) 100vw, 800px\" \/><\/p>\n<p><img loading=\"lazy\" decoding=\"async\" class=\"alignnone wp-image-44708 size-large\" src=\"https:\/\/vocesparalelas.com.ar\/sitio\/wp-content\/uploads\/2021\/12\/FFHA-ESCUELA-MUSICA-4-800x559.jpg\" alt=\"\" width=\"800\" height=\"559\" srcset=\"https:\/\/vocesparalelas.com.ar\/sitio\/wp-content\/uploads\/2021\/12\/FFHA-ESCUELA-MUSICA-4-800x559.jpg 800w, https:\/\/vocesparalelas.com.ar\/sitio\/wp-content\/uploads\/2021\/12\/FFHA-ESCUELA-MUSICA-4-300x209.jpg 300w, https:\/\/vocesparalelas.com.ar\/sitio\/wp-content\/uploads\/2021\/12\/FFHA-ESCUELA-MUSICA-4-768x536.jpg 768w, https:\/\/vocesparalelas.com.ar\/sitio\/wp-content\/uploads\/2021\/12\/FFHA-ESCUELA-MUSICA-4-130x90.jpg 130w, https:\/\/vocesparalelas.com.ar\/sitio\/wp-content\/uploads\/2021\/12\/FFHA-ESCUELA-MUSICA-4.jpg 1024w\" sizes=\"auto, (max-width: 800px) 100vw, 800px\" \/><\/p>\n<p><img loading=\"lazy\" decoding=\"async\" class=\"alignnone wp-image-44709 size-large\" src=\"https:\/\/vocesparalelas.com.ar\/sitio\/wp-content\/uploads\/2021\/12\/FFHA-ESCUELA-MUSICA-5-800x554.jpg\" alt=\"\" width=\"800\" height=\"554\" srcset=\"https:\/\/vocesparalelas.com.ar\/sitio\/wp-content\/uploads\/2021\/12\/FFHA-ESCUELA-MUSICA-5-800x554.jpg 800w, https:\/\/vocesparalelas.com.ar\/sitio\/wp-content\/uploads\/2021\/12\/FFHA-ESCUELA-MUSICA-5-300x208.jpg 300w, https:\/\/vocesparalelas.com.ar\/sitio\/wp-content\/uploads\/2021\/12\/FFHA-ESCUELA-MUSICA-5-768x532.jpg 768w, https:\/\/vocesparalelas.com.ar\/sitio\/wp-content\/uploads\/2021\/12\/FFHA-ESCUELA-MUSICA-5-392x272.jpg 392w, https:\/\/vocesparalelas.com.ar\/sitio\/wp-content\/uploads\/2021\/12\/FFHA-ESCUELA-MUSICA-5-130x90.jpg 130w, https:\/\/vocesparalelas.com.ar\/sitio\/wp-content\/uploads\/2021\/12\/FFHA-ESCUELA-MUSICA-5.jpg 1024w\" sizes=\"auto, (max-width: 800px) 100vw, 800px\" \/><\/p>\n<p><img loading=\"lazy\" decoding=\"async\" class=\"alignnone wp-image-44710 size-large\" src=\"https:\/\/vocesparalelas.com.ar\/sitio\/wp-content\/uploads\/2021\/12\/FFHA-ESCUELA-MUSICA-6-800x553.jpg\" alt=\"\" width=\"800\" height=\"553\" srcset=\"https:\/\/vocesparalelas.com.ar\/sitio\/wp-content\/uploads\/2021\/12\/FFHA-ESCUELA-MUSICA-6-800x553.jpg 800w, https:\/\/vocesparalelas.com.ar\/sitio\/wp-content\/uploads\/2021\/12\/FFHA-ESCUELA-MUSICA-6-300x207.jpg 300w, https:\/\/vocesparalelas.com.ar\/sitio\/wp-content\/uploads\/2021\/12\/FFHA-ESCUELA-MUSICA-6-768x531.jpg 768w, https:\/\/vocesparalelas.com.ar\/sitio\/wp-content\/uploads\/2021\/12\/FFHA-ESCUELA-MUSICA-6-392x272.jpg 392w, https:\/\/vocesparalelas.com.ar\/sitio\/wp-content\/uploads\/2021\/12\/FFHA-ESCUELA-MUSICA-6-130x90.jpg 130w, https:\/\/vocesparalelas.com.ar\/sitio\/wp-content\/uploads\/2021\/12\/FFHA-ESCUELA-MUSICA-6.jpg 1024w\" sizes=\"auto, (max-width: 800px) 100vw, 800px\" \/><\/p>\n<p><img loading=\"lazy\" decoding=\"async\" class=\"alignnone wp-image-44705 size-large\" src=\"https:\/\/vocesparalelas.com.ar\/sitio\/wp-content\/uploads\/2021\/12\/FFHA-ESCUELA-MUSICA-1-800x450.jpg\" alt=\"\" width=\"800\" height=\"450\" srcset=\"https:\/\/vocesparalelas.com.ar\/sitio\/wp-content\/uploads\/2021\/12\/FFHA-ESCUELA-MUSICA-1-800x450.jpg 800w, https:\/\/vocesparalelas.com.ar\/sitio\/wp-content\/uploads\/2021\/12\/FFHA-ESCUELA-MUSICA-1-300x169.jpg 300w, https:\/\/vocesparalelas.com.ar\/sitio\/wp-content\/uploads\/2021\/12\/FFHA-ESCUELA-MUSICA-1-768x432.jpg 768w, https:\/\/vocesparalelas.com.ar\/sitio\/wp-content\/uploads\/2021\/12\/FFHA-ESCUELA-MUSICA-1.jpg 1024w\" sizes=\"auto, (max-width: 800px) 100vw, 800px\" \/><\/p>\n<p>&nbsp;<\/p>\n<p>&nbsp;<\/p>\n<p>&nbsp;<\/p>\n<p>&nbsp;<\/p>\n","protected":false},"excerpt":{"rendered":"<p>La Secretar\u00eda de Obras y Servicios de la Universidad Nacional de San Juan tiene la responsabilidad de controlar los tiempos<\/p>\n","protected":false},"author":3,"featured_media":44704,"comment_status":"closed","ping_status":"closed","sticky":false,"template":"","format":"video","meta":{"_acf_changed":false,"_seopress_robots_primary_cat":"none","_seopress_titles_title":"","_seopress_titles_desc":"","_seopress_robots_index":"","colormag_page_container_layout":"default_layout","colormag_page_sidebar_layout":"default_layout","footnotes":""},"categories":[1,7],"tags":[],"class_list":["post-44702","post","type-post","status-publish","format-video","has-post-thumbnail","hentry","category-destacadas","category-videos","post_format-post-format-video"],"acf":[],"_links":{"self":[{"href":"https:\/\/vocesparalelas.com.ar\/sitio\/wp-json\/wp\/v2\/posts\/44702","targetHints":{"allow":["GET"]}}],"collection":[{"href":"https:\/\/vocesparalelas.com.ar\/sitio\/wp-json\/wp\/v2\/posts"}],"about":[{"href":"https:\/\/vocesparalelas.com.ar\/sitio\/wp-json\/wp\/v2\/types\/post"}],"author":[{"embeddable":true,"href":"https:\/\/vocesparalelas.com.ar\/sitio\/wp-json\/wp\/v2\/users\/3"}],"replies":[{"embeddable":true,"href":"https:\/\/vocesparalelas.com.ar\/sitio\/wp-json\/wp\/v2\/comments?post=44702"}],"version-history":[{"count":1,"href":"https:\/\/vocesparalelas.com.ar\/sitio\/wp-json\/wp\/v2\/posts\/44702\/revisions"}],"predecessor-version":[{"id":44711,"href":"https:\/\/vocesparalelas.com.ar\/sitio\/wp-json\/wp\/v2\/posts\/44702\/revisions\/44711"}],"wp:featuredmedia":[{"embeddable":true,"href":"https:\/\/vocesparalelas.com.ar\/sitio\/wp-json\/wp\/v2\/media\/44704"}],"wp:attachment":[{"href":"https:\/\/vocesparalelas.com.ar\/sitio\/wp-json\/wp\/v2\/media?parent=44702"}],"wp:term":[{"taxonomy":"category","embeddable":true,"href":"https:\/\/vocesparalelas.com.ar\/sitio\/wp-json\/wp\/v2\/categories?post=44702"},{"taxonomy":"post_tag","embeddable":true,"href":"https:\/\/vocesparalelas.com.ar\/sitio\/wp-json\/wp\/v2\/tags?post=44702"}],"curies":[{"name":"wp","href":"https:\/\/api.w.org\/{rel}","templated":true}]}}