{"id":4467,"date":"2017-08-30T23:01:37","date_gmt":"2017-08-31T02:01:37","guid":{"rendered":"http:\/\/vocesparalelas.com.ar\/sitio\/?p=4467"},"modified":"2017-09-12T23:11:51","modified_gmt":"2017-09-13T02:11:51","slug":"100-anos-de-la-escuela-normal-superior-fray-justo-santa-maria-de-oro-de-jachal-entregando-profesionales-a-la-sociedad","status":"publish","type":"post","link":"https:\/\/vocesparalelas.com.ar\/sitio\/100-anos-de-la-escuela-normal-superior-fray-justo-santa-maria-de-oro-de-jachal-entregando-profesionales-a-la-sociedad\/","title":{"rendered":"100 a\u00f1os de la Escuela Normal Superior \u201cFray Justo Santa Mar\u00eda de Oro\u201d de J\u00e1chal entregando profesionales a la sociedad"},"content":{"rendered":"<p>La Rectora de la Escuela Normal Fray Justo Santa Mar\u00eda de Oro, Prof. Mirtha Silva cont\u00f3 que el Viernes, 1 de Septiembre, la Escuela cumple 100 a\u00f1os y es una fecha muy significativa porque lo vemos a diario en la comunidad educativa desde los chiquitos de Nivel Inicial porque va a ocurrir en estos d\u00edas, fundamentalmente, lo que es el Viernes porque es el actos central\u201d.<\/p>\n<p>\u201cPersonalmente, me siento orgullosa porque soy ex alumna, docente y ahora, tener la responsabilidad de conducir los destinos y estar en todo este gran festejo\u201d.<\/p>\n<p><span style=\"color: #ff00ff\"><strong>Un emblema<\/strong><\/span><\/p>\n<p>\u201cAdem\u00e1s, la Escuela es un emblema para el Departamento de J\u00e1chal, Provincia de San Juan, porque fue la primera escuela secundaria que se fund\u00f3 y desde 1917, que fue por Decreto del Presidente Hip\u00f3lito Irigoyen. Nunca dej\u00f3 de formar generaciones y generaciones durante 100 a\u00f1os. Algunos siguieron la carrea docentes, otros fueron preparados para continuar la Universidad para ser grandes y destacados profesionales, otros fueron destacados en otros \u00e1mbitos como en la cultura, en la ciencias y dem\u00e1s. Adem\u00e1s, tenemos muchos escritores. Estos logros gracias a la Escuela donde muchos docentes nos form\u00f3 durante d\u00e9cadas porque se merecen un reconocimiento porque nos dejaron este legado y que debemos continuar los que estamos ahora y los que vengan\u201d.<\/p>\n<p><span style=\"color: #ff00ff\"><strong>Un recorrido de cambios educativos<\/strong><\/span><\/p>\n<p><img loading=\"lazy\" decoding=\"async\" class=\"alignnone size-medium wp-image-4475 aligncenter\" src=\"https:\/\/vocesparalelas.com.ar\/sitio\/wp-content\/uploads\/2017\/08\/JACHAL-NORMAL-15-300x200.jpg\" alt=\"\" width=\"300\" height=\"200\" srcset=\"https:\/\/vocesparalelas.com.ar\/sitio\/wp-content\/uploads\/2017\/08\/JACHAL-NORMAL-15-300x200.jpg 300w, https:\/\/vocesparalelas.com.ar\/sitio\/wp-content\/uploads\/2017\/08\/JACHAL-NORMAL-15-768x512.jpg 768w, https:\/\/vocesparalelas.com.ar\/sitio\/wp-content\/uploads\/2017\/08\/JACHAL-NORMAL-15-800x534.jpg 800w, https:\/\/vocesparalelas.com.ar\/sitio\/wp-content\/uploads\/2017\/08\/JACHAL-NORMAL-15.jpg 1000w\" sizes=\"auto, (max-width: 300px) 100vw, 300px\" \/><\/p>\n<p>\u201cLa Escuela se inici\u00f3 con un curso normal y con el Departamento de Aplicaci\u00f3n, debemos recordar antes las Escuelas Normales s ten\u00edan este Departamento que actuaba de laboratorios destinados a formar los docentes en sus pr\u00e1cticas Primero funcion\u00f3 con un curso cuyos alumnos completaron a los 5 a\u00f1os y egres\u00f3 con el t\u00edtulo de Preceptores Normales, s\u00f3lo fueron 16 egresados\u201d.<\/p>\n<p>\u201cA partir de ese momento y a trav\u00e9s del tiempo la escuela sufri\u00f3 distintos cambios y denominaciones y otorgando distintos t\u00edtulos donde siempre al alumno se lo form\u00f3 en valores locales hasta el punto que se otorg\u00f3 el t\u00edtulo de Maestros Normales Regionales. Despu\u00e9s pas\u00f3 a depende el Ministerio de Educaci\u00f3n de la Naci\u00f3n donde a los alumnos se le otorg\u00f3 el T\u00edtulo de Maestros Nacionales Regionales\u201d.<\/p>\n<p><span style=\"color: #ff00ff\"><strong>Se desprendieron dos Escuelas Secundaria<\/strong><\/span><\/p>\n<p>\u201cUn hecho muy importante en la Historia de la Escuela es que dio origen a dos escuelas secundario que actualmente funcionan en el Departamento J\u00e1chal, donde actu\u00f3 con Escuela formadora de otras la Escuela de Comercio Eusebio Jes\u00fas Dojorti, que surgi\u00f3 como un anexo comercial de la Escuela Normal y se le otorg\u00f3 a los alumnos el t\u00edtulo de Parito Mercantil. A partir de 1989 se separa de la Escuela Normal y hoy funciona como una escuela independiente con sus directivos\u201d.<\/p>\n<p>\u201cLa otra escuela que se origina de la Escuela Normal es la que hoy Escuela Agrot\u00e9cnica Dr. Manuel Belgrano porque naci\u00f3 en 1979 como un Bachillerato Agr\u00edcola, despu\u00e9s, se elev\u00f3 a 6 a\u00f1os y se les otorg\u00f3 el T\u00edtulo de Agr\u00f3nomos con la especialidad horticultura y fruticultura\u201d.<\/p>\n<p>\u201cDe esta manera la Escuela Normal fue pasando por distintos cambios educativos otorgando distintos t\u00edtulos pero siempre se mantuvo en vigencia y siempre fue creciendo y mucho m\u00e1s.<\/p>\n<p><span style=\"color: #ff00ff\"><strong>Escuela Normal hoy<\/strong><\/span><\/p>\n<p><img loading=\"lazy\" decoding=\"async\" class=\"alignnone size-medium wp-image-4473 aligncenter\" src=\"https:\/\/vocesparalelas.com.ar\/sitio\/wp-content\/uploads\/2017\/08\/JACHAL-NORMAL-16-300x200.jpg\" alt=\"\" width=\"300\" height=\"200\" srcset=\"https:\/\/vocesparalelas.com.ar\/sitio\/wp-content\/uploads\/2017\/08\/JACHAL-NORMAL-16-300x200.jpg 300w, https:\/\/vocesparalelas.com.ar\/sitio\/wp-content\/uploads\/2017\/08\/JACHAL-NORMAL-16-768x512.jpg 768w, https:\/\/vocesparalelas.com.ar\/sitio\/wp-content\/uploads\/2017\/08\/JACHAL-NORMAL-16-800x534.jpg 800w, https:\/\/vocesparalelas.com.ar\/sitio\/wp-content\/uploads\/2017\/08\/JACHAL-NORMAL-16.jpg 1000w\" sizes=\"auto, (max-width: 300px) 100vw, 300px\" \/><\/p>\n<p>\u201cActualmente, tenemos una matr\u00edcula de 1300 alumnos, En el Departamento J\u00e1chal es la \u00fanica escuela que tiene los 4 niveles educativos Nivel Inicial, Nivel Primario, Nivel Secundario y Nivel Superior no Universitario. Concurren 190 docentes de distintas especialidades y de servicio s\u00f3lo 15 personas. Funciona de Ma\u00f1ana y Tarde desde las 7:30 hasta las 19:30 hs. Esta con mucha actividad educativa y ahora hay mucho movimiento porque la comunidad tiene mucho por hacer porque nos preparamos para las actividades preparadas\u201d.<\/p>\n<p>\u201cEn el secundario tenemos ciclo b\u00e1sico y orientado. \u00c9ste con dos modalidades Ciencias Sociales y Humanidades y Ciencias Naturales. En el Profesorado tenemos dos carrearas de formaci\u00f3n docentes una es el Profesorado de Educaci\u00f3n Primaria y el Profesorado de Educaci\u00f3n Inicial. As\u00ed como los primeros egresados fueron 16 en estos 10 a\u00f1os egresaron 10 mil alumnos, aproximados, de la Escuela Normal\u201d \u2013 concluy\u00f3 la Rectora Mirtha Silva.<\/p>\n<p><span style=\"color: #ff00ff\"><strong>Un movimiento cargado de Amor<\/strong><\/span><\/p>\n<p><img loading=\"lazy\" decoding=\"async\" class=\"alignnone size-medium wp-image-4472 aligncenter\" src=\"https:\/\/vocesparalelas.com.ar\/sitio\/wp-content\/uploads\/2017\/08\/JACHAL-HOY-300x207.jpg\" alt=\"\" width=\"300\" height=\"207\" srcset=\"https:\/\/vocesparalelas.com.ar\/sitio\/wp-content\/uploads\/2017\/08\/JACHAL-HOY-300x207.jpg 300w, https:\/\/vocesparalelas.com.ar\/sitio\/wp-content\/uploads\/2017\/08\/JACHAL-HOY-768x531.jpg 768w, https:\/\/vocesparalelas.com.ar\/sitio\/wp-content\/uploads\/2017\/08\/JACHAL-HOY-800x553.jpg 800w, https:\/\/vocesparalelas.com.ar\/sitio\/wp-content\/uploads\/2017\/08\/JACHAL-HOY-392x272.jpg 392w, https:\/\/vocesparalelas.com.ar\/sitio\/wp-content\/uploads\/2017\/08\/JACHAL-HOY-130x90.jpg 130w, https:\/\/vocesparalelas.com.ar\/sitio\/wp-content\/uploads\/2017\/08\/JACHAL-HOY.jpg 1024w\" sizes=\"auto, (max-width: 300px) 100vw, 300px\" \/><\/p>\n<p>En este \u00faltimo tiempo la comunidad educativa de la Escuela Normal se moviliza para preparar y participar de las actividades programadas. Es una verdadera fiesta no s\u00f3lo para la instituci\u00f3n sino para el Departamento de J\u00e1chal. Cada actividad tiene un legado para recuperar. El Himno de la Escuela con la Camerata San Juan, el Libro \u201cRese\u00f1a Hist\u00f3rica Institucional\u201d producto de una trabajo de investigaci\u00f3n publicado por la Editorial de la C\u00e1mara de Diputados, , la exhibici\u00f3n gimn\u00e1stica, el intercambio de vida entre la Promoci\u00f3n 1981 con los alumnos actuales, la obra de arte de un mural, el abrazo simb\u00f3lico, el acto central con la participaci\u00f3n de infinidades ex alumnos, para finalizar con el tradicional picnic para revivir el D\u00eda del Estudiantes son expresiones de revalorizar y s\u00f3lo sucede cuando se ama a una escuela que los vio crecer y que jam\u00e1s se olvidan. Adem\u00e1s, la gran tarea de convocatoria en el centenario de la Escuela Fray Justo Santa Mar\u00eda de Oro, que marc\u00f3 un hito en la vida de miles de jachalleros. Hoy las escuela los convoc\u00f3 para festejar juntos esta vida de entrega y que vendr\u00e1n m\u00e1s.<\/p>\n<p><span style=\"color: #ff00ff\"><strong>Programa<\/strong><\/span><\/p>\n<ul>\n<li>22 al 24 de Agosto: Muestra de Nivel Inicial en el sal\u00f3n de actos de la Escuela Normal.<\/li>\n<li>26 de Agosto: A las 20 hs.; en el Sal\u00f3n de Actos de la Escuela, concierto solidario de la delegaci\u00f3n Valles Sanjuaninos de la Universidad Nacional de San Juan.<\/li>\n<li>29 de Agosto: A las 9 hs.; en la Escuela se produce la apertura del Archivo Institucional con la presentaci\u00f3n de la \u201cEtapa Fundacional de la Escuela\u201d. Proyecto de investigaci\u00f3n sobre \u201cLa Historia Institucional\u201d. A las 21 hs espect\u00e1culo de la \u201cCamerata de San Juan en Concierto\u201d, en el sal\u00f3n de actos.<\/li>\n<li>30 de Agosto: a las 11 hs.; Presentaci\u00f3n de la \u201cRese\u00f1a Hist\u00f3rica Institucional\u201d en el sal\u00f3n Vicegobernadores de la C\u00e1mara de Diputados de San Juan. A las 20 hs.; Fiesta de \u201cEducaci\u00f3n F\u00edsica\u201d en el Estadio Papa Francisco.<\/li>\n<li>31 de Agosto: desde las 9:30 a 12 hs Propuesta de la Promoci\u00f3n 1981, se trata de una jornada con alumnos en el SUM de la escuela. A las 20 hs vigilia y concentraci\u00f3n en el Restaurante 1800. Descubrimiento de placas y posterior caravana. Abrazo a la escuela. Presentaci\u00f3n de \u201cMurales en relieve\u201d en el patio de la escuela. Espect\u00e1culo de luz y sonido. Actuaciones y puntos art\u00edsticos.<\/li>\n<li>1 de Septiembre: A las 00 hs.; en el Patio Central de la Escuela, suelta de globos, fuegos artificiales, interpretaci\u00f3n del cumplea\u00f1os feliz. A las 9:30hs Acto Central de la escuela. A las 20 hs cantata del centenario.<\/li>\n<li>2 de Septiembre: A las 10:30 hs.; en el Vivero Municipal \u00abPicnic del Centenario\u00bb, una propuesta para revivir el D\u00eda del Estudiante.<\/li>\n<\/ul>\n<p><iframe loading=\"lazy\" width=\"800\" height=\"600\" src=\"https:\/\/www.youtube.com\/embed\/DKeuodSh1Kg?feature=oembed\" frameborder=\"0\" allowfullscreen><\/iframe><\/p>\n<p>&nbsp;<\/p>\n","protected":false},"excerpt":{"rendered":"<p>La Rectora de la Escuela Normal Fray Justo Santa Mar\u00eda de Oro, Prof. Mirtha Silva cont\u00f3 que el Viernes, 1<\/p>\n","protected":false},"author":3,"featured_media":4468,"comment_status":"closed","ping_status":"closed","sticky":false,"template":"","format":"video","meta":{"_acf_changed":false,"_seopress_robots_primary_cat":"","_seopress_titles_title":"","_seopress_titles_desc":"","_seopress_robots_index":"","colormag_page_container_layout":"default_layout","colormag_page_sidebar_layout":"default_layout","footnotes":""},"categories":[6,7],"tags":[],"class_list":["post-4467","post","type-post","status-publish","format-video","has-post-thumbnail","hentry","category-eventos","category-videos","post_format-post-format-video"],"acf":[],"_links":{"self":[{"href":"https:\/\/vocesparalelas.com.ar\/sitio\/wp-json\/wp\/v2\/posts\/4467","targetHints":{"allow":["GET"]}}],"collection":[{"href":"https:\/\/vocesparalelas.com.ar\/sitio\/wp-json\/wp\/v2\/posts"}],"about":[{"href":"https:\/\/vocesparalelas.com.ar\/sitio\/wp-json\/wp\/v2\/types\/post"}],"author":[{"embeddable":true,"href":"https:\/\/vocesparalelas.com.ar\/sitio\/wp-json\/wp\/v2\/users\/3"}],"replies":[{"embeddable":true,"href":"https:\/\/vocesparalelas.com.ar\/sitio\/wp-json\/wp\/v2\/comments?post=4467"}],"version-history":[{"count":0,"href":"https:\/\/vocesparalelas.com.ar\/sitio\/wp-json\/wp\/v2\/posts\/4467\/revisions"}],"wp:featuredmedia":[{"embeddable":true,"href":"https:\/\/vocesparalelas.com.ar\/sitio\/wp-json\/wp\/v2\/media\/4468"}],"wp:attachment":[{"href":"https:\/\/vocesparalelas.com.ar\/sitio\/wp-json\/wp\/v2\/media?parent=4467"}],"wp:term":[{"taxonomy":"category","embeddable":true,"href":"https:\/\/vocesparalelas.com.ar\/sitio\/wp-json\/wp\/v2\/categories?post=4467"},{"taxonomy":"post_tag","embeddable":true,"href":"https:\/\/vocesparalelas.com.ar\/sitio\/wp-json\/wp\/v2\/tags?post=4467"}],"curies":[{"name":"wp","href":"https:\/\/api.w.org\/{rel}","templated":true}]}}