{"id":44606,"date":"2021-12-04T22:25:12","date_gmt":"2021-12-05T01:25:12","guid":{"rendered":"https:\/\/vocesparalelas.com.ar\/sitio\/?p=44606"},"modified":"2021-12-06T23:04:13","modified_gmt":"2021-12-07T02:04:13","slug":"cronograma-exhibicion-de-listados-para-ingreso-a-la-docencia-y-traslados-de-la-rama-primaria-de-san-juan","status":"publish","type":"post","link":"https:\/\/vocesparalelas.com.ar\/sitio\/cronograma-exhibicion-de-listados-para-ingreso-a-la-docencia-y-traslados-de-la-rama-primaria-de-san-juan\/","title":{"rendered":"Cronograma exhibici\u00f3n de listados para Ingreso a la docencia y traslados de la Rama Primaria de San Juan"},"content":{"rendered":"<p>La Junta de Clasificaci\u00f3n Docente Rama Primaria, informa que online en la pagina oficial del Ministerio de Educaci\u00f3n, se exhibe el cronograma de listados, correspondiente a Ingreso a la Docencia a\u00f1o 2021, y Traslados Ordinarios y Preferenciales a\u00f1o 2021, de acuerdo a las facultades conferidas en la Resoluci\u00f3n N\u00ba 1210-ME-2021 y Resoluci\u00f3n N\u00ba 2679-ME-2021.<\/p>\n<p><span style=\"color: #99cc00;\"><strong>Cronograma<\/strong><\/span><\/p>\n<p><span style=\"color: #99cc00;\"><strong>Ingreso a la Docencia a\u00f1o 2021<\/strong><\/span><\/p>\n<ul>\n<li><strong><span style=\"color: #99cc00;\">Exhibici\u00f3n de Listas Provisorias:<\/span> <\/strong>13, 14 y 15 de diciembre de 2021.<\/li>\n<li><strong><span style=\"color: #99cc00;\">Apelaci\u00f3n de Listas Provisorias:<\/span><\/strong> 16 de diciembre de 2021.<\/li>\n<li><strong><span style=\"color: #99cc00;\">Resoluci\u00f3n de Apelaciones:<\/span> <\/strong>17 y 20 de diciembre de 2021.<\/li>\n<li><strong><span style=\"color: #99cc00;\">Exhibici\u00f3n de Listas Definitivas:<\/span><\/strong> 22, 23 y 24 de diciembre de 2021.<\/li>\n<\/ul>\n<p><span style=\"color: #99cc00;\"><strong>Traslados Ordinarios y Preferenciales a\u00f1o 2021<\/strong><\/span><\/p>\n<ul>\n<li><strong><span style=\"color: #99cc00;\">Exhibici\u00f3n de Listas Provisorias:<\/span><\/strong> 13 de diciembre de 2021.<\/li>\n<li><strong><span style=\"color: #99cc00;\">Apelaci\u00f3n de Listas Provisorias:<\/span><\/strong> 16 de diciembre de 2021.<\/li>\n<li><strong><span style=\"color: #99cc00;\">Resoluci\u00f3n de Apelaciones:<\/span> <\/strong>17 de diciembre de 2021.<\/li>\n<li><strong><span style=\"color: #99cc00;\">Exhibici\u00f3n de Listas Definitivas: <\/span><\/strong>20, 21 y 22 de diciembre de 2021.<\/li>\n<\/ul>\n<p>Por mayor informaci\u00f3n o consultas comunicarse de 8 a 13 horas al 4302206.<\/p>\n","protected":false},"excerpt":{"rendered":"<p>La Junta de Clasificaci\u00f3n Docente Rama Primaria, informa que online en la pagina oficial del Ministerio de Educaci\u00f3n, se exhibe<\/p>\n","protected":false},"author":3,"featured_media":28629,"comment_status":"closed","ping_status":"closed","sticky":false,"template":"","format":"standard","meta":{"_acf_changed":false,"_seopress_robots_primary_cat":"none","_seopress_titles_title":"","_seopress_titles_desc":"","_seopress_robots_index":"","colormag_page_container_layout":"default_layout","colormag_page_sidebar_layout":"default_layout","footnotes":""},"categories":[5],"tags":[],"class_list":["post-44606","post","type-post","status-publish","format-standard","has-post-thumbnail","hentry","category-ofrecimientos"],"acf":[],"_links":{"self":[{"href":"https:\/\/vocesparalelas.com.ar\/sitio\/wp-json\/wp\/v2\/posts\/44606","targetHints":{"allow":["GET"]}}],"collection":[{"href":"https:\/\/vocesparalelas.com.ar\/sitio\/wp-json\/wp\/v2\/posts"}],"about":[{"href":"https:\/\/vocesparalelas.com.ar\/sitio\/wp-json\/wp\/v2\/types\/post"}],"author":[{"embeddable":true,"href":"https:\/\/vocesparalelas.com.ar\/sitio\/wp-json\/wp\/v2\/users\/3"}],"replies":[{"embeddable":true,"href":"https:\/\/vocesparalelas.com.ar\/sitio\/wp-json\/wp\/v2\/comments?post=44606"}],"version-history":[{"count":1,"href":"https:\/\/vocesparalelas.com.ar\/sitio\/wp-json\/wp\/v2\/posts\/44606\/revisions"}],"predecessor-version":[{"id":44608,"href":"https:\/\/vocesparalelas.com.ar\/sitio\/wp-json\/wp\/v2\/posts\/44606\/revisions\/44608"}],"wp:featuredmedia":[{"embeddable":true,"href":"https:\/\/vocesparalelas.com.ar\/sitio\/wp-json\/wp\/v2\/media\/28629"}],"wp:attachment":[{"href":"https:\/\/vocesparalelas.com.ar\/sitio\/wp-json\/wp\/v2\/media?parent=44606"}],"wp:term":[{"taxonomy":"category","embeddable":true,"href":"https:\/\/vocesparalelas.com.ar\/sitio\/wp-json\/wp\/v2\/categories?post=44606"},{"taxonomy":"post_tag","embeddable":true,"href":"https:\/\/vocesparalelas.com.ar\/sitio\/wp-json\/wp\/v2\/tags?post=44606"}],"curies":[{"name":"wp","href":"https:\/\/api.w.org\/{rel}","templated":true}]}}