{"id":44491,"date":"2021-12-01T21:55:37","date_gmt":"2021-12-02T00:55:37","guid":{"rendered":"https:\/\/vocesparalelas.com.ar\/sitio\/?p=44491"},"modified":"2021-12-01T23:55:49","modified_gmt":"2021-12-02T02:55:49","slug":"entrevistaron-a-postulantes-de-las-ternas-para-cubrir-cargos-en-el-poder-judicial-de-san-juan","status":"publish","type":"post","link":"https:\/\/vocesparalelas.com.ar\/sitio\/entrevistaron-a-postulantes-de-las-ternas-para-cubrir-cargos-en-el-poder-judicial-de-san-juan\/","title":{"rendered":"Entrevistaron a postulantes de las ternas para cubrir cargos en el Poder Judicial de San Juan"},"content":{"rendered":"<div class=\"itemFullText jbintrotext\">\n<p>La comisi\u00f3n de Justicia y Seguridad de la C\u00e1mara de Diputados llev\u00f3 a cabo la jornada de entrevistas a los candidatos que integran las ternas remitidas por el Consejo de la Magistratura para cubrir nueve cargos en el Poder Judicial de San Juan.<\/p>\n<\/div>\n<div class=\"itemFullText\">\n<p>El encuentro con los postulantes fue cumplido en la sala de situaci\u00f3n del segundo piso del edificio legislativo y estuvo presidido por la titular de la comisi\u00f3n, diputada Celina Ramella. Tambi\u00e9n, participaron los parlamentarios Jorge Barifusa, Edgardo Sancassani, Jos\u00e9 Luis Esteve, Mario Romero y las legisladoras Nancy Pic\u00f3n, Fernanda Paredes, Marcela Monti, y Florencia Pe\u00f1aloza.<\/p>\n<p>Cabe se\u00f1alar que, en esta oportunidad, se busca cubrir un cargo vacante de Juez de C\u00e1mara; un cargo de Juez de Primera Instancia (Fuero Laboral); dos cargos de Juez de Primera Instancia en el Fuero Penal; dos cargos de Juez de Paz Letrado, uno en J\u00e1chal y otro en 25 de Mayo; tres cargos de Defensor de Pobres y Ausentes.<\/p>\n<p><span style=\"color: #cc99ff;\"><strong>Postulantes que integran las ternas<\/strong><\/span><\/p>\n<p><span style=\"color: #cc99ff;\"><strong>Un cargo de Juez de C\u00e1mara<\/strong><\/span><\/p>\n<ul>\n<li>Echegaray, Fernando Ram\u00f3n<\/li>\n<li>Herrero, Sergio Omar<\/li>\n<li>Lima, Mar\u00eda Natal\u00ed<\/li>\n<\/ul>\n<p><span style=\"color: #cc99ff;\"><strong>Un cargo de Juez de Primera Instancia (Fuero Laboral)<\/strong><\/span><\/p>\n<ul>\n<li>Caballero, Humberto Gonzalo<\/li>\n<li>Ju\u00e1rez Prieto, Ricardo Mariano<\/li>\n<li>Pazcel, Rosalinda del Valle<\/li>\n<\/ul>\n<p><span style=\"color: #cc99ff;\"><strong>Dos cargos de Juez de Primera Instancia en el Fuero Penal<\/strong><\/span><\/p>\n<p><span style=\"color: #cc99ff;\"><strong>Primera Terna<\/strong><\/span><\/p>\n<ul>\n<li>Barbera, Eugenio Maximiliano<\/li>\n<li>Garc\u00eda Castrill\u00f3n, Juan Manuel<\/li>\n<li>Leveque, Sandra<\/li>\n<\/ul>\n<p><span style=\"color: #cc99ff;\"><strong>Segunda Terna<\/strong><\/span><\/p>\n<ul>\n<li>Farr\u00e1n, Mar\u00eda del Valle<\/li>\n<li>Figuerola, Rodolfo Javier<\/li>\n<li>Panetta Soppelsa, Mario Alejandro<\/li>\n<\/ul>\n<p><span style=\"color: #cc99ff;\"><strong>Dos cargos de Juez de Paz Letrado<\/strong><\/span><\/p>\n<p><span style=\"color: #cc99ff;\"><strong>Departamento J\u00e1chal<\/strong><\/span><\/p>\n<ul>\n<li>Cortez, Jorge Abel<\/li>\n<li>Chiffel Gabriela Melisa<\/li>\n<li>Pe\u00f1afort, Mart\u00edn Enrique<\/li>\n<\/ul>\n<p><span style=\"color: #cc99ff;\"><strong>Departamento 25 de Mayo<\/strong><\/span><\/p>\n<ul>\n<li>G\u00f3mez, Miguel \u00c1ngel<\/li>\n<li>Henriquez G\u00f3mez, Daniela Bel\u00e9n<\/li>\n<li>Rodr\u00edguez, Graciela Amalia<\/li>\n<\/ul>\n<h4><span style=\"color: #cc99ff;\"><strong>Tres cargos de Defensor de Pobres y Ausentes<\/strong><\/span><\/h4>\n<p><span style=\"color: #cc99ff;\"><strong>Primera Terna<\/strong><\/span><\/p>\n<ul>\n<li>Anzorena, Fabiana Beatriz<\/li>\n<li>P\u00f3sleman Cumella, Estela Irene<\/li>\n<li>Trigo Lucero, Hugo Ariel<\/li>\n<\/ul>\n<p><span style=\"color: #cc99ff;\"><strong>Segunda Terna<\/strong><\/span><\/p>\n<ul>\n<li>Altamira Galeone, Mar\u00eda Laura<\/li>\n<li>Espinosa, Ramiro Manuel<\/li>\n<li>Salas, Ivana del Carmen<\/li>\n<\/ul>\n<p><span style=\"color: #cc99ff;\"><strong>Tercera Terna<\/strong><\/span><\/p>\n<ul>\n<li>Do\u00f1a S\u00e1nchez, Mar\u00eda Luciana<\/li>\n<li>L\u00f3pez Marti, Sergio Favio<\/li>\n<li>Merg\u00f3, Hugo Alfredo<\/li>\n<\/ul>\n<\/div>\n","protected":false},"excerpt":{"rendered":"<p>La comisi\u00f3n de Justicia y Seguridad de la C\u00e1mara de Diputados llev\u00f3 a cabo la jornada de entrevistas a los<\/p>\n","protected":false},"author":3,"featured_media":44493,"comment_status":"closed","ping_status":"closed","sticky":false,"template":"","format":"standard","meta":{"_acf_changed":false,"_seopress_robots_primary_cat":"none","_seopress_titles_title":"","_seopress_titles_desc":"","_seopress_robots_index":"","colormag_page_container_layout":"default_layout","colormag_page_sidebar_layout":"default_layout","footnotes":""},"categories":[1],"tags":[],"class_list":["post-44491","post","type-post","status-publish","format-standard","has-post-thumbnail","hentry","category-destacadas"],"acf":[],"_links":{"self":[{"href":"https:\/\/vocesparalelas.com.ar\/sitio\/wp-json\/wp\/v2\/posts\/44491","targetHints":{"allow":["GET"]}}],"collection":[{"href":"https:\/\/vocesparalelas.com.ar\/sitio\/wp-json\/wp\/v2\/posts"}],"about":[{"href":"https:\/\/vocesparalelas.com.ar\/sitio\/wp-json\/wp\/v2\/types\/post"}],"author":[{"embeddable":true,"href":"https:\/\/vocesparalelas.com.ar\/sitio\/wp-json\/wp\/v2\/users\/3"}],"replies":[{"embeddable":true,"href":"https:\/\/vocesparalelas.com.ar\/sitio\/wp-json\/wp\/v2\/comments?post=44491"}],"version-history":[{"count":1,"href":"https:\/\/vocesparalelas.com.ar\/sitio\/wp-json\/wp\/v2\/posts\/44491\/revisions"}],"predecessor-version":[{"id":44494,"href":"https:\/\/vocesparalelas.com.ar\/sitio\/wp-json\/wp\/v2\/posts\/44491\/revisions\/44494"}],"wp:featuredmedia":[{"embeddable":true,"href":"https:\/\/vocesparalelas.com.ar\/sitio\/wp-json\/wp\/v2\/media\/44493"}],"wp:attachment":[{"href":"https:\/\/vocesparalelas.com.ar\/sitio\/wp-json\/wp\/v2\/media?parent=44491"}],"wp:term":[{"taxonomy":"category","embeddable":true,"href":"https:\/\/vocesparalelas.com.ar\/sitio\/wp-json\/wp\/v2\/categories?post=44491"},{"taxonomy":"post_tag","embeddable":true,"href":"https:\/\/vocesparalelas.com.ar\/sitio\/wp-json\/wp\/v2\/tags?post=44491"}],"curies":[{"name":"wp","href":"https:\/\/api.w.org\/{rel}","templated":true}]}}