{"id":44486,"date":"2021-12-01T20:11:07","date_gmt":"2021-12-01T23:11:07","guid":{"rendered":"https:\/\/vocesparalelas.com.ar\/sitio\/?p=44486"},"modified":"2021-12-01T23:11:23","modified_gmt":"2021-12-02T02:11:23","slug":"asumieron-las-nuevas-autoridades-de-a-pe-l","status":"publish","type":"post","link":"https:\/\/vocesparalelas.com.ar\/sitio\/asumieron-las-nuevas-autoridades-de-a-pe-l\/","title":{"rendered":"Asumieron las nuevas autoridades de A.Pe.L."},"content":{"rendered":"<div class=\"itemFullText jbintrotext\">\n<p>La ceremonia fue cumplida en el auditorio \u201cEmar Acosta\u201d, ubicado en la planta baja del edificio anexo de la C\u00e1mara de Diputados. En la ocasi\u00f3n, fue realizada la\u00a0proclamaci\u00f3n y asunci\u00f3n de los nuevos representantes de la comisi\u00f3n directiva y comisi\u00f3n revisora de cuentas de la Asociaci\u00f3n del Personal Legislativa (A.Pe.L.) que resultaron ganadores en las elecciones llevadas a cabo el pasado lunes 29 de noviembre. El vicegobernador Roberto Gattoni particip\u00f3 junto con el secretario Legislativo, Nicol\u00e1s Alvo y el secretario Administrativo, Roberto Iglesias.<\/p>\n<p><img loading=\"lazy\" decoding=\"async\" class=\"alignnone wp-image-44489 size-large\" src=\"https:\/\/vocesparalelas.com.ar\/sitio\/wp-content\/uploads\/2021\/12\/APEL-01-800x512.jpg\" alt=\"\" width=\"800\" height=\"512\" srcset=\"https:\/\/vocesparalelas.com.ar\/sitio\/wp-content\/uploads\/2021\/12\/APEL-01-800x512.jpg 800w, https:\/\/vocesparalelas.com.ar\/sitio\/wp-content\/uploads\/2021\/12\/APEL-01-300x192.jpg 300w, https:\/\/vocesparalelas.com.ar\/sitio\/wp-content\/uploads\/2021\/12\/APEL-01-768x492.jpg 768w, https:\/\/vocesparalelas.com.ar\/sitio\/wp-content\/uploads\/2021\/12\/APEL-01.jpg 1023w\" sizes=\"auto, (max-width: 800px) 100vw, 800px\" \/><\/p>\n<\/div>\n<div class=\"itemFullText\">\n<p>En primer lugar, fue realizada la lectura del acta de proclamaci\u00f3n emitida por la Junta electoral integrada por los empleados legislativos: Mario Mercado, Ignacio Sevilla, Romina Fuentes, Mar\u00eda Gema Vicentela, Pedro Goreti, Mar\u00eda Ver\u00f3nica Leonardelli.<\/p>\n<p>\u201cPara proceder a cumplir en esta oportunidad y en un todo de acuerdo en lo estipulado en el art\u00edculo 70\u00ba del Estatuto de A.Pe.L. el escrutinio definitivo del acto electoral en el d\u00eda de la fecha, en cuyo acto se obtuvo el siguiente resultado: n\u00famero de afiliados habilitados para votar seg\u00fan el padr\u00f3n oficializado 219; votos emitidos 164; votos de la lista uno \u201cSigamos Avanzando\u201d 160 votos; votos nulo 0; y votos en blanco 4. Por lo expuesto precedentemente se proclama ganadora a la lista \u201cSigamos Avanzando\u201d N\u00ba 1\u201d, expres\u00f3 Mario Mercado.<\/p>\n<p>De esta manera se puso en funciones a cada integrante de la comisi\u00f3n directiva que qued\u00f3 conformada por Sergio Peralta como secretario General; Cynthia Aguirres como secretaria Administrativa; Milenko Garc\u00eda como secretario Gremial; Federico Cortez como secretario de Prensa y Cultura; Carlos Garc\u00eda como tesorero; Gabriel M\u00e1rquez como primer vocal titular; Ver\u00f3nica Guzm\u00e1n como segunda vocal titular; Juan Pablo Luna como tercer vocal titular; Gisella Vidable como primera vocal suplente; Facundo Rojas como segundo vocal suplente; y Roc\u00edo Aguilera como tercer vocal suplente.<\/p>\n<p>En cuanto a la comisi\u00f3n revisora de cuentas esta qued\u00f3 integrada por Karen Ju\u00e1rez como primera vocal titular; Sandra L\u00f3pez como segunda vocal titular; Renzo Cippitelli como tercer vocal titular; Pablo Paez como primer vocal suplente; Ram\u00f3n Quinteros como segundo vocal suplente; y In\u00e9s Vega como tercer vocal suplente.<\/p>\n<p>Luego, el titular del Poder Legislativo felicit\u00f3 a las nuevas autoridades de gremio y dirigi\u00f3 unas palabras a todos los presentes. \u201cQu\u00e9 orgullo que el primer acto oficial en esta sala Emar Acosta sea la proclamaci\u00f3n de la lista de la Asociaci\u00f3n del Personal Legislativo. Es una an\u00e9cdota m\u00e1s que va quedar en estos doscientos a\u00f1os de vida de la C\u00e1mara que sea el primer acto que se llev\u00f3 oficial aqu\u00ed en esta flamante sala auditorio\u201d.<\/p>\n<p>\u201cQuiero felicitarlos a todos por la participaci\u00f3n, por haber llevado adelante un proceso un proceso eleccionario absolutamente transparente con mucho respeto, con una gran convocatoria. No es menor que hayan participado el 75% de los afiliados y que haya obtenido tanto respaldo porque esto tambi\u00e9n legitima a las autoridades de A.Pe.L.\u201d expres\u00f3 el presidente de la C\u00e1mara de Diputados.<\/p>\n<p>Seguidamente, agreg\u00f3 que \u201csiento una enorme satisfacci\u00f3n que tras la pandemia, con todo lo que ha significado, los traumas que ha generado, mucho tiene que ver con la irritabilidad y conflictos, ustedes hayan logrado una sola lista. Creo que esto habla de buen proceder de la Comisi\u00f3n, de buen proceder de todos los empleados legislativos y que hacen honor a esa frase tan conocida de \u201cla familia legislativa\u201d. Por primera vez creo que fuertemente queda consolidado de que son una familia y no significa que todos piensen lo mismo, sino que han logrado anteponer los intereses generales o los objetivos generales por los objetivos particulares. Eso habla muy bien de todos los empleados legislativos, acompa\u00f1en o no acompa\u00f1en esta lista. El comportamiento ha sido ejemplar de la totalidad de quienes conforman el plantel del personal de la C\u00e1mara de Diputados\u201d.<\/p>\n<p>Luego, el vicegobernador destac\u00f3 la integraci\u00f3n de personal joven y personal con experiencia en el equipo directivo de A.Pe.L. y dijo \u201ces una mezcla que tambi\u00e9n significa ir transmitiendo conocimientos, pr\u00e1cticas y preparando a los nuevos dirigentes. Tambi\u00e9n tiene que pasar en la pol\u00edtica, tambi\u00e9n tiene que suceder en los cargos que nosotros ocupamos, quienes ya peinamos canas tenemos que ir preparando el camino para gente joven, para nuevos dirigentes ocupen el lugar que estamos ocupando hoy\u201d.<\/p>\n<p>Para finalizar, el secretario General de A.Pe.L. Sergio Peralta, expres\u00f3 \u201cquiero agradecer especialmente a todos los compa\u00f1eros que me han acompa\u00f1ado desde el 2017 hasta ahora. Es muy importante contar con el apoyo de toda la gente, de todas las gestiones, de los que fueron parte y de quienes lo son a partir de hoy\u201d.<\/p>\n<p>\u201cTal vez el per\u00edodo m\u00e1s dif\u00edcil ha sido el de este a\u00f1o 2020-2021. La pandemia nos sign\u00f3 a todos, nos marc\u00f3 a todos profundamente\u201d record\u00f3 Sergio Peralta con detalle todo lo vivido en el marco de la emergencia sanitaria por COVID-19. Por otro lado, hizo un reconocimiento a compa\u00f1eros que fallecieron en este per\u00edodo: Orlando Lahoz; Mario Riveros; y Alberto Torres.<\/p>\n<p>Por \u00faltimo, enfatiz\u00f3 en cada una de las tareas, gestiones y obras que lograron realizar en medio de un escenario lleno de incertidumbre, entre ellos destac\u00f3 la inauguraci\u00f3n de la sala de capacitaci\u00f3n \u201cMariano Moreno\u201d con ba\u00f1os anexos en la sede gremial; el inicio de la construcci\u00f3n del primer barrio legislativo; la regularizaci\u00f3n de planos de obras y normalizaci\u00f3n institucional de la casa de A.Pe.L. para dar impulso a obras de ampliaci\u00f3n del lugar.<\/p>\n<\/div>\n<div class=\"clear\"><\/div>\n<div class=\"b2jsocial_parent\">\n<p>&nbsp;<\/p>\n<\/div>\n","protected":false},"excerpt":{"rendered":"<p>La ceremonia fue cumplida en el auditorio \u201cEmar Acosta\u201d, ubicado en la planta baja del edificio anexo de la C\u00e1mara<\/p>\n","protected":false},"author":3,"featured_media":44488,"comment_status":"closed","ping_status":"closed","sticky":false,"template":"","format":"standard","meta":{"_acf_changed":false,"_seopress_robots_primary_cat":"none","_seopress_titles_title":"","_seopress_titles_desc":"","_seopress_robots_index":"","colormag_page_container_layout":"default_layout","colormag_page_sidebar_layout":"default_layout","footnotes":""},"categories":[1],"tags":[],"class_list":["post-44486","post","type-post","status-publish","format-standard","has-post-thumbnail","hentry","category-destacadas"],"acf":[],"_links":{"self":[{"href":"https:\/\/vocesparalelas.com.ar\/sitio\/wp-json\/wp\/v2\/posts\/44486","targetHints":{"allow":["GET"]}}],"collection":[{"href":"https:\/\/vocesparalelas.com.ar\/sitio\/wp-json\/wp\/v2\/posts"}],"about":[{"href":"https:\/\/vocesparalelas.com.ar\/sitio\/wp-json\/wp\/v2\/types\/post"}],"author":[{"embeddable":true,"href":"https:\/\/vocesparalelas.com.ar\/sitio\/wp-json\/wp\/v2\/users\/3"}],"replies":[{"embeddable":true,"href":"https:\/\/vocesparalelas.com.ar\/sitio\/wp-json\/wp\/v2\/comments?post=44486"}],"version-history":[{"count":1,"href":"https:\/\/vocesparalelas.com.ar\/sitio\/wp-json\/wp\/v2\/posts\/44486\/revisions"}],"predecessor-version":[{"id":44490,"href":"https:\/\/vocesparalelas.com.ar\/sitio\/wp-json\/wp\/v2\/posts\/44486\/revisions\/44490"}],"wp:featuredmedia":[{"embeddable":true,"href":"https:\/\/vocesparalelas.com.ar\/sitio\/wp-json\/wp\/v2\/media\/44488"}],"wp:attachment":[{"href":"https:\/\/vocesparalelas.com.ar\/sitio\/wp-json\/wp\/v2\/media?parent=44486"}],"wp:term":[{"taxonomy":"category","embeddable":true,"href":"https:\/\/vocesparalelas.com.ar\/sitio\/wp-json\/wp\/v2\/categories?post=44486"},{"taxonomy":"post_tag","embeddable":true,"href":"https:\/\/vocesparalelas.com.ar\/sitio\/wp-json\/wp\/v2\/tags?post=44486"}],"curies":[{"name":"wp","href":"https:\/\/api.w.org\/{rel}","templated":true}]}}