{"id":44479,"date":"2021-12-01T20:51:09","date_gmt":"2021-12-01T23:51:09","guid":{"rendered":"https:\/\/vocesparalelas.com.ar\/sitio\/?p=44479"},"modified":"2021-12-03T02:55:49","modified_gmt":"2021-12-03T05:55:49","slug":"inscripciones-ciclo-lectivo-2022-para-el-enerc-sede-cuyo","status":"publish","type":"post","link":"https:\/\/vocesparalelas.com.ar\/sitio\/inscripciones-ciclo-lectivo-2022-para-el-enerc-sede-cuyo\/","title":{"rendered":"Inscripciones \u00abCiclo Lectivo 2022\u00bb para el ENERC Sede Cuyo"},"content":{"rendered":"<p>La\u00a0Escuela Nacional de Experimentaci\u00f3n y Realizaci\u00f3n Cinematogr\u00e1fica Sede Cuyo\u00a0a trav\u00e9s del Ministerio de Turismo y Cultura, abre\u00a0inscripciones del Ciclo Lectivo 2022 para la carrera de Realizador Integral Cinematogr\u00e1fica.<\/p>\n<p>Pueden presentarse como aspirantes todos aquellos egresados del ciclo secundario de las provincias de San Juan, Mendoza y San Luis. Este a\u00f1o un s\u00f3lo examen online en Febrero de 2022 a trav\u00e9s de la plataforma oficial de la ENERC y el coloquio de ingreso en el mes de Marzo de 2022.<\/p>\n<p>Las inscripciones son del 7 al 22 de Diciembre, v\u00eda plataforma del INCAA en L\u00ednea.<\/p>\n<p><span style=\"color: #339966;\"><strong>Se puede acceder a los requisitos en el\u00a0siguiente sitio<\/strong><\/span><\/p>\n<p><a href=\"http:\/\/www.enerc.gob.ar\/requisitos\/\">http:\/\/www.enerc.gob.ar\/requisitos\/<\/a><\/p>\n<p>El examen es el 15 de Febrero de 2022 y el coloquio a partir de la segunda semana de Marzo de 2022.<\/p>\n<p><span style=\"color: #339966;\"><strong>Charlas informativas<\/strong><\/span><\/p>\n<p>Virtual: charla informativa sobre el proceso de ingreso y carreras de las sedes regionales. Se desarrolla el 6 de Diciembre, a las 17:30, por el canal de YouTube de la ENERC.<\/p>\n<p>Presencial ENERC Cuyo: 9 de Diciembre, a las 19 hs en la sede, 25 de Mayo 1670 &#8211; O &#8211; Capital San Juan. 7<\/p>\n<p><span style=\"color: #339966;\"><strong>Para participar inscribirse\u00a0<\/strong><\/span><\/p>\n<p><a href=\"https:\/\/bit.ly\/enercingreso\">https:\/\/bit.ly\/enercingreso<\/a><\/p>\n<p><span style=\"color: #339966;\"><strong>Para m\u00e1s informaci\u00f3n<\/strong><\/span><\/p>\n<p><a href=\"http:\/\/www.enerc.gob.ar\/ingreso\/\">http:\/\/www.enerc.gob.ar\/ingreso\/<\/a><\/p>\n<p>Deja tu consulta en el correo <span id=\"cloak8070c0dda76f33abbd224c777366ea01\"><a href=\"mailto:info.cuyo@enerc.gov.ar\">info.cuyo@enerc.gov.ar<\/a><\/span><\/p>\n","protected":false},"excerpt":{"rendered":"<p>La\u00a0Escuela Nacional de Experimentaci\u00f3n y Realizaci\u00f3n Cinematogr\u00e1fica Sede Cuyo\u00a0a trav\u00e9s del Ministerio de Turismo y Cultura, abre\u00a0inscripciones del Ciclo Lectivo<\/p>\n","protected":false},"author":3,"featured_media":30079,"comment_status":"closed","ping_status":"closed","sticky":false,"template":"","format":"standard","meta":{"_acf_changed":false,"_seopress_robots_primary_cat":"none","_seopress_titles_title":"","_seopress_titles_desc":"","_seopress_robots_index":"","colormag_page_container_layout":"default_layout","colormag_page_sidebar_layout":"default_layout","footnotes":""},"categories":[2],"tags":[],"class_list":["post-44479","post","type-post","status-publish","format-standard","has-post-thumbnail","hentry","category-convocatorias"],"acf":[],"_links":{"self":[{"href":"https:\/\/vocesparalelas.com.ar\/sitio\/wp-json\/wp\/v2\/posts\/44479","targetHints":{"allow":["GET"]}}],"collection":[{"href":"https:\/\/vocesparalelas.com.ar\/sitio\/wp-json\/wp\/v2\/posts"}],"about":[{"href":"https:\/\/vocesparalelas.com.ar\/sitio\/wp-json\/wp\/v2\/types\/post"}],"author":[{"embeddable":true,"href":"https:\/\/vocesparalelas.com.ar\/sitio\/wp-json\/wp\/v2\/users\/3"}],"replies":[{"embeddable":true,"href":"https:\/\/vocesparalelas.com.ar\/sitio\/wp-json\/wp\/v2\/comments?post=44479"}],"version-history":[{"count":1,"href":"https:\/\/vocesparalelas.com.ar\/sitio\/wp-json\/wp\/v2\/posts\/44479\/revisions"}],"predecessor-version":[{"id":44481,"href":"https:\/\/vocesparalelas.com.ar\/sitio\/wp-json\/wp\/v2\/posts\/44479\/revisions\/44481"}],"wp:featuredmedia":[{"embeddable":true,"href":"https:\/\/vocesparalelas.com.ar\/sitio\/wp-json\/wp\/v2\/media\/30079"}],"wp:attachment":[{"href":"https:\/\/vocesparalelas.com.ar\/sitio\/wp-json\/wp\/v2\/media?parent=44479"}],"wp:term":[{"taxonomy":"category","embeddable":true,"href":"https:\/\/vocesparalelas.com.ar\/sitio\/wp-json\/wp\/v2\/categories?post=44479"},{"taxonomy":"post_tag","embeddable":true,"href":"https:\/\/vocesparalelas.com.ar\/sitio\/wp-json\/wp\/v2\/tags?post=44479"}],"curies":[{"name":"wp","href":"https:\/\/api.w.org\/{rel}","templated":true}]}}