{"id":44427,"date":"2021-11-29T20:31:42","date_gmt":"2021-11-29T23:31:42","guid":{"rendered":"https:\/\/vocesparalelas.com.ar\/sitio\/?p=44427"},"modified":"2021-11-30T11:09:56","modified_gmt":"2021-11-30T14:09:56","slug":"colonias-de-verano-2022","status":"publish","type":"post","link":"https:\/\/vocesparalelas.com.ar\/sitio\/colonias-de-verano-2022\/","title":{"rendered":"Colonias de Verano 2022"},"content":{"rendered":"<p>La Municipalidad de Rivadavia informa que el Mi\u00e9rcoles, 1 de Diciembre, comienzan las inscripciones para las Colonias de Verano 2022 destinadas a ni\u00f1os, Adultos mayores y personas con discapacidad.<\/p>\n<p><span style=\"color: #99cc00;\"><strong>Cronograma<\/strong><\/span><\/p>\n<p>Las inscripciones se desarrollan del 1 al 9 de Diciembre, de 9 a 13 hs<\/p>\n<ul>\n<li>Mi\u00e9rcoles, 1 de Diciembre, en el Polideportivo Municipal en el Parque de Rivadavia<\/li>\n<li>Jueves, 2 de Diciembre, en la Comuna La Bebida, Av.Ignacio de la Roza 4596 \u2013 O &#8211; Rivadavia<\/li>\n<li>Viernes, 3 de Diciembre, en la Comuna Marquesado, Av. Libertador 7399 \u2013 O &#8211; Rivadavia<\/li>\n<li>Lunes, 6 de Diciembre, en la Comuna Norte, Paula Albarrac\u00edn de Sarmiento y Alberdi &#8211; B\u00b0 Aramburu<\/li>\n<li>Martes, 7 de Diciembre, en la Comuna Sur, Comandante Cabot 2926 \u2013 O &#8211; Rivadavia<\/li>\n<li>Jueves 9 de Diciembre, en el Polideportivo Municipal, solo para Adultos Mayores y Personas con Discapacidad<\/li>\n<\/ul>\n<p><strong><span style=\"color: #99cc00;\">Requisitos<\/span><\/strong><\/p>\n<p><strong><span style=\"color: #99cc00;\">Ni\u00f1os, de 6 a 12 a\u00f1os<\/span><\/strong><\/p>\n<ul>\n<li>Fotocopia de DNI del chico, padre, madre o tutor.<\/li>\n<li>Certificado M\u00e9dico (especificar grupo sangu\u00edneo)<\/li>\n<li>Carnet de Vacunas COVID (no obligatorio).<\/li>\n<\/ul>\n<p><span style=\"color: #99cc00;\"><strong>Personas con Discapacidad<\/strong><\/span><\/p>\n<ul>\n<li>Fotocopia de DNI del interesado, padre, madre o tutor<\/li>\n<li>Certificado de Discapacidad.<\/li>\n<\/ul>\n<p><strong><span style=\"color: #99cc00;\">Adultos Mayores, a partir de los 60 a\u00f1os<\/span><\/strong><\/p>\n<ul>\n<li>Fotocopia de DNI.<\/li>\n<\/ul>\n<p>Las colonias est\u00e1n destinadas a chicos de 6 a 12 a\u00f1os, adultos mayores y personas con discapacidad, y se realizar\u00e1n del 4 al 28 de enero, en el Camping Municipal.<\/p>\n<p>Cupos Limitados<\/p>\n<p><strong><span style=\"color: #99cc00;\">Informes<\/span><\/strong><\/p>\n<p>2644030460, mensaje por WhatsApp, de Lunes a Viernes, de 7.30 a 12.30 hs.<\/p>\n<p>&nbsp;<\/p>\n<p>&nbsp;<\/p>\n","protected":false},"excerpt":{"rendered":"<p>La Municipalidad de Rivadavia informa que el Mi\u00e9rcoles, 1 de Diciembre, comienzan las inscripciones para las Colonias de Verano 2022<\/p>\n","protected":false},"author":3,"featured_media":18567,"comment_status":"closed","ping_status":"closed","sticky":false,"template":"","format":"standard","meta":{"_acf_changed":false,"_seopress_robots_primary_cat":"none","_seopress_titles_title":"","_seopress_titles_desc":"","_seopress_robots_index":"","colormag_page_container_layout":"default_layout","colormag_page_sidebar_layout":"default_layout","footnotes":""},"categories":[1],"tags":[],"class_list":["post-44427","post","type-post","status-publish","format-standard","has-post-thumbnail","hentry","category-destacadas"],"acf":[],"_links":{"self":[{"href":"https:\/\/vocesparalelas.com.ar\/sitio\/wp-json\/wp\/v2\/posts\/44427","targetHints":{"allow":["GET"]}}],"collection":[{"href":"https:\/\/vocesparalelas.com.ar\/sitio\/wp-json\/wp\/v2\/posts"}],"about":[{"href":"https:\/\/vocesparalelas.com.ar\/sitio\/wp-json\/wp\/v2\/types\/post"}],"author":[{"embeddable":true,"href":"https:\/\/vocesparalelas.com.ar\/sitio\/wp-json\/wp\/v2\/users\/3"}],"replies":[{"embeddable":true,"href":"https:\/\/vocesparalelas.com.ar\/sitio\/wp-json\/wp\/v2\/comments?post=44427"}],"version-history":[{"count":1,"href":"https:\/\/vocesparalelas.com.ar\/sitio\/wp-json\/wp\/v2\/posts\/44427\/revisions"}],"predecessor-version":[{"id":44429,"href":"https:\/\/vocesparalelas.com.ar\/sitio\/wp-json\/wp\/v2\/posts\/44427\/revisions\/44429"}],"wp:featuredmedia":[{"embeddable":true,"href":"https:\/\/vocesparalelas.com.ar\/sitio\/wp-json\/wp\/v2\/media\/18567"}],"wp:attachment":[{"href":"https:\/\/vocesparalelas.com.ar\/sitio\/wp-json\/wp\/v2\/media?parent=44427"}],"wp:term":[{"taxonomy":"category","embeddable":true,"href":"https:\/\/vocesparalelas.com.ar\/sitio\/wp-json\/wp\/v2\/categories?post=44427"},{"taxonomy":"post_tag","embeddable":true,"href":"https:\/\/vocesparalelas.com.ar\/sitio\/wp-json\/wp\/v2\/tags?post=44427"}],"curies":[{"name":"wp","href":"https:\/\/api.w.org\/{rel}","templated":true}]}}