{"id":44424,"date":"2021-11-30T01:10:26","date_gmt":"2021-11-30T04:10:26","guid":{"rendered":"https:\/\/vocesparalelas.com.ar\/sitio\/?p=44424"},"modified":"2021-11-30T01:10:26","modified_gmt":"2021-11-30T04:10:26","slug":"se-lanza-el-programa-fortalecimiento-de-la-extension-universitaria-de-la-unsj","status":"publish","type":"post","link":"https:\/\/vocesparalelas.com.ar\/sitio\/se-lanza-el-programa-fortalecimiento-de-la-extension-universitaria-de-la-unsj\/","title":{"rendered":"Se lanza el Programa Fortalecimiento de la Extensi\u00f3n Universitaria de la UNSJ"},"content":{"rendered":"<p>La Secretar\u00eda de Extensi\u00f3n Universitaria informa que se realiza el lanzamiento del Programa Fortalecimiento de la Extensi\u00f3n Universitaria a cargo de Leandro Quiroga, subsecretario de Fortalecimiento de Trayectorias Estudiantiles de la Secretar\u00eda de Pol\u00edticas Universitarias, quien diserta sobre las pol\u00edticas nacionales de jerarquizaci\u00f3n de la extensi\u00f3n universitaria en las universidades p\u00fablicas nacionales.<\/p>\n<p>El acto de presentaci\u00f3n del Programa es el Martes, 30 de Noviembre, a las 17 horas en el Edificio Central de la UNSJ.<\/p>\n<p>La actividad incluye la Jornada: \u00abDesaf\u00edo y oportunidades en la UNSJ\u00bb.<\/p>\n<p>Se invita a docentes, directores, estudiantes, no docentes, egresados y equipos de extensi\u00f3n con quienes se reflexionan los desaf\u00edos institucionales de la UNSJ en relaci\u00f3n a la extensi\u00f3n universitaria y las pr\u00e1cticas socioeducativas.<\/p>\n<p><span style=\"color: #339966;\"><strong>M\u00e1s informaci\u00f3n<\/strong><\/span><\/p>\n<p><a href=\"consultasextensionunsj@gmail.com\">consultasextensionunsj@gmail.com<\/a><\/p>\n","protected":false},"excerpt":{"rendered":"<p>La Secretar\u00eda de Extensi\u00f3n Universitaria informa que se realiza el lanzamiento del Programa Fortalecimiento de la Extensi\u00f3n Universitaria a cargo<\/p>\n","protected":false},"author":3,"featured_media":41584,"comment_status":"closed","ping_status":"closed","sticky":false,"template":"","format":"standard","meta":{"_acf_changed":false,"_seopress_robots_primary_cat":"none","_seopress_titles_title":"","_seopress_titles_desc":"","_seopress_robots_index":"","colormag_page_container_layout":"default_layout","colormag_page_sidebar_layout":"default_layout","footnotes":""},"categories":[1],"tags":[],"class_list":["post-44424","post","type-post","status-publish","format-standard","has-post-thumbnail","hentry","category-destacadas"],"acf":[],"_links":{"self":[{"href":"https:\/\/vocesparalelas.com.ar\/sitio\/wp-json\/wp\/v2\/posts\/44424","targetHints":{"allow":["GET"]}}],"collection":[{"href":"https:\/\/vocesparalelas.com.ar\/sitio\/wp-json\/wp\/v2\/posts"}],"about":[{"href":"https:\/\/vocesparalelas.com.ar\/sitio\/wp-json\/wp\/v2\/types\/post"}],"author":[{"embeddable":true,"href":"https:\/\/vocesparalelas.com.ar\/sitio\/wp-json\/wp\/v2\/users\/3"}],"replies":[{"embeddable":true,"href":"https:\/\/vocesparalelas.com.ar\/sitio\/wp-json\/wp\/v2\/comments?post=44424"}],"version-history":[{"count":1,"href":"https:\/\/vocesparalelas.com.ar\/sitio\/wp-json\/wp\/v2\/posts\/44424\/revisions"}],"predecessor-version":[{"id":44426,"href":"https:\/\/vocesparalelas.com.ar\/sitio\/wp-json\/wp\/v2\/posts\/44424\/revisions\/44426"}],"wp:featuredmedia":[{"embeddable":true,"href":"https:\/\/vocesparalelas.com.ar\/sitio\/wp-json\/wp\/v2\/media\/41584"}],"wp:attachment":[{"href":"https:\/\/vocesparalelas.com.ar\/sitio\/wp-json\/wp\/v2\/media?parent=44424"}],"wp:term":[{"taxonomy":"category","embeddable":true,"href":"https:\/\/vocesparalelas.com.ar\/sitio\/wp-json\/wp\/v2\/categories?post=44424"},{"taxonomy":"post_tag","embeddable":true,"href":"https:\/\/vocesparalelas.com.ar\/sitio\/wp-json\/wp\/v2\/tags?post=44424"}],"curies":[{"name":"wp","href":"https:\/\/api.w.org\/{rel}","templated":true}]}}