{"id":44391,"date":"2021-11-27T21:40:49","date_gmt":"2021-11-28T00:40:49","guid":{"rendered":"https:\/\/vocesparalelas.com.ar\/sitio\/?p=44391"},"modified":"2021-11-30T22:14:39","modified_gmt":"2021-12-01T01:14:39","slug":"jornada-que-hacemos-para-incluir","status":"publish","type":"post","link":"https:\/\/vocesparalelas.com.ar\/sitio\/jornada-que-hacemos-para-incluir\/","title":{"rendered":"Jornada \u00ab\u00bfQu\u00e9 hacemos para Incluir?\u00bb"},"content":{"rendered":"<p>El 14 de Octubre de 1992 la Asamblea General de las Naciones Unidas instaur\u00f3 el 3 de diciembre como el D\u00eda Internacional de las Personas con Discapacidad, como un llamado a aunar esfuerzos en pro de la integraci\u00f3n y la igualdad de oportunidades de las personas con discapacidad, as\u00ed como la eliminaci\u00f3n de toda forma de discriminaci\u00f3n.<\/p>\n<p>La Direcci\u00f3n de Educaci\u00f3n Especial, junto a la Subdirecci\u00f3n de Discapacidad de la Municipalidad de la Capital, desarrollan el Viernes, 3 de Diciembre, de 9 a 13 horas, la jornada \u00ab\u00bfQu\u00e9 hacemos para Incluir?\u00bb en el Club Col\u00f3n Junior, Sargento Cabral 1290 &#8211; O &#8211; Capital.<\/p>\n<p>El objetivo es promover los derechos y bienestar de las personas con discapacidad en todos los \u00e1mbitos de la sociedad y su desarrollo, como as\u00ed tambi\u00e9n concienciar sobre su situaci\u00f3n en todos los aspectos de la vida: educativa, social, econ\u00f3mica, deportiva y cultural.<\/p>\n<p>Se realiza una muestra activa en la que participan establecimientos educativos de los diferentes niveles y modalidades, que dan a conocer sus proyectos de Educaci\u00f3n Inclusiva, informando a la comunidad el trabajo que realizan acompa\u00f1ando en las trayectorias educativas de cada uno de los estudiantes incluidos en el Sistema Educativo.<\/p>\n<p>Adem\u00e1s, los stands de organizaciones sin fines de lucro como la Universidad Nacional de San Juan, Universidad Cat\u00f3lica de Cuyo, la Direcci\u00f3n de Pol\u00edticas Inclusivas de la Secretaria de Deportes, la Direcci\u00f3n Materno Infancia y de Odontolog\u00eda del Ministerio de Salud P\u00fablica y la Direcci\u00f3n de las Personas con Discapacidad del Ministerio de Desarrollo Humano y Promoci\u00f3n Social del Gobierno de San Juan, visibilizan el trabajo realizado desde los diferentes espacios de la sociedad y el Gobierno de la Provincia para la mejorar la calidad de vida de las personas con discapacidad.<\/p>\n<p>La exposici\u00f3n y espacios de esparcimiento son abiertos para toda la comunidad y participan las Escuelas de Educaci\u00f3n Especial de gesti\u00f3n estatal y privada.<\/p>\n<p>&nbsp;<\/p>\n<p>&nbsp;<\/p>\n<p>&nbsp;<\/p>\n","protected":false},"excerpt":{"rendered":"<p>El 14 de Octubre de 1992 la Asamblea General de las Naciones Unidas instaur\u00f3 el 3 de diciembre como el<\/p>\n","protected":false},"author":3,"featured_media":44393,"comment_status":"closed","ping_status":"closed","sticky":false,"template":"","format":"standard","meta":{"_acf_changed":false,"_seopress_robots_primary_cat":"none","_seopress_titles_title":"","_seopress_titles_desc":"","_seopress_robots_index":"","colormag_page_container_layout":"default_layout","colormag_page_sidebar_layout":"default_layout","footnotes":""},"categories":[9],"tags":[],"class_list":["post-44391","post","type-post","status-publish","format-standard","has-post-thumbnail","hentry","category-cursos"],"acf":[],"_links":{"self":[{"href":"https:\/\/vocesparalelas.com.ar\/sitio\/wp-json\/wp\/v2\/posts\/44391","targetHints":{"allow":["GET"]}}],"collection":[{"href":"https:\/\/vocesparalelas.com.ar\/sitio\/wp-json\/wp\/v2\/posts"}],"about":[{"href":"https:\/\/vocesparalelas.com.ar\/sitio\/wp-json\/wp\/v2\/types\/post"}],"author":[{"embeddable":true,"href":"https:\/\/vocesparalelas.com.ar\/sitio\/wp-json\/wp\/v2\/users\/3"}],"replies":[{"embeddable":true,"href":"https:\/\/vocesparalelas.com.ar\/sitio\/wp-json\/wp\/v2\/comments?post=44391"}],"version-history":[{"count":1,"href":"https:\/\/vocesparalelas.com.ar\/sitio\/wp-json\/wp\/v2\/posts\/44391\/revisions"}],"predecessor-version":[{"id":44394,"href":"https:\/\/vocesparalelas.com.ar\/sitio\/wp-json\/wp\/v2\/posts\/44391\/revisions\/44394"}],"wp:featuredmedia":[{"embeddable":true,"href":"https:\/\/vocesparalelas.com.ar\/sitio\/wp-json\/wp\/v2\/media\/44393"}],"wp:attachment":[{"href":"https:\/\/vocesparalelas.com.ar\/sitio\/wp-json\/wp\/v2\/media?parent=44391"}],"wp:term":[{"taxonomy":"category","embeddable":true,"href":"https:\/\/vocesparalelas.com.ar\/sitio\/wp-json\/wp\/v2\/categories?post=44391"},{"taxonomy":"post_tag","embeddable":true,"href":"https:\/\/vocesparalelas.com.ar\/sitio\/wp-json\/wp\/v2\/tags?post=44391"}],"curies":[{"name":"wp","href":"https:\/\/api.w.org\/{rel}","templated":true}]}}