{"id":44321,"date":"2021-11-25T23:00:26","date_gmt":"2021-11-26T02:00:26","guid":{"rendered":"https:\/\/vocesparalelas.com.ar\/sitio\/?p=44321"},"modified":"2021-11-30T12:27:53","modified_gmt":"2021-11-30T15:27:53","slug":"entregaron-premios-de-la-3-edicion-del-concurso-entornos-escolares-saludables","status":"publish","type":"post","link":"https:\/\/vocesparalelas.com.ar\/sitio\/entregaron-premios-de-la-3-edicion-del-concurso-entornos-escolares-saludables\/","title":{"rendered":"Entregaron premios de la 3\u00b0 edici\u00f3n del \u00abConcurso Entornos Escolares Saludables\u201d"},"content":{"rendered":"<p>El Ministerio de Salud P\u00fablica, en colaboraci\u00f3n con el Ministerio de Educaci\u00f3n y desde la Direcci\u00f3n de Programas de Salud, la Divisi\u00f3n de Nutrici\u00f3n y el Programa Provincial de Lucha contra el Sedentarismo del Gobierno de San Juan, concret\u00f3 la tercera edici\u00f3n del \u00abConcurso Entornos Escolares Saludables\u201d, en el que participaron 250 alumnos de 5\u00ba de Nivel Primario de todas las escuelas p\u00fablicas y privadas y 100 directivos.<\/p>\n<p>Con el objetivo de mejorar los h\u00e1bitos saludables y reducir los \u00edndices de sedentarismo, el personal de las instituciones escolares recibi\u00f3 reconocimientos por la participaci\u00f3n y colaboraci\u00f3n dentro del mismo.<\/p>\n<p>En el acto participaron el ministro de Educaci\u00f3n, Lic. Felipe de los R\u00edos; el secretario t\u00e9cnico, Dr. Isidro Putelli; la directora de Programas, Lic. Teresa Laciar; la jefa de la Divisi\u00f3n de Nutrici\u00f3n, Lic. \u00c9rica Garc\u00eda, la referente del Programa Provincial de Lucha Contra el Sedentarismo, Prof. Cecilia P\u00e9rez; la referente del Programa Proteger, Lic. Flavia Godoy; la referente del programa Redes, Lic. Mariana Sturla en conjunto con los jefes de Zona Sanitaria I, Dr. Miguel Coria, de Zona Sanitaria II, Dr. Juan pablo Pacheco, de Zona Sanitaria IV, Dr. Walter Antu\u00f1a y de Zona Sanitaria V, Dra. Ivana Garz\u00f3n y las nutricionistas pertenecientes a los diversos establecimientos.<\/p>\n<p>El secretario Dr. Putelli sostuvo que \u00abme sorprende la extraordinaria presencia de ni\u00f1os y la excelente convocatoria. Este concurso me parece s\u00faper importante ya que hay un trabajo muy duro por parte de los docentes, alumnos, profesores de educaci\u00f3n f\u00edsica y nutricionistas. Resulta fundamental en la ni\u00f1ez mantener una alimentaci\u00f3n saludable, acompa\u00f1ado de la actividad f\u00edsica para que de esta manera podamos evitar m\u00faltiples enfermedades que disminuyan nuestra calidad de vida. Por eso debemos replicar y fomentar los h\u00e1bitos saludables y prevenibles\u201d<\/p>\n<p>A su vez, el ministro de Educaci\u00f3n, Lic. De los R\u00edos, agreg\u00f3 que \u00abquiero agradecer a todo el personal que hizo posible este encuentro, gracias a las 42 escuelas que participaron de esto, podemos seguir fomentando el compromiso social y adaptar buenos h\u00e1bitos de cultura alimenticia. Gracias al trabajo articulado con el Ministerio de Salud P\u00fablica, fuimos unas de las primeras provincias en habilitar el protocolo para volver a la presencialidad. Estamos en este escenario gracias al arduo trabajo de vacunaci\u00f3n. Con esto, qued\u00f3 demostrado que los seres humanos somos irremplazables y es por eso que agradezco profundamente todo el trabajo que tenemos con la Dra. Alejandra Venerando y con todo su equipo\u201d.<\/p>\n<p>Finalmente, la directora, Lic. Laciar, concluy\u00f3: \u201cDesde la Direcci\u00f3n de Programas estamos muy agradecidos por la participaci\u00f3n de todas las escuelas. Un agradecimiento muy especial a la referente del Programa Lucha Contra el Sedentarismo y a la jefa de la Divisi\u00f3n Nutrici\u00f3n, ambas vienen trabajando articuladamente para llevar salud, h\u00e1bitos saludables y buena alimentaci\u00f3n a toda la poblaci\u00f3n sanjuanina. Gracias a todos por su participaci\u00f3n, gracias por estar y haber hecho posible esto\u201d.<\/p>\n<p>En primer lugar, las autoridades hicieron entrega del reconocimiento a las nutricionistas por la participaci\u00f3n y colaboraci\u00f3n en la elaboraci\u00f3n de los proyectos realizados por las escuelas.<\/p>\n<p>Posteriormente, se hizo entrega de los premios a los 42 establecimientos educativos participantes compuesto por ni\u00f1os y docentes.<\/p>\n<p><span style=\"color: #339966;\"><strong>Los premios<\/strong><\/span><\/p>\n<p>A las escuelas participantes se les hizo entrega del kit \u201cRecreo activo\u201d, juegos para patio, certificaci\u00f3n de participaci\u00f3n y fruta para los alumnos participantes.<\/p>\n<p>A su vez, a los proyectos distinguidos se les entregaron tres mesas de ping pong y tres parlantes.<\/p>\n<p>Mientras que a los\u00a0docentes y equipo de salud participantes se les otorg\u00f3un kit saludable compuesto por agenda, lapicera, botella de agua y dem\u00e1s elementos.<\/p>\n<p>Por su parte, la directora en conjunto con la docente de 5\u00b0 de la escuela Ejercito de los Andes expres\u00f3 su agradecimiento, mencionando que \u201clos chicos han trabajado hermoso, han interactuado con todo el resto de alumnados, padres y docentes de toda la escuela. Fue todo un \u00e9xito y esperamos que tenga una continuidad. Los chicos est\u00e1n muy contentos\u201d<\/p>\n<p><span style=\"color: #339966;\"><strong>El concurso<\/strong><\/span><\/p>\n<p>Cabe destacar que dicho concurso buscaba\u00a0garantizar apoyo, capacitaci\u00f3n y seguimiento a los establecimientos educativos, a efectos de que sean un ambiente saludable apto para el desarrollo integral de los alumnos.\u00a0De esta manera contribuir al fortalecimiento de la poblaci\u00f3n generando h\u00e1bitos de vida saludables en todos los actores de la comunidad educativa, con el enfoque de promoci\u00f3n de la salud y prevenci\u00f3n de enfermedades cr\u00f3nicas no trasmisibles.<\/p>\n<p>El mismo se basaba en la elaboraci\u00f3n de un proyecto en donde se trabajaba con diferentes ejes en relaci\u00f3n a los entornos saludables escolares, como fomentar el consumo de agua segura en el \u00e1mbito escolar garantizando el acceso a la misma; incluir las Gu\u00edas Alimentarias para la poblaci\u00f3n Argentina (GAPA) en la planificaci\u00f3n docente, como herramienta educativa; asegurar que se brinde una oferta de alimentos y bebidas saludables en kioscos escolares; fomentar a trav\u00e9s de diversas estrategias la incorporaci\u00f3n de meriendas saludables en la jornada escolar.<\/p>\n<p>En lo que respecta a la actividad f\u00edsica, los ejes trabajados fueron incorporar las pausas activas escolares como herramienta para interrumpir el comportamiento sedentario en el aula; lograr que en los establecimientos escolares se fomenten los \u201crecreos f\u00edsicamente activos\u201d, entre otros.<\/p>\n<p><span style=\"color: #339966;\"><strong>Nutricionistas que recibieron las menciones especiales:<\/strong><\/span><\/p>\n<table width=\"330\">\n<tbody>\n<tr>\n<td width=\"273\"><strong>LICENCIADA<\/strong><\/td>\n<\/tr>\n<tr>\n<td width=\"273\">AGUSTINA PAVESE<\/td>\n<\/tr>\n<tr>\n<td width=\"273\">ANA LAURA LOPEZ<\/td>\n<\/tr>\n<tr>\n<td width=\"273\">ANALIA DONCEL<\/td>\n<\/tr>\n<tr>\n<td width=\"273\">ANGELES LORENZO<\/td>\n<\/tr>\n<tr>\n<td width=\"273\">BELEN BORGUES<\/td>\n<\/tr>\n<tr>\n<td width=\"273\">CAROLINA CONTI<\/td>\n<\/tr>\n<tr>\n<td width=\"273\">CAROLINA QUIROGA<\/td>\n<\/tr>\n<tr>\n<td width=\"273\">CECILIA ARANDA<\/td>\n<\/tr>\n<tr>\n<td width=\"273\">CECILIA BASA\u00d1ES<\/td>\n<\/tr>\n<tr>\n<td width=\"273\">CECILIA FERNANDEZ<\/td>\n<\/tr>\n<tr>\n<td width=\"273\">CECILIA GONZALEZ<\/td>\n<\/tr>\n<tr>\n<td width=\"273\">CLAUDIA ALBARRACIN<\/td>\n<\/tr>\n<tr>\n<td width=\"273\">ELIZABETH CASTRO<\/td>\n<\/tr>\n<tr>\n<td width=\"273\">GABRIELA SANTIAGO<\/td>\n<\/tr>\n<tr>\n<td width=\"273\">LAURA MENDOZA<\/td>\n<\/tr>\n<tr>\n<td width=\"273\">LAURA RAMIREZ<\/td>\n<\/tr>\n<tr>\n<td width=\"273\">MAIRA TEJADA<\/td>\n<\/tr>\n<tr>\n<td width=\"273\">MARIANA RIOS<\/td>\n<\/tr>\n<tr>\n<td width=\"273\">MARTA LLOVERA<\/td>\n<\/tr>\n<tr>\n<td width=\"273\">MERCEDES NACIF<\/td>\n<\/tr>\n<tr>\n<td width=\"273\">MICAELA DI LORENZO<\/td>\n<\/tr>\n<tr>\n<td width=\"273\">MIRIAM ELIZONDO<\/td>\n<\/tr>\n<tr>\n<td width=\"273\">PAMELA ALLEVA<\/td>\n<\/tr>\n<tr>\n<td width=\"273\">PAOLA VILLENA<\/td>\n<\/tr>\n<tr>\n<td width=\"273\">PAZ NACIF<\/td>\n<\/tr>\n<tr>\n<td width=\"273\">RITA LOPEZ<\/td>\n<\/tr>\n<tr>\n<td width=\"273\">SILVINA RENGEL<\/td>\n<\/tr>\n<tr>\n<td width=\"273\">VANESA SOLIS<\/td>\n<\/tr>\n<tr>\n<td width=\"273\">VICTORIA IGUALADA<\/td>\n<\/tr>\n<tr>\n<td width=\"273\">VIRGINIA GUZZO<\/td>\n<\/tr>\n<\/tbody>\n<\/table>\n<p>&nbsp;<\/p>\n<p><span style=\"color: #339966;\"><strong>Escuelas participantes<\/strong><\/span><\/p>\n<p>Cabe mencionar que las escuelas participantes fueron las siguientes con sus respectivos proyectos:<\/p>\n<table width=\"595\">\n<tbody>\n<tr>\n<td width=\"77\">ORDEN<\/td>\n<td width=\"518\"><strong>ESCUELA<\/strong><\/td>\n<\/tr>\n<tr>\n<td width=\"77\">1<\/td>\n<td width=\"518\"><strong>14 de Febrero<\/strong><\/p>\n<p>&nbsp;<\/p>\n<p>PROYECTO: \u201cBuena nutrici\u00f3n + ejercicio=Energ\u00eda y felicidad\u201d<\/td>\n<\/tr>\n<tr>\n<td width=\"77\">2<\/td>\n<td width=\"518\"><strong>Albergue Alvarez Condarco<\/strong><\/p>\n<p>&nbsp;<\/p>\n<p>PROYECTO: Entre todos cuidamos la salud\u201d<\/td>\n<\/tr>\n<tr>\n<td width=\"77\">3<\/td>\n<td width=\"518\"><strong>Barrio Ej\u00e9rcito de los Andes<\/strong><\/p>\n<p>&nbsp;<\/p>\n<p>PROYECTO: \u201cMovida Saludable\u201d<\/td>\n<\/tr>\n<tr>\n<td width=\"77\">4<\/td>\n<td width=\"518\"><strong>Batalla de Maip\u00fa<\/strong><\/p>\n<p>&nbsp;<\/p>\n<p>PROYECTO: \u201cDesayunar saludable est\u00e1 de moda\u201d<\/td>\n<\/tr>\n<tr>\n<td width=\"77\">5<\/td>\n<td width=\"518\"><strong>Benjam\u00edn Lenoir<\/strong><\/p>\n<p>&nbsp;<\/p>\n<p>PROYECTO: \u201cFortalecimiento de entornos saludables claves\u201d<\/td>\n<\/tr>\n<tr>\n<td width=\"77\">6<\/td>\n<td width=\"518\"><strong>Bernardo de Monteagudo<\/strong><\/p>\n<p>&nbsp;<\/p>\n<p>PROYECTO: \u201cConstruyendo entornos saludables\u201d<\/td>\n<\/tr>\n<tr>\n<td width=\"77\">7<\/td>\n<td width=\"518\"><strong>Blas Parera<\/strong><\/p>\n<p>&nbsp;<\/p>\n<p>PROYECTO: \u201cAprende a servirte un delicioso plato de salud\u201d<\/td>\n<\/tr>\n<tr>\n<td width=\"77\">8<\/td>\n<td width=\"518\"><strong>Campa\u00f1a del Desierto<\/strong><\/p>\n<p>&nbsp;<\/p>\n<p>PROYECTO entornos escolares saludables.<\/td>\n<\/tr>\n<tr>\n<td width=\"77\">9<\/td>\n<td width=\"518\"><strong>Candelaria de Godoy<\/strong><\/p>\n<p>&nbsp;<\/p>\n<p>PROYECTO: \u201cUna flor de salud\u201d<\/td>\n<\/tr>\n<tr>\n<td width=\"77\">10<\/td>\n<td width=\"518\"><strong>Carmen p. De Varese<\/strong><\/p>\n<p>&nbsp;<\/p>\n<p>PROYECTO: \u201cCambiando h\u00e1bitos\u201d<\/td>\n<\/tr>\n<tr>\n<td width=\"77\">11<\/td>\n<td width=\"518\"><strong>Clara Rosa Cort\u00ednez<\/strong><\/p>\n<p>&nbsp;<\/p>\n<p>PROYECTO: \u201cSem\u00e1foro alimentario\u201d<\/td>\n<\/tr>\n<tr>\n<td width=\"77\">12<\/td>\n<td width=\"518\"><strong>De la Patria<\/strong><\/p>\n<p>&nbsp;<\/p>\n<p>PROYECTO: \u201cPurificando nuestro cuerpo\u201d<\/td>\n<\/tr>\n<tr>\n<td width=\"77\">13<\/td>\n<td width=\"518\"><strong>Dr. Luis Agote<\/strong><\/p>\n<p>&nbsp;<\/p>\n<p>PROYECTO: \u201cEntornos escolares saludables\u201d<\/td>\n<\/tr>\n<tr>\n<td width=\"77\">14<\/td>\n<td width=\"518\"><strong>Esc. Educaci\u00f3n Especial M\u00faltiple de 25 de mayo<\/strong><\/p>\n<p>&nbsp;<\/p>\n<p>PROYECTO: \u201cUN MUNDO SALUDABLE\u201d<\/td>\n<\/tr>\n<tr>\n<td width=\"77\">15<\/td>\n<td width=\"518\"><strong>Elvira de la Riestra de L\u00e1inez<\/strong><\/p>\n<p>&nbsp;<\/p>\n<p>PROYECTO: \u201cMe alimento por una vida saludable\u201d<\/td>\n<\/tr>\n<tr>\n<td width=\"77\">16<\/td>\n<td width=\"518\"><strong>Ernesto A. Bavio<\/strong><\/p>\n<p>&nbsp;<\/p>\n<p>PROYECTO: \u201cAprendo a comer de manera saludable\u201d<\/td>\n<\/tr>\n<tr>\n<td width=\"77\">17<\/td>\n<td width=\"518\"><strong>Falucho<\/strong><\/p>\n<p>&nbsp;<\/p>\n<p>PROYECTO: \u201cVive sano, vive feliz\u201d<\/td>\n<\/tr>\n<tr>\n<td width=\"77\">18<\/td>\n<td width=\"518\"><strong>Gral. Soler<\/strong><\/p>\n<p>&nbsp;<\/p>\n<p>PROYECTO: \u201cEscuela Estanislao Soler\u201d<\/td>\n<\/tr>\n<tr>\n<td width=\"77\">19<\/td>\n<td width=\"518\"><strong>Jos\u00e9 Pedro Cortinez<\/strong><\/p>\n<p>&nbsp;<\/p>\n<p>PROYECTO: \u201cEntornos escolares saludables\u201d<\/td>\n<\/tr>\n<tr>\n<td width=\"77\">20<\/td>\n<td width=\"518\"><strong>Juan Dolores Godoy<\/strong><\/p>\n<p>&nbsp;<\/p>\n<p>PROYECTO ENTORNOS SALUDABLES<\/td>\n<\/tr>\n<tr>\n<td width=\"77\">21<\/td>\n<td width=\"518\"><strong>Juan Enrique Pestalozzi<\/strong><\/p>\n<p>&nbsp;<\/p>\n<p>PROYECTO: \u201cEl arte de comer y jugar con inteligencia\u201d<\/td>\n<\/tr>\n<tr>\n<td width=\"77\">22<\/td>\n<td width=\"518\"><strong>Juan Jose Castelli TM<\/strong><\/p>\n<p>&nbsp;<\/p>\n<p>PROYECTO Entornos Saludables<\/td>\n<\/tr>\n<tr>\n<td width=\"77\">23<\/td>\n<td width=\"518\"><strong>Juan Jos\u00e9 Castelli TT<\/strong><\/p>\n<p>&nbsp;<\/p>\n<p>PROYECTO: \u201cAlimentaci\u00f3n sana, Vida sana\u201d<\/td>\n<\/tr>\n<tr>\n<td width=\"77\">24<\/td>\n<td width=\"518\"><strong>Las Hornillas<\/strong><\/p>\n<p>&nbsp;<\/p>\n<p>PROYECTO: \u201cTA-TE-TI\u201d<\/td>\n<\/tr>\n<tr>\n<td width=\"77\">25<\/td>\n<td width=\"518\"><strong>Manuel Belgrano<\/strong><\/p>\n<p>&nbsp;<\/p>\n<p>PROYECTO: \u201cLo saludable sabe bien\u201d<\/td>\n<\/tr>\n<tr>\n<td width=\"77\">26<\/td>\n<td width=\"518\"><strong>Mariano Necochea<\/strong><\/p>\n<p>&nbsp;<\/p>\n<p>PROYECTO: \u201cAlimentaci\u00f3n saludable\u201d<\/td>\n<\/tr>\n<tr>\n<td width=\"77\">27<\/td>\n<td width=\"518\"><strong>Mercedes Nievas de Castro<\/strong><\/p>\n<p>&nbsp;<\/p>\n<p>PROYECTO: \u201cVida saludable = Vida feliz\u201d<\/td>\n<\/tr>\n<tr>\n<td width=\"77\">28<\/td>\n<td width=\"518\"><strong>Miguel de Cervantes<\/strong><\/p>\n<p>&nbsp;<\/p>\n<p>PROYECTO educativo de promoci\u00f3n y prevenci\u00f3n de h\u00e1bitos saludables\u201d<\/td>\n<\/tr>\n<tr>\n<td width=\"77\">29<\/td>\n<td width=\"518\"><strong>Nuevo Cuyo<\/strong><\/p>\n<p>&nbsp;<\/p>\n<p>PROYECTO: \u201cComer sano, vivir mejor\u201d<\/td>\n<\/tr>\n<tr>\n<td width=\"77\">30<\/td>\n<td width=\"518\"><strong>Pascual Chena<\/strong><\/p>\n<p>&nbsp;<\/p>\n<p>PROYECTO: \u201cSalud con colores y sabores\u201d<\/td>\n<\/tr>\n<tr>\n<td width=\"77\">31<\/td>\n<td width=\"518\"><strong>Paula Albarrac\u00edn de Sarmiento<\/strong><\/p>\n<p>&nbsp;<\/p>\n<p>PROYECTO: \u201cEscaneando lo saludable\u201d<\/td>\n<\/tr>\n<tr>\n<td width=\"77\">32<\/td>\n<td width=\"518\"><strong>Paulo VI<\/strong><\/p>\n<p>&nbsp;<\/p>\n<p>PROYECTO: \u201cMe alimento bien para estar bien\u201d<\/td>\n<\/tr>\n<tr>\n<td width=\"77\">33<\/td>\n<td width=\"518\"><strong>Pedro de M\u00e1rquez<\/strong><\/p>\n<p>&nbsp;<\/p>\n<p>PROYECTO: \u201cMerienda e hidrataci\u00f3n saludables para activar nuestro cuerpo\u201d<\/td>\n<\/tr>\n<tr>\n<td width=\"77\">34<\/td>\n<td width=\"518\"><strong>Perito Moreno<\/strong><\/p>\n<p>&nbsp;<\/p>\n<p>PROYECTO: \u201cNos alimentamos saludablemente\u201d<\/td>\n<\/tr>\n<tr>\n<td width=\"77\">35<\/td>\n<td width=\"518\"><strong>Presb\u00edtero Cayetano de Quiroga<\/strong><\/p>\n<p>&nbsp;<\/p>\n<p>PROYECTO: \u201cEmbajadores de la salud\u201d<\/td>\n<\/tr>\n<tr>\n<td width=\"77\">36<\/td>\n<td width=\"518\"><strong>Presidente Sarmiento<\/strong><\/p>\n<p>&nbsp;<\/p>\n<p>PROYECTO: \u201cCon movimiento y buena alimentaci\u00f3n la pasamos mejor\u201d<\/td>\n<\/tr>\n<tr>\n<td width=\"77\">37<\/td>\n<td width=\"518\"><strong>Profesor Alejandro Mathus<\/strong><\/p>\n<p>&nbsp;<\/p>\n<p>PROYECTO: \u201cCuidando nuestro cuerpo podemos vivir mejor\u201d<\/td>\n<\/tr>\n<tr>\n<td width=\"77\">38<\/td>\n<td width=\"518\"><strong>Provincia de Jujuy<\/strong><\/p>\n<p>&nbsp;<\/p>\n<p>PROYECTO: \u201cLos guardianes por futuros saludables\u201d<\/td>\n<\/tr>\n<tr>\n<td width=\"77\">39<\/td>\n<td width=\"518\"><strong>Provincia de Neuqu\u00e9n<\/strong><\/p>\n<p>&nbsp;<\/p>\n<p>PROYECTO: \u201cCOCINEROS EN ACCI\u00d2N\u201d<\/td>\n<\/tr>\n<tr>\n<td width=\"77\">40<\/td>\n<td width=\"518\"><strong>Roque Saenz Pe\u00f1a<\/strong><\/p>\n<p>&nbsp;<\/p>\n<p>PROYECTO: \u201cCuidarme es quererme\u201d<\/td>\n<\/tr>\n<tr>\n<td width=\"77\">41<\/td>\n<td width=\"518\"><strong>Rosario Vera Pe\u00f1aloza<\/strong><\/p>\n<p>&nbsp;<\/p>\n<p>PROYECTO: \u201cConstruyendo entornos escolares saludables\u201d<\/td>\n<\/tr>\n<tr>\n<td width=\"77\">42<\/td>\n<td width=\"518\"><strong>Tr\u00e1nsito de Oro de Rodr\u00edguez<\/strong><\/p>\n<p>&nbsp;<\/p>\n<p>PROYECTO: \u201cVida Sana\u201d<\/td>\n<\/tr>\n<\/tbody>\n<\/table>\n<p>&nbsp;<\/p>\n<p><img loading=\"lazy\" decoding=\"async\" class=\"alignnone wp-image-44324 size-large\" src=\"https:\/\/vocesparalelas.com.ar\/sitio\/wp-content\/uploads\/2021\/11\/salud-escuena-02-800x473.jpg\" alt=\"\" width=\"800\" height=\"473\" srcset=\"https:\/\/vocesparalelas.com.ar\/sitio\/wp-content\/uploads\/2021\/11\/salud-escuena-02-800x473.jpg 800w, https:\/\/vocesparalelas.com.ar\/sitio\/wp-content\/uploads\/2021\/11\/salud-escuena-02-300x178.jpg 300w, https:\/\/vocesparalelas.com.ar\/sitio\/wp-content\/uploads\/2021\/11\/salud-escuena-02-768x454.jpg 768w, https:\/\/vocesparalelas.com.ar\/sitio\/wp-content\/uploads\/2021\/11\/salud-escuena-02.jpg 1019w\" sizes=\"auto, (max-width: 800px) 100vw, 800px\" \/><\/p>\n<p><img loading=\"lazy\" decoding=\"async\" class=\"alignnone wp-image-44325 size-large\" src=\"https:\/\/vocesparalelas.com.ar\/sitio\/wp-content\/uploads\/2021\/11\/salud-escuena-03-800x477.jpg\" alt=\"\" width=\"800\" height=\"477\" srcset=\"https:\/\/vocesparalelas.com.ar\/sitio\/wp-content\/uploads\/2021\/11\/salud-escuena-03-800x477.jpg 800w, https:\/\/vocesparalelas.com.ar\/sitio\/wp-content\/uploads\/2021\/11\/salud-escuena-03-300x179.jpg 300w, https:\/\/vocesparalelas.com.ar\/sitio\/wp-content\/uploads\/2021\/11\/salud-escuena-03-768x458.jpg 768w, https:\/\/vocesparalelas.com.ar\/sitio\/wp-content\/uploads\/2021\/11\/salud-escuena-03.jpg 1024w\" sizes=\"auto, (max-width: 800px) 100vw, 800px\" \/><\/p>\n","protected":false},"excerpt":{"rendered":"<p>El Ministerio de Salud P\u00fablica, en colaboraci\u00f3n con el Ministerio de Educaci\u00f3n y desde la Direcci\u00f3n de Programas de Salud,<\/p>\n","protected":false},"author":3,"featured_media":44323,"comment_status":"closed","ping_status":"closed","sticky":false,"template":"","format":"standard","meta":{"_acf_changed":false,"_seopress_robots_primary_cat":"none","_seopress_titles_title":"","_seopress_titles_desc":"","_seopress_robots_index":"","colormag_page_container_layout":"default_layout","colormag_page_sidebar_layout":"default_layout","footnotes":""},"categories":[8],"tags":[],"class_list":["post-44321","post","type-post","status-publish","format-standard","has-post-thumbnail","hentry","category-concursos"],"acf":[],"_links":{"self":[{"href":"https:\/\/vocesparalelas.com.ar\/sitio\/wp-json\/wp\/v2\/posts\/44321","targetHints":{"allow":["GET"]}}],"collection":[{"href":"https:\/\/vocesparalelas.com.ar\/sitio\/wp-json\/wp\/v2\/posts"}],"about":[{"href":"https:\/\/vocesparalelas.com.ar\/sitio\/wp-json\/wp\/v2\/types\/post"}],"author":[{"embeddable":true,"href":"https:\/\/vocesparalelas.com.ar\/sitio\/wp-json\/wp\/v2\/users\/3"}],"replies":[{"embeddable":true,"href":"https:\/\/vocesparalelas.com.ar\/sitio\/wp-json\/wp\/v2\/comments?post=44321"}],"version-history":[{"count":1,"href":"https:\/\/vocesparalelas.com.ar\/sitio\/wp-json\/wp\/v2\/posts\/44321\/revisions"}],"predecessor-version":[{"id":44326,"href":"https:\/\/vocesparalelas.com.ar\/sitio\/wp-json\/wp\/v2\/posts\/44321\/revisions\/44326"}],"wp:featuredmedia":[{"embeddable":true,"href":"https:\/\/vocesparalelas.com.ar\/sitio\/wp-json\/wp\/v2\/media\/44323"}],"wp:attachment":[{"href":"https:\/\/vocesparalelas.com.ar\/sitio\/wp-json\/wp\/v2\/media?parent=44321"}],"wp:term":[{"taxonomy":"category","embeddable":true,"href":"https:\/\/vocesparalelas.com.ar\/sitio\/wp-json\/wp\/v2\/categories?post=44321"},{"taxonomy":"post_tag","embeddable":true,"href":"https:\/\/vocesparalelas.com.ar\/sitio\/wp-json\/wp\/v2\/tags?post=44321"}],"curies":[{"name":"wp","href":"https:\/\/api.w.org\/{rel}","templated":true}]}}