{"id":44314,"date":"2021-11-24T22:35:07","date_gmt":"2021-11-25T01:35:07","guid":{"rendered":"https:\/\/vocesparalelas.com.ar\/sitio\/?p=44314"},"modified":"2021-11-27T01:16:44","modified_gmt":"2021-11-27T04:16:44","slug":"se-inaugura-el-nuevo-edificio-anexo-de-la-camara-de-diputados-de-san-juan","status":"publish","type":"post","link":"https:\/\/vocesparalelas.com.ar\/sitio\/se-inaugura-el-nuevo-edificio-anexo-de-la-camara-de-diputados-de-san-juan\/","title":{"rendered":"Se inaugura el nuevo edificio Anexo de la C\u00e1mara de Diputados de San Juan"},"content":{"rendered":"<div class=\"itemFullText jbintrotext\">\n<p>El Viernes, 26 de Noviembre, a las 10 horas, se inaugura en forma oficial el edificio anexo de la C\u00e1mara de Diputados en el marco de una ceremonia que encabezada por el vicegobernador CPN Roberto Gattoni con la participaci\u00f3n del gobernador de San Juan, Dr. Sergio U\u00f1ac; autoridades de la Corte de Justicia; gubernamentales legisladores provinciales; empleados legislativos y p\u00fablico en general.<\/p>\n<\/div>\n<div class=\"itemFullText\">\n<p>Es oportuno consignar que \u00e9sta ser\u00e1 la primera sede propia de la Legislatura y en este sentido, el flamante edificio anexo de la C\u00e1mara de Diputados, ubicado sobre calle Laprida metros al este de calle Ricardo Rojas, posee una superficie total de 5.960 metros cuadrados y fue construido en un volumen apaisado, con tres subsuelos, planta baja, cuatro niveles superiores y un quinto sector que ser\u00e1 proyectado, como un cuerpo \u00fanico de l\u00edneas rectas y puras.<\/p>\n<p><span style=\"color: #993366;\"><strong>El terreno tiene una superficie aproximada de 1.066 metros cuadrados<\/strong><\/span><\/p>\n<p>El sector oeste del edificio, est\u00e1 conformado por una estructura cerrada semejante a una barrera f\u00edsica que cumplir\u00e1 la funci\u00f3n de aislante y amortiguador t\u00e9rmico con la incidencia solar m\u00e1s desfavorable. Este lugar nuclea a todos los servicios, como ba\u00f1os, offices y dep\u00f3sitos y contendr\u00e1 las circulaciones verticales a trav\u00e9s de escaleras y ascensores, las cuales comunicar\u00e1n todos los niveles del edificio.<\/p>\n<p>El sector opuesto dispone de un patio longitudinal en direcci\u00f3n norte- sur, concebido como regulador bioclim\u00e1tico de todo el edificio. Sobre este patio, est\u00e1n distribuidas las funciones de la planta baja con criterios de sustentabilidad y aprovechamiento en forma eficiente de los mejores \u00e1ngulos de asoleamiento y ventilaci\u00f3n.<\/p>\n<p>Para mejorar la ganancia t\u00e9rmica, fueron instalados parasoles orientables en toda la fachada, que disminuyen la incidencia solar y mejoran las condiciones de confort y deslumbramiento en el interior del edificio. Adem\u00e1s, este sector est\u00e1 decorado con plantas libres en toda su extensi\u00f3n para permitir una \u00f3ptima iluminaci\u00f3n y ventilaci\u00f3n a los diversos ambientes. En cuanto al sector de Estacionamientos y Sala de M\u00e1quinas, \u00e9stas est\u00e1n ubicadas en el subsuelo.<\/p>\n<p>Los sectores que dispondr\u00e1n de mayor interacci\u00f3n con la comunidad ser\u00e1n la planta baja y el primer piso, debido a que en estos niveles est\u00e1n ubicadas las salas Interactiva, el Auditorio y la Biblioteca.<\/p>\n<p><strong><span style=\"color: #993366;\">La Casa de Todos y sus distintas sedes<\/span><\/strong><\/p>\n<p>El primer sitio que tuvo como sede fue la Sala Capitular del Cabildo que estaba situada en la calle Cabildo (que en la actualidad es conocida como General Acha) frente a la ic\u00f3nica plaza 25 de Mayo. Desde aquel momento hasta entrado el siglo XIX, much\u00edsimas veces la Legislatura usufructu\u00f3 para sesionar las casas de familia.<\/p>\n<p>Fue en el a\u00f1o 1872, que la sede legislativa fue trasladado hasta la esquina de las actuales calles General Acha y Rivadavia, en la esquina sureste, y all\u00ed estuvo hasta el a\u00f1o 1944.<\/p>\n<p>Aquel edificio hab\u00eda sido proyectado por parte del gobernador Jos\u00e9 Manuel Zavalla para que all\u00ed funcionara la Casa de Justicia o bien los Tribunales ,por tal motivo el 29 de noviembre de 1867, a trav\u00e9s de una ley de la C\u00e1mara de Diputados fue autorizado a contraer un pr\u00e9stamo de 6 mil pesos para adquirir el edificio. El mismo fue comprado en 1870 por el gobernador Jos\u00e9 Mar\u00eda Del Carril, pero no era c\u00f3modo para Tribunales porque no hab\u00eda espacio nada m\u00e1s que para algunos juzgados. Es por ello que ese edificio fue destinado a la Legislatura para que funcionara all\u00ed y lo hizo hasta el a\u00f1o 1944 y una fecha fat\u00eddica la del 15 de enero que recuerda al tr\u00e1gico terremoto que destruy\u00f3 ese edificio.<\/p>\n<p>El 26 de mayo de 1946 en ocasi\u00f3n de la apertura de un nuevo per\u00edodo constitucional, la Legislatura fue trasladada al edificio del \u00abEstadio del Parque de Mayo\u00bb, en la que estuvo hasta 1984.<\/p>\n<p>En 1984, la sede legislativa fue nuevamente trasladada al edificio ubicado frente al Parque de Mayo, en la esquina de avenida Libertador General San Mart\u00edn y avenida Las Heras, residencia que ocupa hasta hoy.<\/p>\n<p>Las obras de recuperaci\u00f3n y restauraci\u00f3n del edificio se hab\u00edan comenzado en 1982. El mismo hab\u00eda sido construido en la d\u00e9cada del 50 y destinado al funcionamiento del Hotel Eva Per\u00f3n y m\u00e1s tarde dado en concesi\u00f3n a la firma Hotelera Sussex, quien lo administr\u00f3 hasta 1977. Con la visita del vicepresidente de la Naci\u00f3n, V\u00edctor Mart\u00ednez, el 24 de noviembre de 1984, fue inaugurada la Legislatura Provincial, sede del Poder Legislativo de San Juan.<\/p>\n<\/div>\n<p><img loading=\"lazy\" decoding=\"async\" class=\"alignnone wp-image-37951 size-full\" src=\"https:\/\/vocesparalelas.com.ar\/sitio\/wp-content\/uploads\/2021\/05\/CAMARA-EDIFICIO.jpg\" alt=\"\" width=\"800\" height=\"515\" srcset=\"https:\/\/vocesparalelas.com.ar\/sitio\/wp-content\/uploads\/2021\/05\/CAMARA-EDIFICIO.jpg 800w, https:\/\/vocesparalelas.com.ar\/sitio\/wp-content\/uploads\/2021\/05\/CAMARA-EDIFICIO-300x193.jpg 300w, https:\/\/vocesparalelas.com.ar\/sitio\/wp-content\/uploads\/2021\/05\/CAMARA-EDIFICIO-768x494.jpg 768w\" sizes=\"auto, (max-width: 800px) 100vw, 800px\" \/><\/p>\n<div class=\"clear\"><\/div>\n","protected":false},"excerpt":{"rendered":"<p>El Viernes, 26 de Noviembre, a las 10 horas, se inaugura en forma oficial el edificio anexo de la C\u00e1mara<\/p>\n","protected":false},"author":3,"featured_media":44316,"comment_status":"closed","ping_status":"closed","sticky":false,"template":"","format":"standard","meta":{"_acf_changed":false,"_seopress_robots_primary_cat":"none","_seopress_titles_title":"","_seopress_titles_desc":"","_seopress_robots_index":"","colormag_page_container_layout":"default_layout","colormag_page_sidebar_layout":"default_layout","footnotes":""},"categories":[1],"tags":[],"class_list":["post-44314","post","type-post","status-publish","format-standard","has-post-thumbnail","hentry","category-destacadas"],"acf":[],"_links":{"self":[{"href":"https:\/\/vocesparalelas.com.ar\/sitio\/wp-json\/wp\/v2\/posts\/44314","targetHints":{"allow":["GET"]}}],"collection":[{"href":"https:\/\/vocesparalelas.com.ar\/sitio\/wp-json\/wp\/v2\/posts"}],"about":[{"href":"https:\/\/vocesparalelas.com.ar\/sitio\/wp-json\/wp\/v2\/types\/post"}],"author":[{"embeddable":true,"href":"https:\/\/vocesparalelas.com.ar\/sitio\/wp-json\/wp\/v2\/users\/3"}],"replies":[{"embeddable":true,"href":"https:\/\/vocesparalelas.com.ar\/sitio\/wp-json\/wp\/v2\/comments?post=44314"}],"version-history":[{"count":1,"href":"https:\/\/vocesparalelas.com.ar\/sitio\/wp-json\/wp\/v2\/posts\/44314\/revisions"}],"predecessor-version":[{"id":44317,"href":"https:\/\/vocesparalelas.com.ar\/sitio\/wp-json\/wp\/v2\/posts\/44314\/revisions\/44317"}],"wp:featuredmedia":[{"embeddable":true,"href":"https:\/\/vocesparalelas.com.ar\/sitio\/wp-json\/wp\/v2\/media\/44316"}],"wp:attachment":[{"href":"https:\/\/vocesparalelas.com.ar\/sitio\/wp-json\/wp\/v2\/media?parent=44314"}],"wp:term":[{"taxonomy":"category","embeddable":true,"href":"https:\/\/vocesparalelas.com.ar\/sitio\/wp-json\/wp\/v2\/categories?post=44314"},{"taxonomy":"post_tag","embeddable":true,"href":"https:\/\/vocesparalelas.com.ar\/sitio\/wp-json\/wp\/v2\/tags?post=44314"}],"curies":[{"name":"wp","href":"https:\/\/api.w.org\/{rel}","templated":true}]}}