{"id":44282,"date":"2021-11-24T20:18:18","date_gmt":"2021-11-24T23:18:18","guid":{"rendered":"https:\/\/vocesparalelas.com.ar\/sitio\/?p=44282"},"modified":"2021-11-24T20:18:18","modified_gmt":"2021-11-24T23:18:18","slug":"se-suspenden-actividades-educativas-turno-vespertino-y-nocturno-en-san-juan","status":"publish","type":"post","link":"https:\/\/vocesparalelas.com.ar\/sitio\/se-suspenden-actividades-educativas-turno-vespertino-y-nocturno-en-san-juan\/","title":{"rendered":"Se suspenden actividades educativas turno vespertino y nocturno en San Juan"},"content":{"rendered":"<p>Debido al intenso viento que afecta la provincia de San Juan, el Ministerio de Educaci\u00f3n determin\u00f3 suspender la actividad en el turno vespertino y nocturno.<\/p>\n<p>Las fuertes r\u00e1fagas causaron ca\u00edda de ramas de \u00e1rboles y corte de cables de energ\u00eda que afectan el suministro de electricidad en establecimientos escolares.<\/p>\n<p>La actividad escolar se reanuda normalmente el Jueves, 25 de Noviembre, en todos los turnos.<\/p>\n","protected":false},"excerpt":{"rendered":"<p>Debido al intenso viento que afecta la provincia de San Juan, el Ministerio de Educaci\u00f3n determin\u00f3 suspender la actividad en<\/p>\n","protected":false},"author":3,"featured_media":28629,"comment_status":"closed","ping_status":"closed","sticky":false,"template":"","format":"standard","meta":{"_acf_changed":false,"_seopress_robots_primary_cat":"none","_seopress_titles_title":"","_seopress_titles_desc":"","_seopress_robots_index":"","colormag_page_container_layout":"default_layout","colormag_page_sidebar_layout":"default_layout","footnotes":""},"categories":[1],"tags":[],"class_list":["post-44282","post","type-post","status-publish","format-standard","has-post-thumbnail","hentry","category-destacadas"],"acf":[],"_links":{"self":[{"href":"https:\/\/vocesparalelas.com.ar\/sitio\/wp-json\/wp\/v2\/posts\/44282","targetHints":{"allow":["GET"]}}],"collection":[{"href":"https:\/\/vocesparalelas.com.ar\/sitio\/wp-json\/wp\/v2\/posts"}],"about":[{"href":"https:\/\/vocesparalelas.com.ar\/sitio\/wp-json\/wp\/v2\/types\/post"}],"author":[{"embeddable":true,"href":"https:\/\/vocesparalelas.com.ar\/sitio\/wp-json\/wp\/v2\/users\/3"}],"replies":[{"embeddable":true,"href":"https:\/\/vocesparalelas.com.ar\/sitio\/wp-json\/wp\/v2\/comments?post=44282"}],"version-history":[{"count":1,"href":"https:\/\/vocesparalelas.com.ar\/sitio\/wp-json\/wp\/v2\/posts\/44282\/revisions"}],"predecessor-version":[{"id":44284,"href":"https:\/\/vocesparalelas.com.ar\/sitio\/wp-json\/wp\/v2\/posts\/44282\/revisions\/44284"}],"wp:featuredmedia":[{"embeddable":true,"href":"https:\/\/vocesparalelas.com.ar\/sitio\/wp-json\/wp\/v2\/media\/28629"}],"wp:attachment":[{"href":"https:\/\/vocesparalelas.com.ar\/sitio\/wp-json\/wp\/v2\/media?parent=44282"}],"wp:term":[{"taxonomy":"category","embeddable":true,"href":"https:\/\/vocesparalelas.com.ar\/sitio\/wp-json\/wp\/v2\/categories?post=44282"},{"taxonomy":"post_tag","embeddable":true,"href":"https:\/\/vocesparalelas.com.ar\/sitio\/wp-json\/wp\/v2\/tags?post=44282"}],"curies":[{"name":"wp","href":"https:\/\/api.w.org\/{rel}","templated":true}]}}