{"id":44235,"date":"2021-11-23T21:33:47","date_gmt":"2021-11-24T00:33:47","guid":{"rendered":"https:\/\/vocesparalelas.com.ar\/sitio\/?p=44235"},"modified":"2021-11-23T21:33:47","modified_gmt":"2021-11-24T00:33:47","slug":"autoridades-de-la-camara-argentina-de-la-construccion-delegacion-san-juan-se-reunio-con-el-gobernador-dr-sergio-unac","status":"publish","type":"post","link":"https:\/\/vocesparalelas.com.ar\/sitio\/autoridades-de-la-camara-argentina-de-la-construccion-delegacion-san-juan-se-reunio-con-el-gobernador-dr-sergio-unac\/","title":{"rendered":"Autoridades de la C\u00e1mara Argentina de la Construcci\u00f3n Delegaci\u00f3n San Juan se reuni\u00f3 con el Gobernador, Dr. Sergio U\u00f1ac"},"content":{"rendered":"<p>El Martes, 23 de Noviembre, el gobernador de San Juan, Dr. Sergio U\u00f1ac recibi\u00f3 al presidente de la C\u00e1mara Argentina de la Construcci\u00f3n delegaci\u00f3n San Juan, Dr. Juli\u00e1n Rins.<\/p>\n<p>Durante el encuentro, Rins present\u00f3 a las nuevas autoridades de la c\u00e1mara que lo acompa\u00f1ar\u00e1n tras la elecci\u00f3n realizada hace un mes. Como vicepresidente primero de la c\u00e1mara continuar\u00e1, Ing. Ante Dumandzic; vicepresidente segundo, Ing. Carlos Villalonga; vicepresidente tercero, Ing. Cesar Borrego; tesorero, Ing. Gabriel Bilbao y el secretario, Dr. Santiago Olgu\u00edn.<\/p>\n<p>Tras la reuni\u00f3n, el empresario explic\u00f3 que realizaron un repaso del 2021, e indic\u00f3 que \u00abse trat\u00f3 de un a\u00f1o positivo para el sector, ya que el Gobierno provincial tom\u00f3 a la obra p\u00fablica como una de las herramientas para incentivar y para que la econom\u00eda vuelva a crecer en el marco de la pandemia\u00bb.<\/p>\n<p>En ese sentido, afirm\u00f3 que la CAMARCO delegaci\u00f3n San Juan, buscar\u00e1n que el sector de la construcci\u00f3n haga crecer la obra privada y destac\u00f3 el proyecto minero Josemar\u00eda.<\/p>\n<p>\u00abSe abre una oportunidad enorme para la provincia y para diversos sectores de la industria y la construcci\u00f3n. Las empresas podr\u00e1n crecer y fortalecerse en un futuro\u00bb,\u00a0asegur\u00f3 Rins.<\/p>\n<p>Luego, puso en valor el crecimiento de la construcci\u00f3n en San Juan al indicar que \u00abson 10 mil aproximadamente los trabajadores del sector en la provincia, puestos de trabaja que crecieron de manera ininterrumpida en el \u00faltimo a\u00f1o\u00bb.<\/p>\n<p>Sobre el final, Rins augur\u00f3 un 2022 \u00abprometedor ya que San Juan realizar\u00e1 una fuerte inversi\u00f3n en obras de saneamientos, hospitales, viviendas y obras viales, entre otras\u00bb.<\/p>\n<p><iframe loading=\"lazy\" title=\"U\u00f1ac se reuni\u00f3 con autoridades de la C\u00e1mara Argentina de la Construcci\u00f3n Delegaci\u00f3n San Juan\" width=\"800\" height=\"450\" src=\"https:\/\/www.youtube.com\/embed\/xRL47Vaty-s?feature=oembed\" frameborder=\"0\" allow=\"accelerometer; autoplay; clipboard-write; encrypted-media; gyroscope; picture-in-picture\" allowfullscreen><\/iframe><\/p>\n<p>&nbsp;<\/p>\n","protected":false},"excerpt":{"rendered":"<p>El Martes, 23 de Noviembre, el gobernador de San Juan, Dr. Sergio U\u00f1ac recibi\u00f3 al presidente de la C\u00e1mara Argentina<\/p>\n","protected":false},"author":3,"featured_media":44237,"comment_status":"closed","ping_status":"closed","sticky":false,"template":"","format":"video","meta":{"_acf_changed":false,"_seopress_robots_primary_cat":"none","_seopress_titles_title":"","_seopress_titles_desc":"","_seopress_robots_index":"","colormag_page_container_layout":"default_layout","colormag_page_sidebar_layout":"default_layout","footnotes":""},"categories":[1,7],"tags":[],"class_list":["post-44235","post","type-post","status-publish","format-video","has-post-thumbnail","hentry","category-destacadas","category-videos","post_format-post-format-video"],"acf":[],"_links":{"self":[{"href":"https:\/\/vocesparalelas.com.ar\/sitio\/wp-json\/wp\/v2\/posts\/44235","targetHints":{"allow":["GET"]}}],"collection":[{"href":"https:\/\/vocesparalelas.com.ar\/sitio\/wp-json\/wp\/v2\/posts"}],"about":[{"href":"https:\/\/vocesparalelas.com.ar\/sitio\/wp-json\/wp\/v2\/types\/post"}],"author":[{"embeddable":true,"href":"https:\/\/vocesparalelas.com.ar\/sitio\/wp-json\/wp\/v2\/users\/3"}],"replies":[{"embeddable":true,"href":"https:\/\/vocesparalelas.com.ar\/sitio\/wp-json\/wp\/v2\/comments?post=44235"}],"version-history":[{"count":1,"href":"https:\/\/vocesparalelas.com.ar\/sitio\/wp-json\/wp\/v2\/posts\/44235\/revisions"}],"predecessor-version":[{"id":44238,"href":"https:\/\/vocesparalelas.com.ar\/sitio\/wp-json\/wp\/v2\/posts\/44235\/revisions\/44238"}],"wp:featuredmedia":[{"embeddable":true,"href":"https:\/\/vocesparalelas.com.ar\/sitio\/wp-json\/wp\/v2\/media\/44237"}],"wp:attachment":[{"href":"https:\/\/vocesparalelas.com.ar\/sitio\/wp-json\/wp\/v2\/media?parent=44235"}],"wp:term":[{"taxonomy":"category","embeddable":true,"href":"https:\/\/vocesparalelas.com.ar\/sitio\/wp-json\/wp\/v2\/categories?post=44235"},{"taxonomy":"post_tag","embeddable":true,"href":"https:\/\/vocesparalelas.com.ar\/sitio\/wp-json\/wp\/v2\/tags?post=44235"}],"curies":[{"name":"wp","href":"https:\/\/api.w.org\/{rel}","templated":true}]}}