{"id":44201,"date":"2021-11-22T20:38:09","date_gmt":"2021-11-22T23:38:09","guid":{"rendered":"https:\/\/vocesparalelas.com.ar\/sitio\/?p=44201"},"modified":"2021-11-24T01:21:50","modified_gmt":"2021-11-24T04:21:50","slug":"comienza-la-aplicacion-del-refuerzo-a-los-mayores-de-60-anos-contra-el-covid-19-en-san-juan","status":"publish","type":"post","link":"https:\/\/vocesparalelas.com.ar\/sitio\/comienza-la-aplicacion-del-refuerzo-a-los-mayores-de-60-anos-contra-el-covid-19-en-san-juan\/","title":{"rendered":"Comienza la aplicaci\u00f3n del refuerzo a los mayores de 60 a\u00f1os contra el COVID-19 en San Juan"},"content":{"rendered":"<p>El Ministerio de Salud P\u00fablica del Gobierno de San Juan, a trav\u00e9s del Programa Provincial de Inmunizaciones, informa que a partir del Martes, 23 de Noviembre comienza la aplicaci\u00f3n del refuerzo de la vacuna contra el COVID-19 para los mayores de 60 a\u00f1os.<\/p>\n<p>Las personas mayores de 60 a\u00f1os reciben un SMS del 40340 con el d\u00eda y lugar de colocaci\u00f3n de la dosis.<\/p>\n<p><span style=\"color: #ff0000;\"><strong>Requisitos:<\/strong><\/span><\/p>\n<ul>\n<li>Llevar DNI<\/li>\n<li>Constancia del turno<\/li>\n<li>Carnet de Vacunaci\u00f3n<\/li>\n<\/ul>\n","protected":false},"excerpt":{"rendered":"<p>El Ministerio de Salud P\u00fablica del Gobierno de San Juan, a trav\u00e9s del Programa Provincial de Inmunizaciones, informa que a<\/p>\n","protected":false},"author":3,"featured_media":36768,"comment_status":"closed","ping_status":"closed","sticky":false,"template":"","format":"standard","meta":{"_acf_changed":false,"_seopress_robots_primary_cat":"none","_seopress_titles_title":"","_seopress_titles_desc":"","_seopress_robots_index":"","colormag_page_container_layout":"default_layout","colormag_page_sidebar_layout":"default_layout","footnotes":""},"categories":[6],"tags":[],"class_list":["post-44201","post","type-post","status-publish","format-standard","has-post-thumbnail","hentry","category-eventos"],"acf":[],"_links":{"self":[{"href":"https:\/\/vocesparalelas.com.ar\/sitio\/wp-json\/wp\/v2\/posts\/44201","targetHints":{"allow":["GET"]}}],"collection":[{"href":"https:\/\/vocesparalelas.com.ar\/sitio\/wp-json\/wp\/v2\/posts"}],"about":[{"href":"https:\/\/vocesparalelas.com.ar\/sitio\/wp-json\/wp\/v2\/types\/post"}],"author":[{"embeddable":true,"href":"https:\/\/vocesparalelas.com.ar\/sitio\/wp-json\/wp\/v2\/users\/3"}],"replies":[{"embeddable":true,"href":"https:\/\/vocesparalelas.com.ar\/sitio\/wp-json\/wp\/v2\/comments?post=44201"}],"version-history":[{"count":1,"href":"https:\/\/vocesparalelas.com.ar\/sitio\/wp-json\/wp\/v2\/posts\/44201\/revisions"}],"predecessor-version":[{"id":44203,"href":"https:\/\/vocesparalelas.com.ar\/sitio\/wp-json\/wp\/v2\/posts\/44201\/revisions\/44203"}],"wp:featuredmedia":[{"embeddable":true,"href":"https:\/\/vocesparalelas.com.ar\/sitio\/wp-json\/wp\/v2\/media\/36768"}],"wp:attachment":[{"href":"https:\/\/vocesparalelas.com.ar\/sitio\/wp-json\/wp\/v2\/media?parent=44201"}],"wp:term":[{"taxonomy":"category","embeddable":true,"href":"https:\/\/vocesparalelas.com.ar\/sitio\/wp-json\/wp\/v2\/categories?post=44201"},{"taxonomy":"post_tag","embeddable":true,"href":"https:\/\/vocesparalelas.com.ar\/sitio\/wp-json\/wp\/v2\/tags?post=44201"}],"curies":[{"name":"wp","href":"https:\/\/api.w.org\/{rel}","templated":true}]}}