{"id":44193,"date":"2021-11-14T09:08:24","date_gmt":"2021-11-14T12:08:24","guid":{"rendered":"https:\/\/vocesparalelas.com.ar\/sitio\/?p=44193"},"modified":"2021-11-22T09:08:50","modified_gmt":"2021-11-22T12:08:50","slug":"hacia-la-modificacion-del-estatuto-de-adicus","status":"publish","type":"post","link":"https:\/\/vocesparalelas.com.ar\/sitio\/hacia-la-modificacion-del-estatuto-de-adicus\/","title":{"rendered":"Hacia la modificaci\u00f3n del Estatuto de ADICUS"},"content":{"rendered":"<p>En el marco de la Convocatoria a la Asamblea General Extraordinaria de ADICUS, que tiene por objeto la discusi\u00f3n y aprobaci\u00f3n de la modificaci\u00f3n del Estatuto del gremio.<\/p>\n<p>Ponen a disposici\u00f3n de los afiliados tanto la fundamentaci\u00f3n de la propuesta como las modificaciones que se est\u00e1n promoviendo desde la Comisi\u00f3n Directiva del Gremio.<\/p>\n<p>Desde el a\u00f1o 2016, la Asociaci\u00f3n de Docentes, Investigadores y Creadores de la Universidad Nacional de San Juan ha comenzado a transitar un camino de profundos cambios y actualizaciones en lo que se refiere a actividades, funciones, colaboraciones, tendido de redes institucionales, capacitaci\u00f3n y relaciones con la comunidad.<\/p>\n<p>Tanto la pandemia por COVID-19 como otras circunstancias coyunturales en las que est\u00e1 inmerso el pa\u00eds y el mundo, hicieron necesario que ADICUS, en conjunto con otras instituciones sindicales, organizaciones sociales y Partidos Pol\u00edticos, colaborara para asistir tanto a afiliadas y afiliados, como a personas, que necesitaron ayuda. Siempre en estrecha vinculaci\u00f3n con las y los afiliados.<\/p>\n<p>M\u00e1s tarde, el terremoto de enero de 2021 en San Juan, volvi\u00f3 a poner de manifiesto que todav\u00eda hay muchas necesidades y personas por ayudar. Otra vez, en conjunto con afiliados, se organiz\u00f3 r\u00e1pidamente la ayuda para los damnificados.<\/p>\n<p>Estas circunstancias especiales evidenciaron el esp\u00edritu solidario de ADICUS y de quienes lo integran, como as\u00ed tambi\u00e9n la capacidad de nuestro Gremio de tender redes institucionales, y la conciencia social que nos anima.<\/p>\n<p>Muchas otras acciones que se implementaron, pusieron tambi\u00e9n a ADICUS a la vanguardia de un sindicato moderno y \u00e1gil, comprometido con la realidad en la que est\u00e1 inmerso.<\/p>\n<p>Dos emprendimientos habitacionales, ampliaci\u00f3n y actualizaci\u00f3n anual del sistema de subsidios, mejora de las instalaciones, habilitaci\u00f3n por la Direcci\u00f3n de Planeamiento Urbano de la Provincia de las instalaciones, ampliaci\u00f3n y actualizaci\u00f3n del sistema de pr\u00e9stamos, ampliaci\u00f3n de los servicios profesionales a los y las afiliadas, tres revistas de divulgaci\u00f3n cient\u00edfica indexadas, un crecimiento sostenido de la cantidad de afiliaciones, una plataforma on-line para capacitaci\u00f3n sindical y perfeccionamiento docente, un programa de radio, las cuentas en orden con Memoria y Balances al d\u00eda, la creaci\u00f3n de las direcciones de G\u00e9neros y Diversidad y de Asuntos Pre-Universitarios, y del \u00e1rea de jubilados y jubiladas, la primera elecci\u00f3n de delegados y delegadas por unidad de trabajo; y por supuesto, el logro m\u00e1s trascendental de haber puesto en la Agenda Universitaria y haber logrado, la Carrera Docente y la implementaci\u00f3n del Art. 73 del Convenio Colectivo de Trabajo para trabajadoras y trabajadores de Universidades Nacionales, lo cual significa ingreso y permanencia ordenados, estabilidad para docentes y sus familias, adem\u00e1s de la ciudadan\u00eda plena.<\/p>\n<p>Como Comisi\u00f3n Directiva de ADICUS, sabe que se hizo mucho, y sabe que queda mucho m\u00e1s por hacer, es por eso que sostienen que estos cambios deben tener un perfil institucional y ser incluidos en el Estatuto.<\/p>\n<p>Por ello, la Comisi\u00f3n Directiva, dirigida por el Prof. Jaime Barcelona, consciente de la necesidad de modernizaci\u00f3n estatutaria, y haciendo uso de lo que manda el actual art\u00edculo 20\u00b0 inc. C, que establece que las asambleas tienen como misi\u00f3n la reforma de los estatutos, propone las siguientes incorporaciones:<\/p>\n<p>Incorporaci\u00f3n de Escuelas creadas y\/o que se creen en un futuro, es decir con visi\u00f3n de futuro<\/p>\n<p>Ampliaci\u00f3n de los principios que gu\u00edan la actividad gremial.<\/p>\n<p>Respecto de los objetivos tambi\u00e9n se propone la ampliaci\u00f3n hacia la defensa de la universidad p\u00fablica, la incorporaci\u00f3n de las minor\u00edas, la carrera docente, capacitaci\u00f3n docente e higiene y seguridad laboral.<\/p>\n<p>En cuanto a la afiliaci\u00f3n modalidad, jubilados jubiladas, y los requisitos de desafiliaci\u00f3n, se incorporan nuevos mecanismos.<\/p>\n<p>La reforma m\u00e1s importante es sobre la integraci\u00f3n de la Comisi\u00f3n Directiva, se incorporan diversas secretarias en funci\u00f3n de los tiempos y cambios socio-hist\u00f3ricos y pol\u00edticos. En ese sentido hemos incorporado secretar\u00edas y funciones para darle institucionalidad a las direcciones ya creadas, y la figura del prosecretario\/a.<\/p>\n<p>Paridad de g\u00e9nero para los cargos de la Comisi\u00f3n Directiva.<\/p>\n<p>El requerimiento de tener capacitaci\u00f3n en g\u00e9nero y prevenci\u00f3n de la violencia de g\u00e9nero para poder ser considerado representante de los y las afiliadas.<\/p>\n<p>La regulaci\u00f3n de la cantidad de reuniones mensuales, y la posibilidad de hacerlas on-line, o por la v\u00eda que la Comisi\u00f3n determine en el marco de la legalidad que rige por la ley de asociaciones sindicales y lo que establezca tambi\u00e9n el Ministerio de Trabajo, en tiempos de anormalidad.<\/p>\n<p>En el Art. 56 se modifica los plazos para poder reformar el estatuto.<\/p>\n<p>La ampliaci\u00f3n del mandato de delegadas y delegados por unidad de trabajo.<\/p>\n<p>Y todo aquel cambio, incorporaci\u00f3n y\/o mejora que se proponga en la correspondiente Asamblea extraordinaria de reforma y que los y las afiliadas consideren prioritario.<\/p>\n<p>A continuaci\u00f3n, dejamos en formato PDF tanto la propuesta de modificaci\u00f3n del Estatuto como la Fundamentaci\u00f3n de dicha propuesta.<\/p>\n<p>Se espera, el 15 de noviembre, a las 17 horas, en el Sal\u00f3n de Actos de la Facultad de Ciencias Sociales para que, entre todos se decida las modificaciones del Estatuto para seguir construyendo un Gremio moderno y \u00e1gil.<\/p>\n","protected":false},"excerpt":{"rendered":"<p>En el marco de la Convocatoria a la Asamblea General Extraordinaria de ADICUS, que tiene por objeto la discusi\u00f3n y<\/p>\n","protected":false},"author":3,"featured_media":11913,"comment_status":"closed","ping_status":"closed","sticky":false,"template":"","format":"standard","meta":{"_acf_changed":false,"_seopress_robots_primary_cat":"none","_seopress_titles_title":"","_seopress_titles_desc":"","_seopress_robots_index":"","colormag_page_container_layout":"default_layout","colormag_page_sidebar_layout":"default_layout","footnotes":""},"categories":[2],"tags":[],"class_list":["post-44193","post","type-post","status-publish","format-standard","has-post-thumbnail","hentry","category-convocatorias"],"acf":[],"_links":{"self":[{"href":"https:\/\/vocesparalelas.com.ar\/sitio\/wp-json\/wp\/v2\/posts\/44193","targetHints":{"allow":["GET"]}}],"collection":[{"href":"https:\/\/vocesparalelas.com.ar\/sitio\/wp-json\/wp\/v2\/posts"}],"about":[{"href":"https:\/\/vocesparalelas.com.ar\/sitio\/wp-json\/wp\/v2\/types\/post"}],"author":[{"embeddable":true,"href":"https:\/\/vocesparalelas.com.ar\/sitio\/wp-json\/wp\/v2\/users\/3"}],"replies":[{"embeddable":true,"href":"https:\/\/vocesparalelas.com.ar\/sitio\/wp-json\/wp\/v2\/comments?post=44193"}],"version-history":[{"count":1,"href":"https:\/\/vocesparalelas.com.ar\/sitio\/wp-json\/wp\/v2\/posts\/44193\/revisions"}],"predecessor-version":[{"id":44195,"href":"https:\/\/vocesparalelas.com.ar\/sitio\/wp-json\/wp\/v2\/posts\/44193\/revisions\/44195"}],"wp:featuredmedia":[{"embeddable":true,"href":"https:\/\/vocesparalelas.com.ar\/sitio\/wp-json\/wp\/v2\/media\/11913"}],"wp:attachment":[{"href":"https:\/\/vocesparalelas.com.ar\/sitio\/wp-json\/wp\/v2\/media?parent=44193"}],"wp:term":[{"taxonomy":"category","embeddable":true,"href":"https:\/\/vocesparalelas.com.ar\/sitio\/wp-json\/wp\/v2\/categories?post=44193"},{"taxonomy":"post_tag","embeddable":true,"href":"https:\/\/vocesparalelas.com.ar\/sitio\/wp-json\/wp\/v2\/tags?post=44193"}],"curies":[{"name":"wp","href":"https:\/\/api.w.org\/{rel}","templated":true}]}}